{"id":28880,"date":"2023-01-31T13:41:03","date_gmt":"2023-01-31T13:41:03","guid":{"rendered":"http:\/\/cordobanewsnet.wordpress.com\/?p=7658"},"modified":"2023-01-31T13:41:03","modified_gmt":"2023-01-31T13:41:03","slug":"copina-encontraron-muerta-a-la-turista-que-cayo-al-rio-de-la-suela","status":"publish","type":"post","link":"http:\/\/nuevacordoba.net\/index.php\/2023\/01\/31\/copina-encontraron-muerta-a-la-turista-que-cayo-al-rio-de-la-suela\/","title":{"rendered":"Copina: encontraron muerta a la turista que cay\u00f3 al r\u00edo De La Suela"},"content":{"rendered":"<div><img src=\"http:\/\/nuevacordoba.net\/wp-content\/uploads\/2023\/01\/copina-encontraron-muerta-a-la-turista-que-cayo-al-rio-de-la-suela.png\" class=\"ff-og-image-inserted\"><\/div>\n<p><strong>Estela Ferreira (45)<\/strong>&nbsp;era buscada intensamente desde la tarde del lunes en el&nbsp;<strong>r\u00edo De la Suela<\/strong>, en la zona de Copina en las Altas Cumbres. En las primeras horas de este martes se confirm\u00f3 lo peor:&nbsp;el cuerpo fue hallado a 150 metros del lugar donde se la vio por \u00faltima vez.&nbsp;<\/p>\n<p>La mujer de barrio Santa Isabel de la ciudad de C\u00f3rdoba se encontraba con su esposo cuando, por causas que se investigan, fue&nbsp;<strong>arrastrada por la creciente<\/strong>. La primera versi\u00f3n indica que&nbsp;<strong>habr\u00eda intentado cruzar el cauce cuando la fuerza del agua se la llev\u00f3<\/strong>.<\/p>\n<p>El esposo alert\u00f3 a la Polic\u00eda y se mont\u00f3 un amplio operativo de b\u00fasqueda encabezado por 60 efectivos, entre ellos, personal de Bomberos Voluntarios, del Departamento de Unidades de Alto Riesgo (Duar) y del Equipo T\u00e9cnico de Acci\u00f3n ante Cat\u00e1strofe (Etac).&nbsp;<\/p>\n<p> <video preload=\"none\" src=\"https:\/\/eldoce.tv\/1d65e2c1-cd9d-4f5e-b110-3ac6fc2c19ff\"><\/video><br \/>La Secretar\u00eda de Gesti\u00f3n de Riesgo de la Provincia hab\u00eda informado el fin de semana que&nbsp;<strong>el r\u00edo De la Suela creci\u00f3 0,80 cent\u00edmetros a ra\u00edz de las intensas lluvias<\/strong>. <\/p>\n<p>Desde el organismo reiteraron el pedido de respetar las indicaciones de carteler\u00eda y del personal en la zona (ba\u00f1eros, Defensa Civil, polic\u00eda, bomberos),&nbsp;evitar acampar&nbsp;cerca de r\u00edos y arroyos, y estar atentos al nivel de los cursos de agua durante y despu\u00e9s de las tormentas.<\/p>\n<p><strong>Recomendaciones<\/strong><\/p>\n<p><strong>* C\u00f3mo reconocer cuando se aproxima la crecida de un r\u00edo:<\/strong>&nbsp;observar si hay nubarrones en las zonas altas, ya que puede ser un indicio de que est\u00e1 lloviendo en las cercan\u00edas.<\/p>\n<p>* Si el agua cambi\u00f3 de<strong>&nbsp;cristalina a oscura<\/strong>, traslada objetos como<strong>&nbsp;ramas y palos<\/strong>, entre otros, o de a poco tapa piedras que antes estaban visibles, todo indica que est\u00e1 llegando el&nbsp;<strong>pico de una creciente<\/strong>.<\/p>\n<p>* El nacimiento de los r\u00edos serranos se produce en las partes altas de las monta\u00f1as. Esto significa que si bien en las zonas donde se encuentra el grueso de los balnearios o paradores el d\u00eda puede estar soleado y agradable, en las cuencas altas es posible que est\u00e9 lloviendo.&nbsp;<\/p>\n<p>* En caso de presentarse una&nbsp;<strong>tormenta repentina<\/strong>, hay que alejarse del agua y de los m\u00e1rgenes, ya que de forma r\u00e1pida e imprevista el r\u00edo puede crecer a causa de la lluvia ca\u00edda o por la apertura de v\u00e1lvulas de diques y embalses.<\/p>\n<p>* No se deben cruzar vados o puentes tapados por la correntada del agua, aunque parezca que puedan atravesarse sin peligro.<\/p>\n<div class=\"wordads-ad-wrapper\">\n<div class=\"wordads-ad\">\n<p>Anuncio publicitario<\/p>\n<p><span onclick=\"javascript:__tcfapi( 'showUi' );\">Ajustes de privacidad<\/span><\/p>\n<\/p><\/div><\/div>\n<div id=\"jp-post-flair\" class=\"sharedaddy sd-like-enabled sd-sharing-enabled\">\n<div class=\"sharedaddy sd-sharing-enabled\">\n<div class=\"robots-nocontent sd-block sd-social sd-social-icon-text sd-sharing\">\n<h3 class=\"sd-title\">Share this:<\/h3>\n<\/div>\n<\/div>\n<div class=\"sharedaddy sd-block sd-like jetpack-likes-widget-wrapper jetpack-likes-widget-unloaded\" id=\"like-post-wrapper-143108178-7658-63d969179e8bc\" data-src=\"\/\/widgets.wp.com\/likes\/index.html?ver=20220105#blog_id=143108178&amp;post_id=7658&amp;origin=cordobanewsnet.wordpress.com&amp;obj_id=143108178-7658-63d969179e8bc\" data-name=\"like-post-frame-143108178-7658-63d969179e8bc\" data-title=\"Me gusta o Compartir\">\n<h3 class=\"sd-title\">Me gusta esto:<\/h3>\n<p><span class=\"button\"><span>Me gusta<\/span><\/span> <span class=\"loading\">Cargando&#8230;<\/span><\/p>\n<p><span class=\"sd-text-color\"><\/span><\/div>\n<p><h3 class=\"jp-relatedposts-headline\"><em>Relacionado<\/em><\/h3>\n<\/p>\n<\/div>\n","protected":false},"excerpt":{"rendered":"<p>Estela Ferreira (45)&nbsp;era buscada intensamente desde la tarde del lunes en el&nbsp;r\u00edo De la Suela, en la zona de Copina en las Altas Cumbres. En las primeras horas de este martes se confirm\u00f3 lo peor:&nbsp;el cuerpo fue hallado a 150 metros del lugar donde se la vio por \u00faltima vez.&nbsp; La mujer de barrio Santa [&hellip;]<\/p>\n","protected":false},"author":1,"featured_media":28881,"comment_status":"closed","ping_status":"closed","sticky":false,"template":"","format":"standard","meta":[],"categories":[14],"tags":[],"_links":{"self":[{"href":"http:\/\/nuevacordoba.net\/index.php\/wp-json\/wp\/v2\/posts\/28880"}],"collection":[{"href":"http:\/\/nuevacordoba.net\/index.php\/wp-json\/wp\/v2\/posts"}],"about":[{"href":"http:\/\/nuevacordoba.net\/index.php\/wp-json\/wp\/v2\/types\/post"}],"author":[{"embeddable":true,"href":"http:\/\/nuevacordoba.net\/index.php\/wp-json\/wp\/v2\/users\/1"}],"replies":[{"embeddable":true,"href":"http:\/\/nuevacordoba.net\/index.php\/wp-json\/wp\/v2\/comments?post=28880"}],"version-history":[{"count":0,"href":"http:\/\/nuevacordoba.net\/index.php\/wp-json\/wp\/v2\/posts\/28880\/revisions"}],"wp:featuredmedia":[{"embeddable":true,"href":"http:\/\/nuevacordoba.net\/index.php\/wp-json\/wp\/v2\/media\/28881"}],"wp:attachment":[{"href":"http:\/\/nuevacordoba.net\/index.php\/wp-json\/wp\/v2\/media?parent=28880"}],"wp:term":[{"taxonomy":"category","embeddable":true,"href":"http:\/\/nuevacordoba.net\/index.php\/wp-json\/wp\/v2\/categories?post=28880"},{"taxonomy":"post_tag","embeddable":true,"href":"http:\/\/nuevacordoba.net\/index.php\/wp-json\/wp\/v2\/tags?post=28880"}],"curies":[{"name":"wp","href":"https:\/\/api.w.org\/{rel}","templated":true}]}}