{"id":28917,"date":"2023-02-01T14:12:27","date_gmt":"2023-02-01T14:12:27","guid":{"rendered":"http:\/\/cordobanewsnet.wordpress.com\/?p=7666"},"modified":"2023-02-01T14:12:27","modified_gmt":"2023-02-01T14:12:27","slug":"se-esperan-tormentas-en-la-bienvenida-de-febrero","status":"publish","type":"post","link":"http:\/\/nuevacordoba.net\/index.php\/2023\/02\/01\/se-esperan-tormentas-en-la-bienvenida-de-febrero\/","title":{"rendered":"Se esperan tormentas en la bienvenida de febrero"},"content":{"rendered":"<p><!-- \/featured-media --> <\/p>\n<div class=\"post-content clear\" readability=\"57.209090909091\">\n<p><strong>\u00a1Arranc\u00f3 febrero!&nbsp;<\/strong>El segundo mes del a\u00f1o inici\u00f3 con&nbsp;<strong>cielo inestable, elevado porcentaje de humedad y muy caluroso<\/strong>. Ser\u00e1 un mi\u00e9rcoles con mayores probabilidades a desarrollo de&nbsp;<strong>tormentas en C\u00f3rdoba<\/strong>.<\/p>\n<p>Seg\u00fan inform\u00f3 el&nbsp;<strong>Servicio Meteorol\u00f3gico Nacional<\/strong>, hay&nbsp;<strong>alerta amarilla<\/strong>. El fen\u00f3meno abarca a gran parte de la provincia. Advierten por&nbsp;<strong>lluvias y tormentas de variada intensidad<\/strong>, pudiendo ser algunas localmente fuertes.<\/p>\n<p>Adem\u00e1s, detallaron que las tormentas podr\u00edan estar acompa\u00f1adas de intensas<strong>&nbsp;r\u00e1fagas de viento, ca\u00edda de granizo y fuerte actividad el\u00e9ctrica<\/strong>.&nbsp;<\/p>\n<p>Respecto a las lluvias, se espera abundante ca\u00edda de agua en cortos per\u00edodos y valores de precipitaci\u00f3n acumulada de entre 25 y 50 mil\u00edmetros.<\/p>\n<p><strong>Pron\u00f3stico extendido<\/strong><\/p>\n<p><strong>*Jueves:<\/strong>&nbsp;tormentas aisladas y chaparrones. M\u00e1xima 30\u00ba. M\u00ednima 17\u00ba.<\/p>\n<p><strong>*Viernes:&nbsp;<\/strong>algo nublado. M\u00e1xima 31\u00ba. M\u00ednima 20\u00ba.<\/p>\n<p><strong>*S\u00e1bado:<\/strong>&nbsp;algo nublado. M\u00e1xima 31\u00ba. M\u00ednima 21\u00ba.<\/p>\n<p><strong>*Domingo:&nbsp;<\/strong>algo nublado. M\u00e1xima 31\u00ba. M\u00ednima 18\u00ba.&nbsp;<\/p>\n<div class=\"wordads-ad-wrapper\">\n<div class=\"wordads-ad\">\n<p>Anuncio publicitario<\/p>\n<p><span onclick=\"javascript:__tcfapi( 'showUi' );\">Ajustes de privacidad<\/span><\/p>\n<\/p><\/div><\/div>\n<div id=\"jp-post-flair\" class=\"sharedaddy sd-like-enabled sd-sharing-enabled\">\n<div class=\"sharedaddy sd-sharing-enabled\">\n<div class=\"robots-nocontent sd-block sd-social sd-social-icon-text sd-sharing\">\n<h3 class=\"sd-title\">Share this:<\/h3>\n<\/div>\n<\/div>\n<div class=\"sharedaddy sd-block sd-like jetpack-likes-widget-wrapper jetpack-likes-widget-unloaded\" id=\"like-post-wrapper-143108178-7666-63db38bd8580a\" data-src=\"\/\/widgets.wp.com\/likes\/index.html?ver=20220105#blog_id=143108178&amp;post_id=7666&amp;origin=cordobanewsnet.wordpress.com&amp;obj_id=143108178-7666-63db38bd8580a\" data-name=\"like-post-frame-143108178-7666-63db38bd8580a\" data-title=\"Me gusta o Compartir\">\n<h3 class=\"sd-title\">Me gusta esto:<\/h3>\n<p><span class=\"button\"><span>Me gusta<\/span><\/span> <span class=\"loading\">Cargando&#8230;<\/span><\/p>\n<p><span class=\"sd-text-color\"><\/span><\/div>\n<p><h3 class=\"jp-relatedposts-headline\"><em>Relacionado<\/em><\/h3>\n<\/p>\n<\/div><\/div>\n<p><!--\/.post-content--> <\/p>\n<footer class=\"post-meta-container clear\" readability=\"0.35449735449735\">\n<div class=\"entry-author author-avatar-show\" readability=\"13.114754098361\">\n<div class=\"author-avatar\"> <img loading=\"lazy\" alt src=\"http:\/\/nuevacordoba.net\/wp-content\/uploads\/2023\/02\/se-esperan-tormentas-en-la-bienvenida-de-febrero.png\" class=\"avatar avatar-90\" height=\"90\" width=\"90\"> <\/div>\n<p><!-- .author-avatar --> <\/p>\n<p><h2 class=\"author-title\">Publicado por <span class=\"author-name\">Redacci\u00f3n<\/span><\/h2>\n<\/p>\n<p><!-- .author-heading --> <\/p>\n<p class=\"author-bio\"> <a class=\"author-link\" href=\"https:\/\/cordobanewsnet.wordpress.com\/author\/prettomatias\/\" rel=\"author\"> Ver todas las entradas de Redacci\u00f3n <\/a> <\/p>\n<p><!-- .author-bio --> <\/div>\n<p><!-- .entry-auhtor --> <\/footer>\n<p> <!-- \/post-meta-container --> <!-- #respond --> <\/p>\n","protected":false},"excerpt":{"rendered":"<p>\u00a1Arranc\u00f3 febrero!&nbsp;El segundo mes del a\u00f1o inici\u00f3 con&nbsp;cielo inestable, elevado porcentaje de humedad y muy caluroso. Ser\u00e1 un mi\u00e9rcoles con mayores probabilidades a desarrollo de&nbsp;tormentas en C\u00f3rdoba. Seg\u00fan inform\u00f3 el&nbsp;Servicio Meteorol\u00f3gico Nacional, hay&nbsp;alerta amarilla. El fen\u00f3meno abarca a gran parte de la provincia. Advierten por&nbsp;lluvias y tormentas de variada intensidad, pudiendo ser algunas localmente fuertes. [&hellip;]<\/p>\n","protected":false},"author":1,"featured_media":28918,"comment_status":"closed","ping_status":"closed","sticky":false,"template":"","format":"standard","meta":[],"categories":[14],"tags":[],"_links":{"self":[{"href":"http:\/\/nuevacordoba.net\/index.php\/wp-json\/wp\/v2\/posts\/28917"}],"collection":[{"href":"http:\/\/nuevacordoba.net\/index.php\/wp-json\/wp\/v2\/posts"}],"about":[{"href":"http:\/\/nuevacordoba.net\/index.php\/wp-json\/wp\/v2\/types\/post"}],"author":[{"embeddable":true,"href":"http:\/\/nuevacordoba.net\/index.php\/wp-json\/wp\/v2\/users\/1"}],"replies":[{"embeddable":true,"href":"http:\/\/nuevacordoba.net\/index.php\/wp-json\/wp\/v2\/comments?post=28917"}],"version-history":[{"count":0,"href":"http:\/\/nuevacordoba.net\/index.php\/wp-json\/wp\/v2\/posts\/28917\/revisions"}],"wp:featuredmedia":[{"embeddable":true,"href":"http:\/\/nuevacordoba.net\/index.php\/wp-json\/wp\/v2\/media\/28918"}],"wp:attachment":[{"href":"http:\/\/nuevacordoba.net\/index.php\/wp-json\/wp\/v2\/media?parent=28917"}],"wp:term":[{"taxonomy":"category","embeddable":true,"href":"http:\/\/nuevacordoba.net\/index.php\/wp-json\/wp\/v2\/categories?post=28917"},{"taxonomy":"post_tag","embeddable":true,"href":"http:\/\/nuevacordoba.net\/index.php\/wp-json\/wp\/v2\/tags?post=28917"}],"curies":[{"name":"wp","href":"https:\/\/api.w.org\/{rel}","templated":true}]}}