{"id":28947,"date":"2023-02-03T05:16:19","date_gmt":"2023-02-03T05:16:19","guid":{"rendered":"http:\/\/nuevacordoba.net\/index.php\/2023\/02\/03\/muchachos-nos-volvimos-a-ilusionar-messi-piensa-en-la-chance-de-jugar-el-mundial-2026\/"},"modified":"2023-02-03T05:16:19","modified_gmt":"2023-02-03T05:16:19","slug":"muchachos-nos-volvimos-a-ilusionar-messi-piensa-en-la-chance-de-jugar-el-mundial-2026","status":"publish","type":"post","link":"http:\/\/nuevacordoba.net\/index.php\/2023\/02\/03\/muchachos-nos-volvimos-a-ilusionar-messi-piensa-en-la-chance-de-jugar-el-mundial-2026\/","title":{"rendered":"Muchachos, nos volvimos a ilusionar: Messi piensa en la chance de jugar el Mundial 2026"},"content":{"rendered":"<figure class=\"mb-3\"><img loading=\"lazy\" src=\"http:\/\/nuevacordoba.net\/wp-content\/uploads\/2023\/02\/muchachos-nos-volvimos-a-ilusionar-messi-piensa-en-la-chance-de-jugar-el-mundial-2026.jpg\" width=\"100%\" height=\"100%\" alt=\"Messi mira de reojo la prxima Copa del Mundo 2026 Foto Maximiliano Luna \"><figcaption> Messi mira de reojo la pr\u00f3xima Copa del Mundo 2026. Foto: Maximiliano Luna <\/figcaption><\/figure>\n<p>El astro argentino Lionel Messi dej\u00f3 la puerta abierta para estar en la Selecci\u00f3n en el Mundial 2026, aunque reconoci\u00f3 que \u00abparece dif\u00edcil, por la edad, por lo f\u00edsico\u00bb y se\u00f1al\u00f3 que el plantel tuvo un \u00abcomportamiento ejemplar\u00bb en la conquista ecum\u00e9nica en Qatar 2022.<\/p>\n<p>Messi se sincer\u00f3 respecto al Mundial 2026 al indicar: \u00abNo s\u00e9 si voy a estar, siempre dije que por edad me parece dif\u00edcil que llegue, amo lo que hago y mientras est\u00e9 bien y siga disfrutando\u2026 pero me parece mucho hasta el Mundial que viene\u00bb.<\/p>\n<p>\u00abDejo la puerta abierta, pero por edad y tiempo me parece que es dif\u00edcil, depende de c\u00f3mo vaya mi carrera, voy a ver para d\u00f3nde va mi carrera\u00bb, agreg\u00f3 el rosarino.<\/p>\n<p>Sobre la diferenciaci\u00f3n que se realiza sobre su festejo en los partidos del Mundial y el comportamiento del resto del plantel, \u00abLio\u00bb en una entrevista en Par\u00eds a la web y al twitch del diario Ol\u00e9, apunt\u00f3: \u00abMe parece injusto la idea de que la Argentina no festejo bien, tuvimos un comportamiento ejemplar, dentro y fuera de la cancha\u00bb.<\/p>\n<figure class=\"mb-3\"><img loading=\"lazy\" src=\"http:\/\/nuevacordoba.net\/wp-content\/uploads\/2023\/02\/muchachos-nos-volvimos-a-ilusionar-messi-piensa-en-la-chance-de-jugar-el-mundial-2026-1.jpg\" width=\"100%\" height=\"100%\" alt=\"Messi y un partido con miles de condimentos ante Pases Bajos Foto Maximiliano Luna \"><figcaption> Messi y un partido con miles de condimentos ante Pa\u00edses Bajos | Foto: Maximiliano Luna <\/figcaption><\/figure>\n<p>\u00abNosotros tuvimos mucho fair play. Nadie dice lo que paso con Holanda (Pa\u00edses Bajos), de lo que ellos dijeron antes del partido, ellos no tuvieron fair play, nos apuraban, nos gritaban, increpaban, nos dec\u00edan de todo durante todo el partido, los jugadores nos dec\u00edan cosas cuando \u00edbamos a patear los penales. Los que hablan tienen que ver toda la pel\u00edcula\u00bb, a\u00f1adi\u00f3.<\/p>\n<p>Antes del partido con Holanda, \u00able\u00ed lo que dijo el DT (Louis) Van Gaal y me molest\u00f3, porque nunca le falto el respeto a nadie, yo habl\u00e9 con mucho respeto de \u00e9l. No me gust\u00f3 lo que hizo y por eso sali\u00f3 el Topo Gigio, fue sin pensarlo\u00bb, asegur\u00f3 el jugador del Paris Saint Germain.<\/p>\n<p>Sobre<strong> la frase \u00abanda pa&#8217; all\u00e1, bobo\u00bb,<\/strong> dirigida a un futbolista holand\u00e9s, Messi relat\u00f3: \u00abHoy despu\u00e9s de todo lo que paso, no me gusta verme de esa, y no me gusta que se haga viral. Fue una reacci\u00f3n sin pensar, fue un momento en caliente\u00bb.<\/p>\n<p>\u00abS\u00e9 que esa frase la usan todos en Argentina, que hay memes, stickers, tatuajes y remeras, hasta mis hijos me gastan con esa frase cuando les digo algo que no les gusta. Pero no me gusta verme retratado as\u00ed\u00bb, agreg\u00f3.<\/p>\n<p><strong>\u00abLeo\u00bb, pendiente de la renovaci\u00f3n de Scaloni<\/strong><br \/>Respecto de la renovaci\u00f3n del contrato de Lionel Scaloni, Messi dijo estar \u00abpendiente\u00bb del tema y que desea que \u00abfirme y siga\u00bb, aunque reconoci\u00f3 que \u00absea cual sea su decisi\u00f3n, ser\u00e1 entendible para m\u00ed\u00bb.<\/p>\n<figure class=\"mb-3\"><img loading=\"lazy\" src=\"http:\/\/nuevacordoba.net\/wp-content\/uploads\/2023\/02\/muchachos-nos-volvimos-a-ilusionar-messi-piensa-en-la-chance-de-jugar-el-mundial-2026-2.jpg\" width=\"100%\" height=\"100%\" alt=\"El capitn argentino est pendiente de la renovacin de Lionel Scaloni como DT Foto Maximiliano Luna \"><figcaption> El capit\u00e1n argentino est\u00e1 pendiente de la renovaci\u00f3n de Lionel Scaloni como DT. Foto: Maximiliano Luna <\/figcaption><\/figure>\n<p>\u00abScaloni debe sopesar muchas cosas, es un hombre familiero y eso debe pesar, porque tengo claro que, si en la pr\u00f3xima Copa Am\u00e9rica nos va mal, nos van a empezar a pegar de nuevo, le van a pegar a \u00e9l. Le dije a Tapia que quiero que Scaloni siga y se lo dije a Scaloni, pero hay muchas cuestiones humanas que tiene que poner en la balanza\u00bb, indic\u00f3.<\/p>\n<p>El rosarino se\u00f1al\u00f3 que el entrenador \u00abes una persona muy importante para la selecci\u00f3n y para este grupo que est\u00e1 creciendo con \u00e9l, es un grupo joven y lo bueno es seguir con \u00e9l\u00bb.<\/p>\n<p>Sobre el DT, destac\u00f3 que lo marc\u00f3 \u00aba la hora de preparar los partidos. Prepara muy bien los partidos, siempre \u00e9ramos protagonistas, pero el cuerpo t\u00e9cnico siempre aportaba un peque\u00f1o matiz para que presionemos mejor y podamos tener r\u00e1pidamente la pelota. \u00c9ramos dif\u00edcil para hacernos da\u00f1o cuando no ten\u00edamos la pelota. Prepar\u00f3 cada partido de manera fenomenal, sab\u00edamos qu\u00e9 ten\u00edamos que hacer con y sin pelota\u00bb.<\/p>\n<p>En cuanto a la obtenci\u00f3n del Mundial, Messi se sincer\u00f3: \u00abDese\u00e9 much\u00edsimo ese momento, despu\u00e9s de tanto tiempo en la selecci\u00f3n, de haber estado tan cerquita tambi\u00e9n en el 2014, sin poder hacer lo que hice en esta \u00faltima, hubo mucho sacrificio, mucha derrota, muchos momentos duros que me toco pasar\u00bb.<\/p>\n<p>\u00abNo s\u00e9 por qu\u00e9 toda la gente quer\u00eda que fuera campe\u00f3n, creo que porque la gente vio todo lo que pele\u00e9 para intentar conseguir ese objetivo, porque a la gente le pareci\u00f3 injusto lo que ya hab\u00eda vivido con la selecci\u00f3n, de mucho reclamo, de mucho periodista mat\u00e1ndome feo, hubo gente que me quiere y que vio lo que intente dar\u00bb, continu\u00f3 la \u00abPulga\u00bb.<\/p>\n<figure class=\"mb-3\"><img loading=\"lazy\" src=\"http:\/\/nuevacordoba.net\/wp-content\/uploads\/2023\/02\/muchachos-nos-volvimos-a-ilusionar-messi-piensa-en-la-chance-de-jugar-el-mundial-2026-3.jpg\" width=\"100%\" height=\"100%\" alt=\"Messi pudo cambiar la imagen de una foto que forma parte de una exitosa carrera Foto AFP\"><figcaption> Messi pudo cambiar la imagen de una foto que forma parte de una exitosa carrera. Foto: AFP <\/figcaption><\/figure>\n<p>En este punto se\u00f1al\u00f3 que \u00abfue incre\u00edble todo el Mundial, m\u00e1s all\u00e1 de lo personal. C\u00f3mo lo viv\u00ed y c\u00f3mo lo disfrut\u00e9, las cosas se iban dando sin querer. Dec\u00edamos con mi familia, que ten\u00eda que ser as\u00ed, que era el final de una pel\u00edcula que ten\u00eda que terminar con un final feliz. Estaba seguro que Dios me iba regalar un mundial, lo sent\u00eda muy fuerte y el momento que eligi\u00f3 fue el mejor, no hubiese elegido otro, terminar as\u00ed es grandioso\u00bb.<\/p>\n<p>Ganar el Mundial \u00abes lo que busqu\u00e9 toda mi carrera, era lo que me faltaba y lo m\u00e1ximo que alguien desea. Era como cerrar todo, poder terminar todo, poder decir que gane todo en mi carrera, es una locura\u00bb.<\/p>\n<p>Respecto de c\u00f3mo manej\u00f3 los nervios en los partidos, Messi admiti\u00f3 que estuvo \u00abmuy tranquilo en la final\u00bb.<\/p>\n<p>\u00abNo s\u00e9 porque, pero sent\u00eda que \u00edbamos a ser campeones. Ni en el 3 a 3 (con Francia) tuve miedo. En Holanda si tuve miedo, cuando hacen el segundo gol con esa jugada preparada, pens\u00e9 que no pod\u00eda ser, pero luego lo ganamos bien. Sent\u00ed siempre que este Mundial iba a ser\u00bb, cont\u00f3.<\/p>\n<figure class=\"mb-3\"><img loading=\"lazy\" src=\"http:\/\/nuevacordoba.net\/wp-content\/uploads\/2023\/02\/muchachos-nos-volvimos-a-ilusionar-messi-piensa-en-la-chance-de-jugar-el-mundial-2026-4.jpg\" width=\"100%\" height=\"100%\" alt=\"Argentina levant la Copa del Mundo en Qatar 2022 con Lionel Messi y la Scaloneta en plenitud Foto Maximiliano Luna\"><figcaption> Argentina levant\u00f3 la Copa del Mundo en Qatar 2022 con Lionel Messi y la Scaloneta en plenitud. Foto: Maximiliano Luna <\/figcaption><\/figure>\n<p>\u00abNo recuerdo a nivel selecci\u00f3n, una final a tanto nivel. Creo que hicimos un partido b\u00e1rbaro, no es el primero que hacemos as\u00ed, pero al ser la final del Mundial y al jugar contra Francia, se hace m\u00e1s grande, pero hab\u00edamos hecho muchos partidos as\u00ed, pero no tuvieron la trascendencia de este\u00bb, prosigui\u00f3.<\/p>\n<p>Finalmente, sobre la atajada de Emiliano \u00abDibu\u00bb Mart\u00ednez ante el delantero franc\u00e9s Kolo Muani, Messi indic\u00f3 que \u00abfue tan r\u00e1pida que no la pude vivir, porque adem\u00e1s en seguida viene un contragolpe nuestro que termina con un cabezazo de Lautaro que hizo intervenir a (Hugo) Lloris. Fue tan r\u00e1pido todo que no tuve tiempo de sufrirla. Luego la vi en videos y no lo pod\u00eda creer, sufro cada vez que la veo en los videos\u00bb.<\/p>\n","protected":false},"excerpt":{"rendered":"<p>Messi mira de reojo la pr\u00f3xima Copa del Mundo 2026. Foto: Maximiliano Luna El astro argentino Lionel Messi dej\u00f3 la puerta abierta para estar en la Selecci\u00f3n en el Mundial 2026, aunque reconoci\u00f3 que \u00abparece dif\u00edcil, por la edad, por lo f\u00edsico\u00bb y se\u00f1al\u00f3 que el plantel tuvo un \u00abcomportamiento ejemplar\u00bb en la conquista ecum\u00e9nica [&hellip;]<\/p>\n","protected":false},"author":1,"featured_media":28948,"comment_status":"closed","ping_status":"closed","sticky":false,"template":"","format":"standard","meta":[],"categories":[10],"tags":[],"_links":{"self":[{"href":"http:\/\/nuevacordoba.net\/index.php\/wp-json\/wp\/v2\/posts\/28947"}],"collection":[{"href":"http:\/\/nuevacordoba.net\/index.php\/wp-json\/wp\/v2\/posts"}],"about":[{"href":"http:\/\/nuevacordoba.net\/index.php\/wp-json\/wp\/v2\/types\/post"}],"author":[{"embeddable":true,"href":"http:\/\/nuevacordoba.net\/index.php\/wp-json\/wp\/v2\/users\/1"}],"replies":[{"embeddable":true,"href":"http:\/\/nuevacordoba.net\/index.php\/wp-json\/wp\/v2\/comments?post=28947"}],"version-history":[{"count":0,"href":"http:\/\/nuevacordoba.net\/index.php\/wp-json\/wp\/v2\/posts\/28947\/revisions"}],"wp:featuredmedia":[{"embeddable":true,"href":"http:\/\/nuevacordoba.net\/index.php\/wp-json\/wp\/v2\/media\/28948"}],"wp:attachment":[{"href":"http:\/\/nuevacordoba.net\/index.php\/wp-json\/wp\/v2\/media?parent=28947"}],"wp:term":[{"taxonomy":"category","embeddable":true,"href":"http:\/\/nuevacordoba.net\/index.php\/wp-json\/wp\/v2\/categories?post=28947"},{"taxonomy":"post_tag","embeddable":true,"href":"http:\/\/nuevacordoba.net\/index.php\/wp-json\/wp\/v2\/tags?post=28947"}],"curies":[{"name":"wp","href":"https:\/\/api.w.org\/{rel}","templated":true}]}}