{"id":28959,"date":"2023-02-03T16:45:08","date_gmt":"2023-02-03T16:45:08","guid":{"rendered":"http:\/\/nuevacordoba.net\/index.php\/2023\/02\/03\/cuentame-tu-vida-cuando-los-directores-filman-sus-infancias-y-adolescencias\/"},"modified":"2023-02-03T16:45:08","modified_gmt":"2023-02-03T16:45:08","slug":"cuentame-tu-vida-cuando-los-directores-filman-sus-infancias-y-adolescencias","status":"publish","type":"post","link":"http:\/\/nuevacordoba.net\/index.php\/2023\/02\/03\/cuentame-tu-vida-cuando-los-directores-filman-sus-infancias-y-adolescencias\/","title":{"rendered":"Cu\u00e9ntame tu vida: cuando los directores filman sus infancias y adolescencias"},"content":{"rendered":"<figure class=\"mb-3\"><img loading=\"lazy\" src=\"http:\/\/nuevacordoba.net\/wp-content\/uploads\/2023\/02\/cuentame-tu-vida-cuando-los-directores-filman-sus-infancias-y-adolescencias.jpg\" width=\"100%\" height=\"100%\" alt=\"Los Fabelman tiene 7 nominaciones al Oscar\"><figcaption> \u00abLos Fabelman\u00bb tiene 7 nominaciones al Oscar. <\/figcaption><\/figure>\n<p>Aunque varias de las escenas de<strong> \u201cLos Fabelman\u201d &#8211;<\/strong>la nueva pel\u00edcula de Steven Spielberg que por estos d\u00edas se proyecta en los cines argentinos- parezcan invenciones de guionistas con mucha imaginaci\u00f3n, el propio director se encarg\u00f3 de explicar en distintas entrevistas que pr\u00e1cticamente todos los hechos, situaciones y conflictos que aparecen en este filme&nbsp;<strong>nominado a siete premios Oscar<\/strong> ocurrieron durante su infancia y adolescencia.<\/p>\n<p>Por supuesto, en la historia coescrita por el propio realizador junto a su habitual colaborador Tony Kushner (\u201cMunich,\u201d \u201cLincoln\u201d, \u201cAmor sin barreras\u201d) puede haber alguna exageraci\u00f3n, <strong>ciertas \u201clicencias po\u00e9ticas\u201d<\/strong>, pero hasta los momentos m\u00e1s absurdos (como la decis\u00f3n de la madre de comprar un mono y llevarlo al hogar) son ciertos.<\/p>\n<figure class=\"mb-3\"><img loading=\"lazy\" src=\"http:\/\/nuevacordoba.net\/wp-content\/uploads\/2023\/02\/cuentame-tu-vida-cuando-los-directores-filman-sus-infancias-y-adolescencias-1.jpg\" width=\"100%\" height=\"100%\" alt=\"Desde la primera pelcula Reto a muerte a Los Fabelman Spielberg es sinnimo de xito Foto Archivo AFP\"><figcaption> Desde la primera pel\u00edcula -\u00abReto a muerte\u00bb- a \u00abLos Fabelman\u00bb; Spielberg es sin\u00f3nimo de \u00e9xito. (Foto: Archivo AFP) <\/figcaption><\/figure>\n<p>Sammy Fabelman (interpretado de ni\u00f1o por Mateo Zoryon Francis-DeFord y sobre todo de adolescente por Gabriel LaBelle) <strong>es el \u00e1lter ego perfecto de un Spielberg que creci\u00f3 mud\u00e1ndose de ciudad en ciudad<\/strong>, sufriendo el antisemitismo en el colegio, sobrellevando los desencuentros entre su madre (encarnada en la ficci\u00f3n por Michelle Williams) y su padre (a cargo de Paul Dano), siendo desde peque\u00f1o un prol\u00edfico y entusiasta director autodidacta y amateur que a los 15 a\u00f1os conoci\u00f3 en su oficina al m\u00edtico John Ford y <strong>a fines de la d\u00e9cada de 1960 ya estaba dirigiendo proyectos para televisi\u00f3n.<\/strong><\/p>\n<p>Spielberg abord\u00f3 cuestiones \u00edntimas en varios largometrajes, pero hasta ahora lo hab\u00eda hecho de forma po\u00e9tica, simb\u00f3lica, metaf\u00f3rica a partir de personajes que ten\u00edan alguna conexi\u00f3n con su vida, aunque protagonizaban tramas \u00e9picas como las de <strong>\u201cEncuentros cercanos del tercer tipo\u201d<\/strong> (1977) o <strong>\u201cE.T.: El extraterrestre\u201d<\/strong> (1982).<\/p>\n<div class=\"video_repositive\"> <a class=\"video_sticky\" href=\"javascript:void();\" onclick=\"removeStuckVideo(true);\"><i class=\"far fa-window-close\"><\/i><\/a> <\/p>\n<div id=\"jVFFqnxIMtk\" class=\"video_telam\">\n<div class=\"feature_article_inner\">\n<p><h2 class=\"text-center\">\u00abLos Fabelman\u00bb<\/h2>\n<\/p><\/div>\n<p>VER VIDEO <i class=\"fas fa-play\"><\/i><\/p>\n<\/p><\/div><\/div>\n<p>Sin embargo, <strong>tras las muertes de su madre Leah Adler en 2017 (a los 97 a\u00f1os) y de su padre Arnold en agosto de 2020 (\u00a1a los 103!)<\/strong>, decidi\u00f3 aprovechar el par\u00e9ntesis obligado de la pandemia para anotar recuerdos de familia, que ser\u00edan el germen de <strong>\u201cLos Fabelman\u201d<\/strong>, pel\u00edcula que le vali\u00f3 la primera candidatura al Oscar de su carrera como guionista (gan\u00f3 el premio de la Academia de Hollywood por <strong>\u201cLa lista de Schindler\u201d y \u201cRescatando al soldado Ryan\u201d<\/strong>, pero nunca hab\u00eda sido ni siquiera nominado por una historia original escrita por \u00e9l).<\/p>\n<p>El creador de <strong>\u201cLos cazadores del arca perdida\u201d y \u201cPuente de esp\u00edas\u201d<\/strong> no es, de todas formas, un caso excepcional, ya que la evoluci\u00f3n del s\u00e9ptimo arte est\u00e1 llena de directores y directoras que han filmado distintos aspectos de sus propias vidas.<\/p>\n<figure class=\"mb-3\"><img loading=\"lazy\" src=\"http:\/\/nuevacordoba.net\/wp-content\/uploads\/2023\/02\/cuentame-tu-vida-cuando-los-directores-filman-sus-infancias-y-adolescencias-2.jpg\" width=\"100%\" height=\"100%\" alt=\"Belfast de Kenneth Branagh\"><figcaption> \u00abBelfast\u00bb, de Kenneth Branagh. <\/figcaption><\/figure>\n<p>Sin ir m\u00e1s lejos, en los \u00faltimos meses varios realizadores y realizadoras de renombre estrenaron pel\u00edculas de claro sesgo autobiogr\u00e1fico, <strong>como el italiano Paolo Sorrentino en \u201cFue la mano de Dios\u201d<\/strong> (historia ambientada en la N\u00e1poles de los a\u00f1os &#8217;80, que est\u00e1 disponible en Netflix), <strong>el irland\u00e9s Kenneth Branagh en \u201cBelfast\u201d<\/strong> (transcurre en un barrio de gente trabajadora en la convulsionada ciudad del titulo a fines de los &#8217;60 y se encuentra en HBO Max), <strong>el estadounidense James Gray en \u201cArmageddon Time\u201d<\/strong> (un coming-of-age en los suburbios neoyorquinos); <strong>su compatriota Richard Linklater en el film animado \u201cApolo 10 1\/2: Una infancia espacial\u201d<\/strong> (2022, que est\u00e1 en Netflix); o <strong>la francesa Mia Hansen-L\u00f8ve en \u201cUn beau matin\u201d<\/strong>, aunque en este \u00faltimo caso no se tratan de recuerdos de ni\u00f1ez sino de la forma en que una mujer (L\u00e9a Seydoux) debe lidiar con la enfermedad neurodegenerativa de su padre (Pascal Greggory).<\/p>\n<figure class=\"mb-3\"><img loading=\"lazy\" src=\"http:\/\/nuevacordoba.net\/wp-content\/uploads\/2023\/02\/cuentame-tu-vida-cuando-los-directores-filman-sus-infancias-y-adolescencias-3.jpg\" width=\"100%\" height=\"100%\" alt=\"Bardo de Alejandro Gonzlez Irritu\"><figcaption> \u00abBardo\u00bb, de Alejandro Gonz\u00e1lez I\u00f1\u00e1rritu. <\/figcaption><\/figure>\n<p>Incluso en otro film reciente de Netflix como<strong> \u201cBardo\u201d, el personaje de Silverio que interpreta Daniel Gim\u00e9nez Cacho<\/strong> tiene mucho del propio director, el siempre provocador Alejandro Gonz\u00e1lez I\u00f1\u00e1rritu. Y otro famoso cineasta&nbsp; mexicano como <strong>Alfonso Cuar\u00f3n<\/strong> reconstruy\u00f3 tambi\u00e9n con producci\u00f3n de la N roja vivencias de su infancia en <strong>\u201cRoma\u201d<\/strong>, que tiene su epicentro en la ciudad de M\u00e9xico a comienzos de los a\u00f1os &#8217;70.<\/p>\n<figure class=\"mb-3\"><img loading=\"lazy\" src=\"http:\/\/nuevacordoba.net\/wp-content\/uploads\/2023\/02\/cuentame-tu-vida-cuando-los-directores-filman-sus-infancias-y-adolescencias-4.jpg\" width=\"100%\" height=\"100%\" alt=\"La mala educacin de Pedro Almodvar\"><figcaption> \u00abLa mala educaci\u00f3n\u00bb, de Pedro Almod\u00f3var. <\/figcaption><\/figure>\n<p>Y, si nos remontamos unos cuantos a\u00f1os m\u00e1s atr\u00e1s, el recorrido ya resulta muy amplio: <strong>Fran\u00e7ois Truffaut en \u201cLos 400 golpes\u201d<\/strong> (1959, disponible en MUBI); <strong>Federico Fellini en \u201cAmarcord\u201d<\/strong> (1973), <strong>Ingmar Bergman en \u201cFanny y Alexander\u201d<\/strong> (1982, Qubit); <strong>Woody Allen en \u201cD\u00edas de radio\u201d<\/strong> (1987), <strong>Terence Davies en \u201cVoces distantes\u201d<\/strong> (1988) y<strong> \u201cEl largo d\u00eda acaba\u201d<\/strong> (1992), <strong>Cameron Crowe en \u201cCasi famosos\u201d<\/strong> (2000); <strong>Pedro Almod\u00f3var en \u201cLa mala educaci\u00f3n\u201d<\/strong> (2004, que se encuentra en Netflix, Amazon Prime Vide y MUBI), <strong>Terrence Malick en \u201cEl \u00e1rbol de la vida\u201d<\/strong> (2011, que est\u00e1 en Amazon Prime Video); <strong>Greta Gerwig en \u201cLady Bird\u201d<\/strong> (2017, Amazon Prime Video); y m\u00e1s recientemente dos trabajos de la talentosa directora catalana <strong>Carla Simon como&nbsp; \u201cVerano, 1993\u201d y \u201cAlcarr\u00e0s\u201d<\/strong> (esta semana lleg\u00f3 a los cines argentinos y desde el 24 de febrero se podr\u00e1 ver en MUBI).<\/p>\n<p>La autobiograf\u00eda, g\u00e9nero fundamental en el caso de la literatura, se ha consolidado tambi\u00e9n como una de las tendencias m\u00e1s recurrentes en la historia del cine.<\/p>\n","protected":false},"excerpt":{"rendered":"<p>\u00abLos Fabelman\u00bb tiene 7 nominaciones al Oscar. Aunque varias de las escenas de \u201cLos Fabelman\u201d &#8211;la nueva pel\u00edcula de Steven Spielberg que por estos d\u00edas se proyecta en los cines argentinos- parezcan invenciones de guionistas con mucha imaginaci\u00f3n, el propio director se encarg\u00f3 de explicar en distintas entrevistas que pr\u00e1cticamente todos los hechos, situaciones y [&hellip;]<\/p>\n","protected":false},"author":1,"featured_media":28960,"comment_status":"closed","ping_status":"closed","sticky":false,"template":"","format":"standard","meta":[],"categories":[9],"tags":[],"_links":{"self":[{"href":"http:\/\/nuevacordoba.net\/index.php\/wp-json\/wp\/v2\/posts\/28959"}],"collection":[{"href":"http:\/\/nuevacordoba.net\/index.php\/wp-json\/wp\/v2\/posts"}],"about":[{"href":"http:\/\/nuevacordoba.net\/index.php\/wp-json\/wp\/v2\/types\/post"}],"author":[{"embeddable":true,"href":"http:\/\/nuevacordoba.net\/index.php\/wp-json\/wp\/v2\/users\/1"}],"replies":[{"embeddable":true,"href":"http:\/\/nuevacordoba.net\/index.php\/wp-json\/wp\/v2\/comments?post=28959"}],"version-history":[{"count":0,"href":"http:\/\/nuevacordoba.net\/index.php\/wp-json\/wp\/v2\/posts\/28959\/revisions"}],"wp:featuredmedia":[{"embeddable":true,"href":"http:\/\/nuevacordoba.net\/index.php\/wp-json\/wp\/v2\/media\/28960"}],"wp:attachment":[{"href":"http:\/\/nuevacordoba.net\/index.php\/wp-json\/wp\/v2\/media?parent=28959"}],"wp:term":[{"taxonomy":"category","embeddable":true,"href":"http:\/\/nuevacordoba.net\/index.php\/wp-json\/wp\/v2\/categories?post=28959"},{"taxonomy":"post_tag","embeddable":true,"href":"http:\/\/nuevacordoba.net\/index.php\/wp-json\/wp\/v2\/tags?post=28959"}],"curies":[{"name":"wp","href":"https:\/\/api.w.org\/{rel}","templated":true}]}}