{"id":29098,"date":"2023-02-08T05:45:07","date_gmt":"2023-02-08T05:45:07","guid":{"rendered":"http:\/\/nuevacordoba.net\/index.php\/2023\/02\/08\/demichelis-preocupado-bruno-zuculini-sufrio-una-dura-lesion\/"},"modified":"2023-02-08T05:45:07","modified_gmt":"2023-02-08T05:45:07","slug":"demichelis-preocupado-bruno-zuculini-sufrio-una-dura-lesion","status":"publish","type":"post","link":"http:\/\/nuevacordoba.net\/index.php\/2023\/02\/08\/demichelis-preocupado-bruno-zuculini-sufrio-una-dura-lesion\/","title":{"rendered":"Demichelis preocupado: Bruno Zuculini sufri\u00f3 una dura lesi\u00f3n"},"content":{"rendered":"<figure class=\"mb-3\"><img loading=\"lazy\" src=\"http:\/\/nuevacordoba.net\/wp-content\/uploads\/2023\/02\/demichelis-preocupado-bruno-zuculini-sufrio-una-dura-lesion.jpg\" width=\"100%\" height=\"100%\" alt=\"Bruno Zuculini sufri una dura lesin \"><figcaption> Bruno Zuculini sufri\u00f3 una dura lesi\u00f3n. <\/figcaption><\/figure>\n<p>El mediocampista de River sufri\u00f3 este martes la rotura del ligamento cruzado anterior de la rodilla izquierda y ser\u00e1 operado en los pr\u00f3ximos d\u00edas, seg\u00fan el parte m\u00e9dico de la instituci\u00f3n.<\/p>\n<p>Zuculini pasar\u00e1 por el quir\u00f3fano el fin de semana y luego comenzar\u00e1 una rehabilitaci\u00f3n que ser\u00e1 menor a los seis meses.<\/p>\n<p>El ex Racing Club y Manchester City, de Inglaterra, se lesion\u00f3 en la pr\u00e1ctica de f\u00fatbol en el River Camp de Ezeiza. El primer diagn\u00f3stico fue un esguince de rodilla, pero estudios posteriores confirmaron la rotura del ligamento cruzado anterior.<\/p>\n<p>La lesi\u00f3n de Zuculini obliga a River a buscar un nuevo refuerzo en esa posici\u00f3n. El club de N\u00fa\u00f1ez concret\u00f3 el regreso del volante central Mat\u00edas Kranevitter, una de las primeras incorporaciones, pero el tucumano sufri\u00f3 la fractura del peron\u00e9 y la rotura de los ligamentos del tobillo derecho en el amistoso ante Uni\u00f3n La Calera, de Chile. El posible regreso de Kranevitter a las canchas ser\u00eda reci\u00e9n a partir del mes de abril.<\/p>\n<p>Seg\u00fan el parte m\u00e9dico, \u00ab<strong>el jugador Bruno Zuculini sufri\u00f3 un esguince de su rodilla izquierda y los estudios posteriores confirmaron la presunci\u00f3n diagn\u00f3stica de rotura del ligamento cruzado anterior. Se programar\u00e1 resoluci\u00f3n quir\u00fargica&nbsp; en los pr\u00f3ximos d\u00edas<\/strong>\u00ab.<\/p>\n<blockquote class=\"twitter-tweet\" readability=\"7.9643835616438\">\n<p lang=\"es\" dir=\"ltr\">\u2139\ufe0f [Parte m\u00e9dico] En el entrenamiento de hoy, el jugador Bruno Zuculini sufri\u00f3 un esguince de su rodilla izquierda y los estudios posteriores confirmaron la presunci\u00f3n diagn\u00f3stica de rotura del ligamento cruzado anterior. Se programar\u00e1 resoluci\u00f3n quir\u00fargica en los pr\u00f3ximos d\u00edas. <a href=\"https:\/\/t.co\/wiIawYF0mX\">pic.twitter.com\/wiIawYF0mX<\/a><\/p>\n<p>\u2014 River Plate (@RiverPlate) <a href=\"https:\/\/twitter.com\/RiverPlate\/status\/1623079881058787329?ref_src=twsrc%5Etfw\">February 7, 2023<\/a><\/p><\/blockquote>\n<p><strong>La jornada de entrenamiento<\/strong><br \/>El mediocampista Agust\u00edn Palavecino y el defensor David Mart\u00ednez se entrenaron este martes a la par de sus compa\u00f1eros en River Plate, con vistas al partido del pr\u00f3ximo domingo ante Argentinos Juniors, por la tercera fecha de la Liga Profesional de F\u00fatbol (LPF), en el estadio M\u00e1s Monumental.<\/p>\n<p>Palavecino dej\u00f3 atr\u00e1s una dolencia muscular que lo margin\u00f3 de los partidos de pretemporada en Estados Unidos y de las primeras dos fechas del campeonato, con el triunfo por 2-0 ante Central C\u00f3rdoba, en Santiago del Estero; y la derrota por 2 a 1 frente a Belgrano, en C\u00f3rdoba.<\/p>\n<p>El exvolante de Platense qued\u00f3 a disposici\u00f3n del entrenador Mart\u00edn Demichelis y ser\u00eda citado para el encuentro ante el conjunto de La Paternal.<\/p>\n<blockquote class=\"twitter-tweet\" readability=\"3.4285714285714\">\n<p lang=\"es\" dir=\"ltr\">\u26bd\ufe0f Juegue, Pala. \ud83d\udd1b <a href=\"https:\/\/t.co\/H1NmHTmRsu\">pic.twitter.com\/H1NmHTmRsu<\/a><\/p>\n<p>\u2014 River Plate (@RiverPlate) <a href=\"https:\/\/twitter.com\/RiverPlate\/status\/1623046718760574978?ref_src=twsrc%5Etfw\">February 7, 2023<\/a><\/p><\/blockquote>\n<p>Mart\u00ednez tambi\u00e9n super\u00f3 una molestia en la rodilla derecha, se ausent\u00f3 en la misma cantidad de partidos que Palavecino, y en los pr\u00f3ximos entrenamientos buscar\u00e1 ponerse a punto desde lo futbol\u00edstico como alternativa para Demichelis.<\/p>\n<p>Ambos trabajaron con el resto del plantel en el predio River Camp, de la localidad de Ezeiza, donde efectuaron trabajos con pelota.<\/p>\n<p>River inform\u00f3 que los defensores Paulo D\u00edaz, Tom\u00e1s Lecanda y Emanuel Mammana, los volantes Mat\u00edas Kranevitter y Nicol\u00e1s De La Cruz, y el delantero Mat\u00edas Su\u00e1rez se entrenaron de manera diferenciada.<\/p>\n<p>El plantel \u00abmillonario\u00bb retornar\u00e1 ma\u00f1ana a los entrenamientos, desde las 9, en River Camp, a puertas cerradas.<\/p>\n","protected":false},"excerpt":{"rendered":"<p>Bruno Zuculini sufri\u00f3 una dura lesi\u00f3n. El mediocampista de River sufri\u00f3 este martes la rotura del ligamento cruzado anterior de la rodilla izquierda y ser\u00e1 operado en los pr\u00f3ximos d\u00edas, seg\u00fan el parte m\u00e9dico de la instituci\u00f3n. Zuculini pasar\u00e1 por el quir\u00f3fano el fin de semana y luego comenzar\u00e1 una rehabilitaci\u00f3n que ser\u00e1 menor a [&hellip;]<\/p>\n","protected":false},"author":1,"featured_media":29099,"comment_status":"closed","ping_status":"closed","sticky":false,"template":"","format":"standard","meta":[],"categories":[10],"tags":[],"_links":{"self":[{"href":"http:\/\/nuevacordoba.net\/index.php\/wp-json\/wp\/v2\/posts\/29098"}],"collection":[{"href":"http:\/\/nuevacordoba.net\/index.php\/wp-json\/wp\/v2\/posts"}],"about":[{"href":"http:\/\/nuevacordoba.net\/index.php\/wp-json\/wp\/v2\/types\/post"}],"author":[{"embeddable":true,"href":"http:\/\/nuevacordoba.net\/index.php\/wp-json\/wp\/v2\/users\/1"}],"replies":[{"embeddable":true,"href":"http:\/\/nuevacordoba.net\/index.php\/wp-json\/wp\/v2\/comments?post=29098"}],"version-history":[{"count":0,"href":"http:\/\/nuevacordoba.net\/index.php\/wp-json\/wp\/v2\/posts\/29098\/revisions"}],"wp:featuredmedia":[{"embeddable":true,"href":"http:\/\/nuevacordoba.net\/index.php\/wp-json\/wp\/v2\/media\/29099"}],"wp:attachment":[{"href":"http:\/\/nuevacordoba.net\/index.php\/wp-json\/wp\/v2\/media?parent=29098"}],"wp:term":[{"taxonomy":"category","embeddable":true,"href":"http:\/\/nuevacordoba.net\/index.php\/wp-json\/wp\/v2\/categories?post=29098"},{"taxonomy":"post_tag","embeddable":true,"href":"http:\/\/nuevacordoba.net\/index.php\/wp-json\/wp\/v2\/tags?post=29098"}],"curies":[{"name":"wp","href":"https:\/\/api.w.org\/{rel}","templated":true}]}}