{"id":29100,"date":"2023-02-08T05:45:11","date_gmt":"2023-02-08T05:45:11","guid":{"rendered":"http:\/\/nuevacordoba.net\/index.php\/2023\/02\/08\/la-seleccion-argentina-viaja-a-nueva-zelanda-con-la-mira-en-el-mundial\/"},"modified":"2023-02-08T05:45:11","modified_gmt":"2023-02-08T05:45:11","slug":"la-seleccion-argentina-viaja-a-nueva-zelanda-con-la-mira-en-el-mundial","status":"publish","type":"post","link":"http:\/\/nuevacordoba.net\/index.php\/2023\/02\/08\/la-seleccion-argentina-viaja-a-nueva-zelanda-con-la-mira-en-el-mundial\/","title":{"rendered":"La selecci\u00f3n argentina viaja a Nueva Zelanda, con la mira en el Mundial"},"content":{"rendered":"<figure class=\"mb-3\"><img loading=\"lazy\" src=\"http:\/\/nuevacordoba.net\/wp-content\/uploads\/2023\/02\/la-seleccion-argentina-viaja-a-nueva-zelanda-con-la-mira-en-el-mundial.jpg\" width=\"100%\" height=\"100%\" alt=\"Argentina ya piensa en la Copa del Mundo 2023 de Australia y Nueva Zelanda Foto Argentina\"><figcaption> Argentina ya piensa en la Copa del Mundo 2023 de Australia y Nueva Zelanda \/ Foto: @Argentina <\/figcaption><\/figure>\n<p>El seleccionado argentino de f\u00fatbol femenino viajar\u00e1 este mi\u00e9rcoles a Nueva Zelanda, donde disputar\u00e1 tres encuentros amistosos en el marco de una fecha FIFA, preparatoria para el Mundial 2023, a jugarse entre julio y agosto.<\/p>\n<p>El equipo dirigido por el DT Germ\u00e1n Portanova sostendr\u00e1 un encuentro ante Chile el viernes 17 en la ciudad de Auckland, a las 4.30 hora argentina.<\/p>\n<p>Luego se jugar\u00e1 en dos ocasiones ante Nueva Zelanda, que ser\u00e1 anfitri\u00f3n de la Copa del Mundo junto a Australia, el lunes 20 y jueves 23, en Hamilton y Auckland, respectivamente.<\/p>\n<p>Las 21 jugadoras convocadas por el entrenador son las siguientes: <strong>Vanina Correa, Laurina Oliveros, Julieta Cruz, Miriam Mayorga, Gabriela Ch\u00e1vez, \u00c9rica Lonigro, Maricel Pereyra, Daiana Falf\u00e1n, Romina N\u00fa\u00f1ez. Estefan\u00eda Banini, Paulina Gramaglia, Chiara Singarella, Sophia Braun, Mariana Larroquette, Florencia Bonsegundo, Aldana Cometti, Lorena Ben\u00edtez, Yamila Rodr\u00edguez, Mariela Szymanowski, Eliana St\u00e1bile y Vanesa Santana<\/strong><\/p>\n<blockquote class=\"twitter-tweet\" readability=\"7.65\">\n<p lang=\"es\" dir=\"ltr\"><a href=\"https:\/\/twitter.com\/hashtag\/Selecci%C3%B3nFemenina?src=hash&amp;ref_src=twsrc%5Etfw\">#Selecci\u00f3nFemenina<\/a> Germ\u00e1n Portanova dio a conocer la convocatoria para la primera fecha FIFA del a\u00f1o mundialista \u27a1\ufe0f <a href=\"https:\/\/t.co\/pmYrBNUEXH\">https:\/\/t.co\/pmYrBNUEXH<\/a><\/p>\n<p>\ud83d\udcc6 17\/02<br \/>\ud83c\udde6\ud83c\uddf7 <a href=\"https:\/\/twitter.com\/Argentina?ref_src=twsrc%5Etfw\">@Argentina<\/a> &#8211; \ud83c\udde8\ud83c\uddf1 <a href=\"https:\/\/twitter.com\/LaRoja?ref_src=twsrc%5Etfw\">@LaRoja<\/a><\/p>\n<p>\ud83d\udcc6 20\/02<br \/>\ud83c\udde6\ud83c\uddf7 <a href=\"https:\/\/twitter.com\/Argentina?ref_src=twsrc%5Etfw\">@Argentina<\/a> &#8211; \ud83c\uddf3\ud83c\uddff <a href=\"https:\/\/twitter.com\/NZ_Football?ref_src=twsrc%5Etfw\">@NZ_Football<\/a><\/p>\n<p>\ud83d\udcc6 23\/02<br \/>\ud83c\udde6\ud83c\uddf7 <a href=\"https:\/\/twitter.com\/Argentina?ref_src=twsrc%5Etfw\">@Argentina<\/a> &#8211; \ud83c\uddf3\ud83c\uddff <a href=\"https:\/\/twitter.com\/NZ_Football?ref_src=twsrc%5Etfw\">@NZ_Football<\/a> <a href=\"https:\/\/t.co\/l4WjwsuDKu\">pic.twitter.com\/l4WjwsuDKu<\/a><\/p>\n<p>\u2014 \ud83c\udde6\ud83c\uddf7 Selecci\u00f3n Argentina \u2b50\u2b50\u2b50 (@Argentina) <a href=\"https:\/\/twitter.com\/Argentina\/status\/1621160669348331521?ref_src=twsrc%5Etfw\">February 2, 2023<\/a><\/p><\/blockquote>\n<p>Argentina integrar\u00e1 el grupo G del Mundial, junto a los representativos de Italia (24 de julio), Sud\u00e1frica (28 de julio) y Suecia (2 de agosto).<\/p>\n","protected":false},"excerpt":{"rendered":"<p>Argentina ya piensa en la Copa del Mundo 2023 de Australia y Nueva Zelanda \/ Foto: @Argentina El seleccionado argentino de f\u00fatbol femenino viajar\u00e1 este mi\u00e9rcoles a Nueva Zelanda, donde disputar\u00e1 tres encuentros amistosos en el marco de una fecha FIFA, preparatoria para el Mundial 2023, a jugarse entre julio y agosto. El equipo dirigido [&hellip;]<\/p>\n","protected":false},"author":1,"featured_media":29101,"comment_status":"closed","ping_status":"closed","sticky":false,"template":"","format":"standard","meta":[],"categories":[10],"tags":[],"_links":{"self":[{"href":"http:\/\/nuevacordoba.net\/index.php\/wp-json\/wp\/v2\/posts\/29100"}],"collection":[{"href":"http:\/\/nuevacordoba.net\/index.php\/wp-json\/wp\/v2\/posts"}],"about":[{"href":"http:\/\/nuevacordoba.net\/index.php\/wp-json\/wp\/v2\/types\/post"}],"author":[{"embeddable":true,"href":"http:\/\/nuevacordoba.net\/index.php\/wp-json\/wp\/v2\/users\/1"}],"replies":[{"embeddable":true,"href":"http:\/\/nuevacordoba.net\/index.php\/wp-json\/wp\/v2\/comments?post=29100"}],"version-history":[{"count":0,"href":"http:\/\/nuevacordoba.net\/index.php\/wp-json\/wp\/v2\/posts\/29100\/revisions"}],"wp:featuredmedia":[{"embeddable":true,"href":"http:\/\/nuevacordoba.net\/index.php\/wp-json\/wp\/v2\/media\/29101"}],"wp:attachment":[{"href":"http:\/\/nuevacordoba.net\/index.php\/wp-json\/wp\/v2\/media?parent=29100"}],"wp:term":[{"taxonomy":"category","embeddable":true,"href":"http:\/\/nuevacordoba.net\/index.php\/wp-json\/wp\/v2\/categories?post=29100"},{"taxonomy":"post_tag","embeddable":true,"href":"http:\/\/nuevacordoba.net\/index.php\/wp-json\/wp\/v2\/tags?post=29100"}],"curies":[{"name":"wp","href":"https:\/\/api.w.org\/{rel}","templated":true}]}}