{"id":29112,"date":"2023-02-06T15:58:59","date_gmt":"2023-02-06T15:58:59","guid":{"rendered":"http:\/\/cordobanewsnet.wordpress.com\/?p=7686"},"modified":"2023-02-06T15:58:59","modified_gmt":"2023-02-06T15:58:59","slug":"alerta-amarilla-por-altas-temperaturas-para-cordoba-y-otras-8-provincias","status":"publish","type":"post","link":"http:\/\/nuevacordoba.net\/index.php\/2023\/02\/06\/alerta-amarilla-por-altas-temperaturas-para-cordoba-y-otras-8-provincias\/","title":{"rendered":"Alerta amarilla por altas temperaturas para C\u00f3rdoba y otras 8 provincias"},"content":{"rendered":"<div><img src=\"http:\/\/nuevacordoba.net\/wp-content\/uploads\/2023\/02\/alerta-amarilla-por-altas-temperaturas-para-cordoba-y-otras-8-provincias.jpg\" class=\"ff-og-image-inserted\"><\/div>\n<p>El Servicio Meteorol\u00f3gico Nacional (SMN) emiti\u00f3 en la ma\u00f1ana de este lunes una&nbsp;<a href=\"https:\/\/www.cadena3.com\/pagina\/tag\/?q=alerta\" target=\"_blank\" rel=\"noreferrer noopener\">alerta<\/a>&nbsp;amarilla por temperaturas extremas para C\u00f3rdoba y ocho provincias m\u00e1s.<\/p>\n<p>El \u00e1rea de cobertura alcanza al sur y oeste provincial, sur de Entre R\u00edos, sur de Santa Fe, Buenos Aires, La Pampa, San Juan, San Luis, Mendoza y norte de Neuqu\u00e9n.&nbsp;<\/p>\n<p>El parte advierte sobre \u201cun efecto leve a moderado en la salud: pueden ser peligrosas, sobre todo para los grupos de riesgo, como ni\u00f1os y ni\u00f1as, personas mayores de 65 a\u00f1os, con enfermedades cr\u00f3nicas\u201d.<\/p>\n<div class=\"wordads-ad-wrapper\">\n<div class=\"wordads-ad\">\n<p>Anuncio publicitario<\/p>\n<p><span onclick=\"javascript:__tcfapi( 'showUi' );\">Ajustes de privacidad<\/span><\/p>\n<\/div>\n<\/div>\n<div id=\"jp-post-flair\" class=\"sharedaddy sd-like-enabled sd-sharing-enabled\">\n<div class=\"sharedaddy sd-sharing-enabled\">\n<div class=\"robots-nocontent sd-block sd-social sd-social-icon-text sd-sharing\">\n<h3 class=\"sd-title\">Share this:<\/h3>\n<\/div>\n<\/div>\n<div class=\"sharedaddy sd-block sd-like jetpack-likes-widget-wrapper jetpack-likes-widget-unloaded\" id=\"like-post-wrapper-143108178-7686-63e35313d8d1f\" data-src=\"\/\/widgets.wp.com\/likes\/index.html?ver=20220105#blog_id=143108178&amp;post_id=7686&amp;origin=cordobanewsnet.wordpress.com&amp;obj_id=143108178-7686-63e35313d8d1f\" data-name=\"like-post-frame-143108178-7686-63e35313d8d1f\" data-title=\"Me gusta o Compartir\">\n<h3 class=\"sd-title\">Me gusta esto:<\/h3>\n<p><span class=\"button\"><span>Me gusta<\/span><\/span> <span class=\"loading\">Cargando&#8230;<\/span><\/p>\n<p><span class=\"sd-text-color\"><\/span><\/div>\n<p><h3 class=\"jp-relatedposts-headline\"><em>Relacionado<\/em><\/h3>\n<\/p>\n<\/div>\n","protected":false},"excerpt":{"rendered":"<p>El Servicio Meteorol\u00f3gico Nacional (SMN) emiti\u00f3 en la ma\u00f1ana de este lunes una&nbsp;alerta&nbsp;amarilla por temperaturas extremas para C\u00f3rdoba y ocho provincias m\u00e1s. El \u00e1rea de cobertura alcanza al sur y oeste provincial, sur de Entre R\u00edos, sur de Santa Fe, Buenos Aires, La Pampa, San Juan, San Luis, Mendoza y norte de Neuqu\u00e9n.&nbsp; El parte [&hellip;]<\/p>\n","protected":false},"author":1,"featured_media":29113,"comment_status":"closed","ping_status":"closed","sticky":false,"template":"","format":"standard","meta":[],"categories":[14],"tags":[],"_links":{"self":[{"href":"http:\/\/nuevacordoba.net\/index.php\/wp-json\/wp\/v2\/posts\/29112"}],"collection":[{"href":"http:\/\/nuevacordoba.net\/index.php\/wp-json\/wp\/v2\/posts"}],"about":[{"href":"http:\/\/nuevacordoba.net\/index.php\/wp-json\/wp\/v2\/types\/post"}],"author":[{"embeddable":true,"href":"http:\/\/nuevacordoba.net\/index.php\/wp-json\/wp\/v2\/users\/1"}],"replies":[{"embeddable":true,"href":"http:\/\/nuevacordoba.net\/index.php\/wp-json\/wp\/v2\/comments?post=29112"}],"version-history":[{"count":0,"href":"http:\/\/nuevacordoba.net\/index.php\/wp-json\/wp\/v2\/posts\/29112\/revisions"}],"wp:featuredmedia":[{"embeddable":true,"href":"http:\/\/nuevacordoba.net\/index.php\/wp-json\/wp\/v2\/media\/29113"}],"wp:attachment":[{"href":"http:\/\/nuevacordoba.net\/index.php\/wp-json\/wp\/v2\/media?parent=29112"}],"wp:term":[{"taxonomy":"category","embeddable":true,"href":"http:\/\/nuevacordoba.net\/index.php\/wp-json\/wp\/v2\/categories?post=29112"},{"taxonomy":"post_tag","embeddable":true,"href":"http:\/\/nuevacordoba.net\/index.php\/wp-json\/wp\/v2\/tags?post=29112"}],"curies":[{"name":"wp","href":"https:\/\/api.w.org\/{rel}","templated":true}]}}