{"id":29146,"date":"2023-02-09T12:45:00","date_gmt":"2023-02-09T12:45:00","guid":{"rendered":"http:\/\/estaciontrip.com.ar\/?p=7438"},"modified":"2023-02-09T12:45:00","modified_gmt":"2023-02-09T12:45:00","slug":"verano-febrero-prolonga-el-entusiasmo-de-los-turistas-por-cordoba","status":"publish","type":"post","link":"http:\/\/nuevacordoba.net\/index.php\/2023\/02\/09\/verano-febrero-prolonga-el-entusiasmo-de-los-turistas-por-cordoba\/","title":{"rendered":"Verano: febrero prolonga el entusiasmo de los turistas por C\u00f3rdoba"},"content":{"rendered":"<div><img src=\"http:\/\/nuevacordoba.net\/wp-content\/uploads\/2023\/02\/verano-febrero-prolonga-el-entusiasmo-de-los-turistas-por-cordoba.jpg\" class=\"ff-og-image-inserted\"><\/div>\n<p><em>En el comienzo del \u00faltimo mes del verano, el movimiento tur\u00edstico sigue siendo importante. Este fin de semana la provincia registr\u00f3 promedio del&nbsp; 80% de ocupaci\u00f3n, con picos de m\u00e1s del 90% en algunas localidades.<\/em><\/p>\n<p><strong>\u201cC\u00f3rdoba ha tenido un enero con alta ocupaci\u00f3n, con promedios de m\u00e1s del 90% y picos de ocupaci\u00f3n plena, y febrero comenz\u00f3 de manera muy positiva.&nbsp; En este&nbsp; mes de febrero seguimos con grandes festivales&nbsp; y eventos que son muy importantes para el turismo como&nbsp;el Festival de Pe\u00f1as,&nbsp; Cosqu\u00edn Rock, el Festival del Cabrito y la Artesan\u00eda de Quilino, entre otros.&nbsp; Somos una excelente opci\u00f3n para la familia argentina&nbsp; y por eso nos eligen para disfrutar de experiencias \u00fanicas e inolvidables.\u201d<\/strong>, destac\u00f3 Esteban Avil\u00e9s, presidente de la Agencia C\u00f3rdoba Turismo.<\/p>\n<p><strong>Los datos<\/strong><\/p>\n<p>Seg\u00fan lo relevado en las distintas secretar\u00edas y Direcciones de Turismo, el movimiento de visitantes en los principales valles y destinos tur\u00edsticos de la provincia fue muy importante.<\/p>\n<p>En Villa Carlos Paz, la ciudad con m\u00e1s&nbsp; plazas tur\u00edsticas de la&nbsp; provincia, alcanz\u00f3 este domingo el 86% de ocupaci\u00f3n con un gran movimiento el s\u00e1bado por la noche en el centro de la ciudad, en sus teatros, bares y restaurantes.<\/p>\n<p>Tambi\u00e9n en el Valle de Punilla, en la ciudad de La Falda se registraba este domingo una ocupaci\u00f3n del 75%, mientras que en Villa Giardino el promedio fue del 82%.<\/p>\n<p>El Valle de Traslasierra vivi\u00f3 un buen fin de semana, Mina Clavero estuvo ocupada en un 85%, seg\u00fan se inform\u00f3 desde la Direcci\u00f3n de Turismo. Mientras que en Nono estuvo con muy buen movimiento turistico registrando un 88%&nbsp; de ocupaci\u00f3n.<\/p>\n<p>En lo que se refiere a Miramar, la ciudad a la vera de la Laguna Mar Chiquita, tuvo ocupada su capacidad en un 95% durante el fin de semana, seg\u00fan confirmaron fuentes de su Secretar\u00eda de Turismo.<\/p>\n<p>En la zona del Valle de Calamuchita, Villa General Belgrano sostuvo durante toda la semana un promedio muy bueno,&nbsp; llegando al 82% ; Santa Rosa de Calamuchita mostr\u00f3 un panorama similar, con un porcentaje de ocupaci\u00f3n que alcanz\u00f3 ayer el 86%; mientras que Villa Rumipal tiene un 78% de ocupaci\u00f3n.&nbsp;<\/p>\n<p>La ciudad de R\u00edo Ceballos, en el \u00e1rea de Sierras Chicas, se mantuvo este domingo al 85% de su capacidad ocupada, con buenas propuestas de espect\u00e1culos para grandes y chicos. En tanto en el valle de Paravachasca, la ciudad de Alta Gracia mostr\u00f3 el registro m\u00e1s elevado, con un 99% de ocupaci\u00f3n.<\/p>\n<p>En cuanto al gasto promedio por persona, se estima en $14.000 diarios, con alojamiento, comidas, recreaci\u00f3n y movilidad. La procedencia de los turistas establece un ranking liderado por Buenos Aires, C\u00f3rdoba,&nbsp;CABA, Santa Fe y Cuyo.&nbsp;<\/p>\n","protected":false},"excerpt":{"rendered":"<p>En el comienzo del \u00faltimo mes del verano, el movimiento tur\u00edstico sigue siendo importante. Este fin de semana la provincia registr\u00f3 promedio del&nbsp; 80% de ocupaci\u00f3n, con picos de m\u00e1s del 90% en algunas localidades. \u201cC\u00f3rdoba ha tenido un enero con alta ocupaci\u00f3n, con promedios de m\u00e1s del 90% y picos de ocupaci\u00f3n plena, y [&hellip;]<\/p>\n","protected":false},"author":1,"featured_media":29147,"comment_status":"closed","ping_status":"closed","sticky":false,"template":"","format":"standard","meta":[],"categories":[11],"tags":[],"_links":{"self":[{"href":"http:\/\/nuevacordoba.net\/index.php\/wp-json\/wp\/v2\/posts\/29146"}],"collection":[{"href":"http:\/\/nuevacordoba.net\/index.php\/wp-json\/wp\/v2\/posts"}],"about":[{"href":"http:\/\/nuevacordoba.net\/index.php\/wp-json\/wp\/v2\/types\/post"}],"author":[{"embeddable":true,"href":"http:\/\/nuevacordoba.net\/index.php\/wp-json\/wp\/v2\/users\/1"}],"replies":[{"embeddable":true,"href":"http:\/\/nuevacordoba.net\/index.php\/wp-json\/wp\/v2\/comments?post=29146"}],"version-history":[{"count":0,"href":"http:\/\/nuevacordoba.net\/index.php\/wp-json\/wp\/v2\/posts\/29146\/revisions"}],"wp:featuredmedia":[{"embeddable":true,"href":"http:\/\/nuevacordoba.net\/index.php\/wp-json\/wp\/v2\/media\/29147"}],"wp:attachment":[{"href":"http:\/\/nuevacordoba.net\/index.php\/wp-json\/wp\/v2\/media?parent=29146"}],"wp:term":[{"taxonomy":"category","embeddable":true,"href":"http:\/\/nuevacordoba.net\/index.php\/wp-json\/wp\/v2\/categories?post=29146"},{"taxonomy":"post_tag","embeddable":true,"href":"http:\/\/nuevacordoba.net\/index.php\/wp-json\/wp\/v2\/tags?post=29146"}],"curies":[{"name":"wp","href":"https:\/\/api.w.org\/{rel}","templated":true}]}}