{"id":29173,"date":"2023-02-10T05:55:30","date_gmt":"2023-02-10T05:55:30","guid":{"rendered":"https:\/\/www.espinof.com\/series-de-ficcion\/amazon-prime-video-renueva-serie-ciencia-ficcion-que-destrono-a-senor-anillos-anillos-poder-hacer-sufrir-a-sus-fans-habra-temporada-2-the-peripheral"},"modified":"2023-02-10T05:55:30","modified_gmt":"2023-02-10T05:55:30","slug":"amazon-prime-video-renueva-la-serie-de-ciencia-ficcion-que-destrono-a-el-senor-de-los-anillos-los-anillos-de-poder-tras-hacer-sufrir-a-sus-fans-habra-temporada-2-de-the-peripheral","status":"publish","type":"post","link":"http:\/\/nuevacordoba.net\/index.php\/2023\/02\/10\/amazon-prime-video-renueva-la-serie-de-ciencia-ficcion-que-destrono-a-el-senor-de-los-anillos-los-anillos-de-poder-tras-hacer-sufrir-a-sus-fans-habra-temporada-2-de-the-peripheral\/","title":{"rendered":"Amazon Prime Video renueva la serie de ciencia ficci\u00f3n que destron\u00f3 a &#8216;El se\u00f1or de los anillos: Los anillos de poder&#8217; tras hacer sufrir a sus fans: habr\u00e1 temporada 2 de &#8216;The Peripheral&#8217;"},"content":{"rendered":"<p><strong>Amazon<\/strong> se ha hecho de rogar pero finalmente ha anunciado la <strong>renovaci\u00f3n<\/strong> de <a href=\"https:\/\/www.espinof.com\/criticas\/the-peripheral-promete-ser-nueva-gran-serie-ciencia-ficcion-amazon-prime-video-momento-solo-chloe-grace-moretz-esta-a-ese-nivel\">&#8216;The Peripheral&#8217;<\/a> por una segunda temporada. Esta serie de ciencia ficci\u00f3n fue la <a href=\"https:\/\/www.espinof.com\/series-de-ficcion\/the-peripheral-destrona-a-senor-anillos-anillos-poder-se-convierte-serie-numero-1-amazon-prime-video\">que destron\u00f3<\/a> a <a href=\"https:\/\/www.espinof.com\/fecha-de-estreno\/senor-anillos-anillos-poder-temporada-2-trailer-fecha-estreno-reparto-todo-que-sabemos-final-serie-amazon\">&#8216;El se\u00f1or de los anillos: Los anillos del poder&#8217;<\/a> al frente del Top de lo m\u00e1s visto de <a class=\"js-ecommerce\" href=\"https:\/\/www.espinof.com\/redirect?url=https%3A%2F%2Fwww.primevideo.com%2Foffers%2Fnonprimehomepage&amp;category=series-de-ficcion\" data-vars-affiliate-url=\"https:\/\/www.espinof.com\/redirect?url=https%3A%2F%2Fwww.primevideo.com%2Foffers%2Fnonprimehomepage&amp;category=series-de-ficcion\">Prime Video<\/a>, pero se ve que sus datos posteriores no fueron tan impresionantes como para que la plataforma se comprometiese antes con ella. De hecho, \u00faltimamente sus fans empezaban a temer por una posible cancelaci\u00f3n&#8230;<\/p>\n<p><!-- BREAK 1 --><\/p>\n<p>Libre adaptaci\u00f3n de una novela de<strong> William Gibson<\/strong>, &#8216;The Peripheral&#8217; sigue la historia de Flynne Fisher (<strong>Chlo\u00eb Grace Moretz<\/strong>), una joven que junto a su hermano consigue unos ingresos extras con un juego. Eso s\u00ed, no tarda en descubrir que lo que parece una simple simulaci\u00f3n es mucho m\u00e1s real de lo que parece y todo se complica lo indecible a partir de ah\u00ed.<\/p>\n<p><!-- BREAK 2 --> <\/p>\n<h2>Ha costado m\u00e1s de lo esperado<\/h2>\n<p>La primera temporada de &#8216;The Peripheral&#8217; se estren\u00f3 el pasado 21 de octubre y lleg\u00f3 a su final el 2 de diciembre con el estreno de su octavo y hasta ahora \u00faltimo episodio. Obviamente, <strong>la historia no qued\u00f3 cerrada<\/strong> entonces y ahora sus responsables tendr\u00e1n la oportunidad de continuarla, aunque permanece la duda sobre si la segunda temporada podr\u00eda ser la definitiva.<\/p>\n<p><!-- BREAK 3 --><\/p>\n<p>Creada por <strong>Scott B. Smith<\/strong>, uno de los principales ganchos de &#8216;The Peripheral&#8217; era la implicaci\u00f3n de <strong>Jonathan Nolan y Lisa Joy<\/strong>, m\u00e1ximos responsables de <a href=\"https:\/\/www.espinof.com\/series-de-ficcion\/westworld-cancelada-sorpresa-hbo-deja-serie-ciencia-ficcion-final-no-tendra-temporada-5\">la recientemente cancelada &#8216;Westworld&#8217;<\/a>, aunque aqu\u00ed solamente ejercen como productores ejecutivo. Eso s\u00ed, el comunicado para expresar alegr\u00eda por la renovaci\u00f3n de la serie viene de su parte:<\/p>\n<p><!-- BREAK 4 --><\/p>\n<div class=\"article-asset article-asset-normal article-asset-center\">\n<div class=\"desvio-container\">\n<div class=\"desvio\">\n<div class=\"desvio-figure js-desvio-figure\"> <a href=\"https:\/\/www.espinof.com\/listas\/4-grandes-series-ciencia-ficcion-para-ver-netflix-amazon-prime-video-hbo-max-disney-plus\"> <img alt=\"4 grandes series de ciencia ficci\u00f3n para ver este fin de semana en Netflix, Amazon Prime Video, HBO Max y Disney+\" src=\"http:\/\/nuevacordoba.net\/wp-content\/uploads\/2023\/02\/amazon-prime-video-renueva-la-serie-de-ciencia-ficcion-que-destrono-a-el-senor-de-los-anillos-los-anillos-de-poder-tras-hacer-sufrir-a-sus-fans-habra-temporada-2-de-the-peripheral.jpg\"> <\/a> <\/div><\/div><\/div>\n<\/div>\n<blockquote><p>Estamos encantados de continuar el viaje en la segunda temporada y profundizar en el incre\u00edble mundo que cre\u00f3 William Gibson. En nombre de Scott Smith, Vincenzo Natali y todo el equipo, estamos agradecidos a nuestros socios en Amazon y, sobre todo, a los fans.<\/p><\/blockquote>\n<p><strong>En Espinof<\/strong>: <a href=\"https:\/\/www.espinof.com\/listas\/mejores-series-ciencia-ficcion-netflix-hbo-amazon-prime-video-disney-plus\">Las 28 mejores series de ciencia ficci\u00f3n que puedes ver en Netflix, HBO Max, Amazon Prime Video, Disney+ y Apple TV+<\/a><\/p>\n<p><!-- BREAK 5 --> <\/p>\n","protected":false},"excerpt":{"rendered":"<p>Amazon se ha hecho de rogar pero finalmente ha anunciado la renovaci\u00f3n de &#8216;The Peripheral&#8217; por una segunda temporada. Esta serie de ciencia ficci\u00f3n fue la que destron\u00f3 a &#8216;El se\u00f1or de los anillos: Los anillos del poder&#8217; al frente del Top de lo m\u00e1s visto de Prime Video, pero se ve que sus datos [&hellip;]<\/p>\n","protected":false},"author":1,"featured_media":0,"comment_status":"closed","ping_status":"closed","sticky":false,"template":"","format":"standard","meta":[],"categories":[6],"tags":[],"_links":{"self":[{"href":"http:\/\/nuevacordoba.net\/index.php\/wp-json\/wp\/v2\/posts\/29173"}],"collection":[{"href":"http:\/\/nuevacordoba.net\/index.php\/wp-json\/wp\/v2\/posts"}],"about":[{"href":"http:\/\/nuevacordoba.net\/index.php\/wp-json\/wp\/v2\/types\/post"}],"author":[{"embeddable":true,"href":"http:\/\/nuevacordoba.net\/index.php\/wp-json\/wp\/v2\/users\/1"}],"replies":[{"embeddable":true,"href":"http:\/\/nuevacordoba.net\/index.php\/wp-json\/wp\/v2\/comments?post=29173"}],"version-history":[{"count":0,"href":"http:\/\/nuevacordoba.net\/index.php\/wp-json\/wp\/v2\/posts\/29173\/revisions"}],"wp:attachment":[{"href":"http:\/\/nuevacordoba.net\/index.php\/wp-json\/wp\/v2\/media?parent=29173"}],"wp:term":[{"taxonomy":"category","embeddable":true,"href":"http:\/\/nuevacordoba.net\/index.php\/wp-json\/wp\/v2\/categories?post=29173"},{"taxonomy":"post_tag","embeddable":true,"href":"http:\/\/nuevacordoba.net\/index.php\/wp-json\/wp\/v2\/tags?post=29173"}],"curies":[{"name":"wp","href":"https:\/\/api.w.org\/{rel}","templated":true}]}}