{"id":2918,"date":"2021-04-05T18:27:23","date_gmt":"2021-04-05T18:27:23","guid":{"rendered":"http:\/\/cordobanewsnet.wordpress.com\/?p=5229"},"modified":"2021-04-05T18:27:23","modified_gmt":"2021-04-05T18:27:23","slug":"coronavirus-en-cordoba-vacunacion-y-posibles-medidas-que-analiza-el-gobierno","status":"publish","type":"post","link":"http:\/\/nuevacordoba.net\/index.php\/2021\/04\/05\/coronavirus-en-cordoba-vacunacion-y-posibles-medidas-que-analiza-el-gobierno\/","title":{"rendered":"Coronavirus en C\u00f3rdoba: vacunaci\u00f3n y posibles medidas que analiza el Gobierno"},"content":{"rendered":"<p><!-- \/featured-media --> <\/p>\n<div class=\"post-content clear\" readability=\"53.364705882353\">\n<p>La principal expectativa reside en las posibles medidas que tomar\u00e1n los gobiernos. En el caso de la Provincia, desde el ministerio de Salud aclararon que las&nbsp;<strong>decisiones de restricciones deben ser tomadas por los intendentes<\/strong>, pero remarcaron la necesidad de&nbsp;<strong>limitar las reuniones de personas<\/strong>.<\/p>\n<p>Consultada por la posibilidad de aplicar restricciones nocturnas,&nbsp;<strong>Gabriela Barb\u00e1s<\/strong>, secretaria de Promoci\u00f3n y Prevenci\u00f3n de la Salud, explic\u00f3:&nbsp;\u201cSiempre las recomendaciones del Ministerio de Salud&nbsp;<strong>van a ser recomendaciones para evitar la conglomeraci\u00f3n de personas, de encierro de muchas personas<\/strong>. Pero es la autoridad local la que toma las decisiones\u201d.<\/p>\n<p><strong>Vacunaci\u00f3n<\/strong><\/p>\n<p>En ese marco, subray\u00f3 la importancia del avance de la vacunaci\u00f3n y confirm\u00f3 que&nbsp;<strong>menos del 50 por ciento de los adultos mayores de 70 se inscribieron para recibir la dosis<\/strong>. \u201cLa vacunaci\u00f3n es totalmente voluntaria, no se puede ir casa por casa obligando a las personas. Se est\u00e1n aplicando distintas estrategias para llegar a un gran porcentaje de la poblaci\u00f3n. De los que se han inscripto entre los mayores de 70, pr\u00e1cticamente estar\u00e1 el 100 por ciento vacunado en los pr\u00f3ximos d\u00edas\u201d, destac\u00f3 en&nbsp;<strong><em>El Show del Lagarto.<\/em><\/strong><\/p>\n<div id=\"jp-post-flair\" class=\"sharedaddy sd-like-enabled sd-sharing-enabled\">\n<div class=\"sharedaddy sd-sharing-enabled\">\n<div class=\"robots-nocontent sd-block sd-social sd-social-icon-text sd-sharing\">\n<h3 class=\"sd-title\">Share this:<\/h3>\n<\/div>\n<\/div>\n<div class=\"sharedaddy sd-block sd-like jetpack-likes-widget-wrapper jetpack-likes-widget-unloaded\" id=\"like-post-wrapper-143108178-5229-606d62ed64874\" data-src=\"\/\/widgets.wp.com\/likes\/index.html?ver=20210317#blog_id=143108178&amp;post_id=5229&amp;origin=cordobanewsnet.wordpress.com&amp;obj_id=143108178-5229-606d62ed64874\" data-name=\"like-post-frame-143108178-5229-606d62ed64874\">\n<h3 class=\"sd-title\">Me gusta esto:<\/h3>\n<p><span class=\"button\"><span>Me gusta<\/span><\/span> <span class=\"loading\">Cargando&#8230;<\/span><\/p>\n<p><span class=\"sd-text-color\"><\/span><\/div>\n<p><h3 class=\"jp-relatedposts-headline\"><em>Relacionado<\/em><\/h3>\n<\/p>\n<\/div><\/div>\n<p><!--\/.post-content--> <\/p>\n<footer class=\"post-meta-container clear\" readability=\"0.25793650793651\">\n<div class=\"entry-author author-avatar-show\" readability=\"13.114754098361\">\n<div class=\"author-avatar\"> <img loading=\"lazy\" alt src=\"http:\/\/nuevacordoba.net\/wp-content\/uploads\/2021\/04\/coronavirus-en-cordoba-vacunacion-y-posibles-medidas-que-analiza-el-gobierno.png\" class=\"avatar avatar-90\" height=\"90\" width=\"90\"> <\/div>\n<p><!-- .author-avatar --> <\/p>\n<p><h2 class=\"author-title\">Publicado por <span class=\"author-name\">Redacci\u00f3n<\/span><\/h2>\n<\/p>\n<p><!-- .author-heading --> <\/p>\n<p class=\"author-bio\"> <a class=\"author-link\" href=\"https:\/\/cordobanewsnet.wordpress.com\/author\/prettomatias\/\" rel=\"author\"> Ver todas las entradas de Redacci\u00f3n <\/a> <\/p>\n<p><!-- .author-bio --> <\/div>\n<p><!-- .entry-auhtor --> <\/footer>\n<p> <!-- \/post-meta-container --> <!-- #respond --> <\/p>\n","protected":false},"excerpt":{"rendered":"<p>La principal expectativa reside en las posibles medidas que tomar\u00e1n los gobiernos. En el caso de la Provincia, desde el ministerio de Salud aclararon que las&nbsp;decisiones de restricciones deben ser tomadas por los intendentes, pero remarcaron la necesidad de&nbsp;limitar las reuniones de personas. Consultada por la posibilidad de aplicar restricciones nocturnas,&nbsp;Gabriela Barb\u00e1s, secretaria de Promoci\u00f3n [&hellip;]<\/p>\n","protected":false},"author":1,"featured_media":2919,"comment_status":"closed","ping_status":"closed","sticky":false,"template":"","format":"standard","meta":[],"categories":[14],"tags":[],"_links":{"self":[{"href":"http:\/\/nuevacordoba.net\/index.php\/wp-json\/wp\/v2\/posts\/2918"}],"collection":[{"href":"http:\/\/nuevacordoba.net\/index.php\/wp-json\/wp\/v2\/posts"}],"about":[{"href":"http:\/\/nuevacordoba.net\/index.php\/wp-json\/wp\/v2\/types\/post"}],"author":[{"embeddable":true,"href":"http:\/\/nuevacordoba.net\/index.php\/wp-json\/wp\/v2\/users\/1"}],"replies":[{"embeddable":true,"href":"http:\/\/nuevacordoba.net\/index.php\/wp-json\/wp\/v2\/comments?post=2918"}],"version-history":[{"count":0,"href":"http:\/\/nuevacordoba.net\/index.php\/wp-json\/wp\/v2\/posts\/2918\/revisions"}],"wp:featuredmedia":[{"embeddable":true,"href":"http:\/\/nuevacordoba.net\/index.php\/wp-json\/wp\/v2\/media\/2919"}],"wp:attachment":[{"href":"http:\/\/nuevacordoba.net\/index.php\/wp-json\/wp\/v2\/media?parent=2918"}],"wp:term":[{"taxonomy":"category","embeddable":true,"href":"http:\/\/nuevacordoba.net\/index.php\/wp-json\/wp\/v2\/categories?post=2918"},{"taxonomy":"post_tag","embeddable":true,"href":"http:\/\/nuevacordoba.net\/index.php\/wp-json\/wp\/v2\/tags?post=2918"}],"curies":[{"name":"wp","href":"https:\/\/api.w.org\/{rel}","templated":true}]}}