{"id":29377,"date":"2023-02-16T11:35:17","date_gmt":"2023-02-16T11:35:17","guid":{"rendered":"http:\/\/estaciontrip.com.ar\/?p=7424"},"modified":"2023-02-16T11:35:17","modified_gmt":"2023-02-16T11:35:17","slug":"puerto-madryn-llega-la-fiesta-nacional-del-cordero","status":"publish","type":"post","link":"http:\/\/nuevacordoba.net\/index.php\/2023\/02\/16\/puerto-madryn-llega-la-fiesta-nacional-del-cordero\/","title":{"rendered":"Puerto Madryn: llega la Fiesta Nacional del Cordero"},"content":{"rendered":"<p><em>La celebraci\u00f3n que cuenta con la Marca Pa\u00eds del Ministerio de Turismo de Naci\u00f3n, ser\u00e1 del 16 al 19 de febrero para rendirle culto a la gastronom\u00eda local de excelencia y con una grilla de artistas que complementar\u00e1n un show musica<\/em>l.<\/p>\n<p>Puerto Madryn, en la provincia de Chubut, se prepara para la Fiesta Nacional del Cordero que se desarrollar\u00e1 entre el 16 y 19 de febrero&nbsp;con una grilla de artistas de primer nivel, en un predio ferial que incluye lo mejor de la gastronom\u00eda local, empresarial, comercial y artesanal. <\/p>\n<p>La Fiesta forma parte del circuito de Fiestas Argentinas y esta edici\u00f3n cuenta con la Marca Pa\u00eds del Ministerio de Turismo de Naci\u00f3n. Durante cuatro d\u00edas, convoca a m\u00e1s de setenta mil personas.&nbsp;<\/p>\n<p>La 25\u00aa edici\u00f3n se llevar\u00e1 a cabo en el Club Social y Deportivo Madryn los d\u00edas 16, 17, 18 y 19 de febrero. El escenario de este evento lo abrir\u00e1n los artistas locales y Yhosva Montoya el jueves 16 de febrero. Luego, estar\u00e1n Soledad Pastorutti, el viernes 17, Los Aut\u00e9nticos Decadentes el s\u00e1bado 18 y el cierre estar\u00e1 a cargo de Abel Pintos, el domingo 19.&nbsp;<\/p>\n<div id=\"envira-gallery-wrap-7426\" class=\"envira-gallery-wrap envira-gallery-theme-base envira-lightbox-theme-base\" itemscope itemtype=\"https:\/\/schema.org\/ImageGallery\">\n<div data-row-height data-gallery-theme id=\"envira-gallery-7426\" class=\"envira-gallery-public envira-gallery-1-columns envira-clear enviratope envira-gallery-css-animations\" data-envira-columns=\"1\">\n<div id=\"envira-gallery-item-7427\" class=\"envira-gallery-item enviratope-item envira-gallery-item-1 envira-lazy-load\" itemscope itemtype=\"https:\/\/schema.org\/ImageObject\">\n<div class=\"envira-gallery-item-inner\"><a href=\"http:\/\/nuevacordoba.net\/wp-content\/uploads\/2023\/02\/puerto-madryn-llega-la-fiesta-nacional-del-cordero-1.jpg\" class=\"envira-gallery-7426 envira-gallery-link\" rel=\"enviragallery7426\" title=\"unnamed (2)\" data-envira-caption=\"unnamed (2)\" data-envira-retina data-thumbnail itemprop=\"contentUrl\"><\/p>\n<div class=\"envira-lazy\" data-test-width=\"640\" data-test-height=\"480\"><img id=\"envira-gallery-image-7427\" class=\"envira-gallery-image envira-gallery-image-1\" data-envira-index=\"1\" src=\"http:\/\/nuevacordoba.net\/wp-content\/uploads\/2023\/02\/puerto-madryn-llega-la-fiesta-nacional-del-cordero.jpg\" data-envira-src=\"http:\/\/nuevacordoba.net\/wp-content\/uploads\/2023\/02\/puerto-madryn-llega-la-fiesta-nacional-del-cordero.jpg\" data-envira-gallery-id=\"7426\" data-envira-item-id=\"7427\" data-envira-caption=\"unnamed (2)\" alt title=\"unnamed (2)\" itemprop=\"thumbnailUrl\" data-envira-srcset=\"http:\/\/nuevacordoba.net\/wp-content\/uploads\/2023\/02\/puerto-madryn-llega-la-fiesta-nacional-del-cordero.jpg 400w,http:\/\/nuevacordoba.net\/wp-content\/uploads\/2023\/02\/puerto-madryn-llega-la-fiesta-nacional-del-cordero.jpg 2x\" srcset=\"data:image\/gif;base64,R0lGODlhAQABAIAAAP\/\/\/\/\/\/\/yH5BAEKAAEALAAAAAABAAEAAAICTAEAOw==\"><\/div>\n<p><\/a><\/div>\n<\/div>\n<\/div>\n<\/div>\n<p><noscript><img src=\"http:\/\/nuevacordoba.net\/wp-content\/uploads\/2023\/02\/puerto-madryn-llega-la-fiesta-nacional-del-cordero-1.jpg\" alt><\/noscript> <\/p>\n<p> \u201c<em>La Fiesta del Cordero es la fiesta del pueblo madrynense, que representa la historia, la cultura campera de Puerto Madryn y Patagonia. La fiesta ha logrado consolidarse cuando se reinici\u00f3 su realizaci\u00f3n en la gesti\u00f3n de Ricardo Sastre) y logr\u00f3 trascender las fronteras locales. Esta es la 25\u00aa edici\u00f3n, una edici\u00f3n muy especial donde nos volvemos a encontrar despu\u00e9s de la pandemia. Es un atractivo en el fin de nuestra temporada de verano, forma parte del circuito de Fiestas Argentinas y adem\u00e1s, esta edici\u00f3n cuenta con la Marca Pa\u00eds del Ministerio de Turismo de Naci\u00f3n. Puerto Madryn es un destino clave del turismo regional y nacional<\/em>\u201d, describi\u00f3 el intendente Gustavo Sastre. <\/p>\n<div id=\"envira-gallery-wrap-7428\" class=\"envira-gallery-wrap envira-gallery-theme-base envira-lightbox-theme-base\" itemscope itemtype=\"https:\/\/schema.org\/ImageGallery\">\n<div data-row-height data-gallery-theme id=\"envira-gallery-7428\" class=\"envira-gallery-public envira-gallery-1-columns envira-clear enviratope envira-gallery-css-animations\" data-envira-columns=\"1\">\n<div id=\"envira-gallery-item-7429\" class=\"envira-gallery-item enviratope-item envira-gallery-item-1 envira-lazy-load\" itemscope itemtype=\"https:\/\/schema.org\/ImageObject\">\n<div class=\"envira-gallery-item-inner\"><a href=\"http:\/\/nuevacordoba.net\/wp-content\/uploads\/2023\/02\/puerto-madryn-llega-la-fiesta-nacional-del-cordero-3.jpg\" class=\"envira-gallery-7428 envira-gallery-link\" rel=\"enviragallery7428\" title=\"unnamed (3)\" data-envira-caption=\"unnamed (3)\" data-envira-retina data-thumbnail itemprop=\"contentUrl\"><\/p>\n<div class=\"envira-lazy\" data-test-width=\"640\" data-test-height=\"480\"><img id=\"envira-gallery-image-7429\" class=\"envira-gallery-image envira-gallery-image-1\" data-envira-index=\"1\" src=\"http:\/\/nuevacordoba.net\/wp-content\/uploads\/2023\/02\/puerto-madryn-llega-la-fiesta-nacional-del-cordero-2.jpg\" data-envira-src=\"http:\/\/nuevacordoba.net\/wp-content\/uploads\/2023\/02\/puerto-madryn-llega-la-fiesta-nacional-del-cordero-2.jpg\" data-envira-gallery-id=\"7428\" data-envira-item-id=\"7429\" data-envira-caption=\"unnamed (3)\" alt title=\"unnamed (3)\" itemprop=\"thumbnailUrl\" data-envira-srcset=\"http:\/\/nuevacordoba.net\/wp-content\/uploads\/2023\/02\/puerto-madryn-llega-la-fiesta-nacional-del-cordero-2.jpg 400w,http:\/\/nuevacordoba.net\/wp-content\/uploads\/2023\/02\/puerto-madryn-llega-la-fiesta-nacional-del-cordero-2.jpg 2x\" srcset=\"data:image\/gif;base64,R0lGODlhAQABAIAAAP\/\/\/\/\/\/\/yH5BAEKAAEALAAAAAABAAEAAAICTAEAOw==\"><\/div>\n<p><\/a><\/div>\n<\/div>\n<\/div>\n<\/div>\n<p><noscript><img src=\"http:\/\/nuevacordoba.net\/wp-content\/uploads\/2023\/02\/puerto-madryn-llega-la-fiesta-nacional-del-cordero-3.jpg\" alt><\/noscript> <\/p>\n<p><strong>Acerca de la Fiesta<\/strong><br \/>Desde 1977 se celebra en Puerto Madryn esta fiesta en honor al quehacer ganadero, como en cada edici\u00f3n, el programa es variado lleno de actividades culturales, tradicionalistas, espect\u00e1culos, de recreaci\u00f3n como demostraciones de esquila, arreo con perros, jineteadas, paseo artesanal y sector de exposiciones.<\/p>\n<p>Dentro de las destrezas criollas podemos destacar las jineteadas en las que participan jinetes de los m\u00e1s importantes campos de Chubut y de provincias vecinas. En esta oportunidad, habr\u00e1 m\u00e1s de dos millones de pesos en premios de jineteadas y pruebas de riendas.<\/p>\n<p>La Fiesta forma parte del calendario nacional, es un atractivo tur\u00edstico que suma el destino, donde todos los visitantes se transforman inmediatamente en comensales de este exquisito manjar que ha logrado hacer conocida a la Patagonia en el mundo.<\/p>\n<p><strong>M\u00e1s informaci\u00f3n<\/strong>: \u200b\u200b<a href=\"https:\/\/agenciawachs.us10.list-manage.com\/track\/click?u=ec9f4ccb22a83ebc6bc150c5a&amp;id=4351827410&amp;e=7dae8afb9f\" target=\"_blank\" rel=\"noreferrer noopener\">https:\/\/fiestadelcordero.madryn.gob.ar\/<\/a><\/p>\n","protected":false},"excerpt":{"rendered":"<p>La celebraci\u00f3n que cuenta con la Marca Pa\u00eds del Ministerio de Turismo de Naci\u00f3n, ser\u00e1 del 16 al 19 de febrero para rendirle culto a la gastronom\u00eda local de excelencia y con una grilla de artistas que complementar\u00e1n un show musical. Puerto Madryn, en la provincia de Chubut, se prepara para la Fiesta Nacional del [&hellip;]<\/p>\n","protected":false},"author":1,"featured_media":29378,"comment_status":"closed","ping_status":"closed","sticky":false,"template":"","format":"standard","meta":[],"categories":[11],"tags":[],"_links":{"self":[{"href":"http:\/\/nuevacordoba.net\/index.php\/wp-json\/wp\/v2\/posts\/29377"}],"collection":[{"href":"http:\/\/nuevacordoba.net\/index.php\/wp-json\/wp\/v2\/posts"}],"about":[{"href":"http:\/\/nuevacordoba.net\/index.php\/wp-json\/wp\/v2\/types\/post"}],"author":[{"embeddable":true,"href":"http:\/\/nuevacordoba.net\/index.php\/wp-json\/wp\/v2\/users\/1"}],"replies":[{"embeddable":true,"href":"http:\/\/nuevacordoba.net\/index.php\/wp-json\/wp\/v2\/comments?post=29377"}],"version-history":[{"count":0,"href":"http:\/\/nuevacordoba.net\/index.php\/wp-json\/wp\/v2\/posts\/29377\/revisions"}],"wp:featuredmedia":[{"embeddable":true,"href":"http:\/\/nuevacordoba.net\/index.php\/wp-json\/wp\/v2\/media\/29378"}],"wp:attachment":[{"href":"http:\/\/nuevacordoba.net\/index.php\/wp-json\/wp\/v2\/media?parent=29377"}],"wp:term":[{"taxonomy":"category","embeddable":true,"href":"http:\/\/nuevacordoba.net\/index.php\/wp-json\/wp\/v2\/categories?post=29377"},{"taxonomy":"post_tag","embeddable":true,"href":"http:\/\/nuevacordoba.net\/index.php\/wp-json\/wp\/v2\/tags?post=29377"}],"curies":[{"name":"wp","href":"https:\/\/api.w.org\/{rel}","templated":true}]}}