{"id":29389,"date":"2023-02-16T15:11:45","date_gmt":"2023-02-16T15:11:45","guid":{"rendered":"http:\/\/cordobanewsnet.wordpress.com\/?p=7737"},"modified":"2023-02-16T15:11:45","modified_gmt":"2023-02-16T15:11:45","slug":"el-dibu-martinez-subasta-los-guantes-del-mundial-para-ayudar-al-hospital-garrahan","status":"publish","type":"post","link":"http:\/\/nuevacordoba.net\/index.php\/2023\/02\/16\/el-dibu-martinez-subasta-los-guantes-del-mundial-para-ayudar-al-hospital-garrahan\/","title":{"rendered":"El Dibu Mart\u00ednez subasta los guantes del mundial para ayudar al hospital Garrahan"},"content":{"rendered":"<p><!-- \/featured-media --> <\/p>\n<div class=\"post-content clear\" readability=\"49.220374220374\">\n<p>\u201cLos guantes del Dibu nos vuelven a emocionar\u201d, es el lema de la campa\u00f1a que impulsa la&nbsp;<strong>Fundaci\u00f3n Pedi\u00e1trica Argentina<\/strong>&nbsp;junto a&nbsp;<strong>Emiliano Mart\u00ednez.<\/strong><\/p>\n<p>El arquero campe\u00f3n del mundo decidi\u00f3 darle una alegr\u00eda m\u00e1s a los argentinos y subastar\u00e1 los guantes que us\u00f3 en el<strong>&nbsp;Mundial de Qatar.<\/strong>&nbsp;El objetivo de la movida solidaria es recaudar fondos para la sala de oncolog\u00eda del Hospital Garrahan de la Argentina.<\/p>\n<figure class=\"wp-block-image\"><img src=\"http:\/\/nuevacordoba.net\/wp-content\/uploads\/2023\/02\/el-dibu-martinez-subasta-los-guantes-del-mundial-para-ayudar-al-hospital-garrahan-1.jpg\" alt><\/figure>\n<p>Para darle m\u00e1s valor, el guardametas del Aston Villa los autografi\u00f3. As\u00ed, quien aporte m\u00e1s dinero se los quedar\u00e1, ayudando a que m\u00e1s<strong>&nbsp;ni\u00f1os y ni\u00f1as con c\u00e1ncer<\/strong>&nbsp;tengan una mejor atenci\u00f3n.&nbsp;<\/p>\n<p>Cabe recordar que con esos guantes el marplatense ataj\u00f3 en los siete partidos de la Scaloneta, algunos m\u00e1s decisivos. Entre ellos, los&nbsp;<strong>penales contra Pa\u00edses Bajos<\/strong>&nbsp;o la importante atajada a&nbsp;<strong>Kolo Muani<\/strong>&nbsp;en la final ante Francia.<\/p>\n<figure class=\"wp-block-image\"><img src=\"http:\/\/nuevacordoba.net\/wp-content\/uploads\/2023\/02\/el-dibu-martinez-subasta-los-guantes-del-mundial-para-ayudar-al-hospital-garrahan-2.jpg\" alt><\/figure>\n<div class=\"wordads-ad-wrapper\">\n<div class=\"wordads-ad\">\n<p>Anuncio publicitario<\/p>\n<p><span onclick=\"javascript:__tcfapi( 'showUi' );\">Ajustes de privacidad<\/span><\/p>\n<\/div>\n<\/div>\n<div id=\"jp-post-flair\" class=\"sharedaddy sd-like-enabled sd-sharing-enabled\">\n<div class=\"sharedaddy sd-sharing-enabled\">\n<div class=\"robots-nocontent sd-block sd-social sd-social-icon-text sd-sharing\">\n<h3 class=\"sd-title\">Share this:<\/h3>\n<\/div>\n<\/div>\n<div class=\"sharedaddy sd-block sd-like jetpack-likes-widget-wrapper jetpack-likes-widget-unloaded\" id=\"like-post-wrapper-143108178-7737-63ef11faba14c\" data-src=\"\/\/widgets.wp.com\/likes\/index.html?ver=20230213#blog_id=143108178&amp;post_id=7737&amp;origin=cordobanewsnet.wordpress.com&amp;obj_id=143108178-7737-63ef11faba14c\" data-name=\"like-post-frame-143108178-7737-63ef11faba14c\" data-title=\"Me gusta o Compartir\">\n<h3 class=\"sd-title\">Me gusta esto:<\/h3>\n<p><span class=\"button\"><span>Me gusta<\/span><\/span> <span class=\"loading\">Cargando&#8230;<\/span><\/p>\n<p><span class=\"sd-text-color\"><\/span><\/div>\n<p><h3 class=\"jp-relatedposts-headline\"><em>Relacionado<\/em><\/h3>\n<\/p>\n<\/div><\/div>\n<p><!--\/.post-content--> <\/p>\n<footer class=\"post-meta-container clear\" readability=\"0.3469387755102\">\n<div class=\"entry-author author-avatar-show\" readability=\"13.114754098361\">\n<div class=\"author-avatar\"> <img loading=\"lazy\" alt src=\"http:\/\/nuevacordoba.net\/wp-content\/uploads\/2023\/02\/el-dibu-martinez-subasta-los-guantes-del-mundial-para-ayudar-al-hospital-garrahan.png\" class=\"avatar avatar-90\" height=\"90\" width=\"90\"> <\/div>\n<p><!-- .author-avatar --> <\/p>\n<p><h2 class=\"author-title\">Publicado por <span class=\"author-name\">Redacci\u00f3n<\/span><\/h2>\n<\/p>\n<p><!-- .author-heading --> <\/p>\n<p class=\"author-bio\"> <a class=\"author-link\" href=\"https:\/\/cordobanewsnet.wordpress.com\/author\/prettomatias\/\" rel=\"author\"> Ver todas las entradas de Redacci\u00f3n <\/a> <\/p>\n<p><!-- .author-bio --> <\/div>\n<p><!-- .entry-auhtor --> <\/footer>\n<p> <!-- \/post-meta-container --> <!-- #respond --> <\/p>\n","protected":false},"excerpt":{"rendered":"<p>\u201cLos guantes del Dibu nos vuelven a emocionar\u201d, es el lema de la campa\u00f1a que impulsa la&nbsp;Fundaci\u00f3n Pedi\u00e1trica Argentina&nbsp;junto a&nbsp;Emiliano Mart\u00ednez. El arquero campe\u00f3n del mundo decidi\u00f3 darle una alegr\u00eda m\u00e1s a los argentinos y subastar\u00e1 los guantes que us\u00f3 en el&nbsp;Mundial de Qatar.&nbsp;El objetivo de la movida solidaria es recaudar fondos para la sala [&hellip;]<\/p>\n","protected":false},"author":1,"featured_media":29390,"comment_status":"closed","ping_status":"closed","sticky":false,"template":"","format":"standard","meta":[],"categories":[14],"tags":[],"_links":{"self":[{"href":"http:\/\/nuevacordoba.net\/index.php\/wp-json\/wp\/v2\/posts\/29389"}],"collection":[{"href":"http:\/\/nuevacordoba.net\/index.php\/wp-json\/wp\/v2\/posts"}],"about":[{"href":"http:\/\/nuevacordoba.net\/index.php\/wp-json\/wp\/v2\/types\/post"}],"author":[{"embeddable":true,"href":"http:\/\/nuevacordoba.net\/index.php\/wp-json\/wp\/v2\/users\/1"}],"replies":[{"embeddable":true,"href":"http:\/\/nuevacordoba.net\/index.php\/wp-json\/wp\/v2\/comments?post=29389"}],"version-history":[{"count":0,"href":"http:\/\/nuevacordoba.net\/index.php\/wp-json\/wp\/v2\/posts\/29389\/revisions"}],"wp:featuredmedia":[{"embeddable":true,"href":"http:\/\/nuevacordoba.net\/index.php\/wp-json\/wp\/v2\/media\/29390"}],"wp:attachment":[{"href":"http:\/\/nuevacordoba.net\/index.php\/wp-json\/wp\/v2\/media?parent=29389"}],"wp:term":[{"taxonomy":"category","embeddable":true,"href":"http:\/\/nuevacordoba.net\/index.php\/wp-json\/wp\/v2\/categories?post=29389"},{"taxonomy":"post_tag","embeddable":true,"href":"http:\/\/nuevacordoba.net\/index.php\/wp-json\/wp\/v2\/tags?post=29389"}],"curies":[{"name":"wp","href":"https:\/\/api.w.org\/{rel}","templated":true}]}}