{"id":2949,"date":"2021-04-07T22:28:43","date_gmt":"2021-04-07T22:28:43","guid":{"rendered":"http:\/\/www.bbc.com\/mundo\/noticias-america-latina-56610284"},"modified":"2021-04-07T22:28:43","modified_gmt":"2021-04-07T22:28:43","slug":"lo-que-esta-pasando-en-cuba-ahora-es-la-muestra-de-que-este-pueblo-se-canso-que-ya-no-aguanta-mas-maykel-osorbo","status":"publish","type":"post","link":"http:\/\/nuevacordoba.net\/index.php\/2021\/04\/07\/lo-que-esta-pasando-en-cuba-ahora-es-la-muestra-de-que-este-pueblo-se-canso-que-ya-no-aguanta-mas-maykel-osorbo\/","title":{"rendered":"\u00abLo que est\u00e1 pasando en Cuba ahora es la muestra de que este pueblo se cans\u00f3, que ya no aguanta m\u00e1s\u00bb: Maykel Osorbo"},"content":{"rendered":"<div dir=\"ltr\" class=\"e1j2237y6 bbc-q4ibpr e57qer20\">\n<div class=\"bbc-1atl7vu e1c9i7u14\">\n<ul role=\"list\" class=\"bbc-cdrraw e1c9i7u12\">\n<li role=\"listitem\" class=\"bbc-1a3w4ok e1c9i7u11\">Lioman Lima &#8211; @liomanlima <\/li>\n<li role=\"listitem\" class=\"bbc-1p92jtu e1c9i7u10\">BBC News Mundo<\/li>\n<\/ul>\n<\/div>\n<\/div>\n<p><time datetime=\"2021-04-07\" class=\"bbc-14xtggo e4zesg50\">3 horas<\/time><\/p>\n<div dir=\"ltr\" class=\"bbc-1ka88fa e57qer20\">\n<figure class=\"bbc-1qdcvv9 e6bmn90\">\n<div dir=\"ltr\" class=\"bbc-172p16q e57qer20\">\n<div dir=\"ltr\" class=\"bbc-189y18v e57qer20\" readability=\"6.5\">\n<div data-e2e=\"image-placeholder\" class=\"bbc-1k5hvrj e1whu0\" readability=\"8\"><img srcset=\"http:\/\/nuevacordoba.net\/wp-content\/uploads\/2021\/04\/lo-que-esta-pasando-en-cuba-ahora-es-la-muestra-de-que-este-pueblo-se-canso-que-ya-no-aguanta-mas-maykel-osorbo-7.jpg 240w, http:\/\/nuevacordoba.net\/wp-content\/uploads\/2021\/04\/lo-que-esta-pasando-en-cuba-ahora-es-la-muestra-de-que-este-pueblo-se-canso-que-ya-no-aguanta-mas-maykel-osorbo-8.jpg 320w, http:\/\/nuevacordoba.net\/wp-content\/uploads\/2021\/04\/lo-que-esta-pasando-en-cuba-ahora-es-la-muestra-de-que-este-pueblo-se-canso-que-ya-no-aguanta-mas-maykel-osorbo-9.jpg 480w, http:\/\/nuevacordoba.net\/wp-content\/uploads\/2021\/04\/lo-que-esta-pasando-en-cuba-ahora-es-la-muestra-de-que-este-pueblo-se-canso-que-ya-no-aguanta-mas-maykel-osorbo-10.jpg 624w, http:\/\/nuevacordoba.net\/wp-content\/uploads\/2021\/04\/lo-que-esta-pasando-en-cuba-ahora-es-la-muestra-de-que-este-pueblo-se-canso-que-ya-no-aguanta-mas-maykel-osorbo-11.jpg 800w\" alt=\"osorbo\" src=\"http:\/\/nuevacordoba.net\/wp-content\/uploads\/2021\/04\/lo-que-esta-pasando-en-cuba-ahora-es-la-muestra-de-que-este-pueblo-se-canso-que-ya-no-aguanta-mas-maykel-osorbo.jpg\" width=\"976\" class=\"bbc-fat2bc e1enwo3v0\"><\/p>\n<p role=\"text\" class=\"bbc-1s1cxbv etq3yw90\"><span class=\"bbc-1gnhmg2 e1yt7oin0\">Fuente de la imagen, <\/span><span lang=\"en-GB\">Facebook\/Maykel Osorbo<\/span><\/p>\n<\/div>\n<\/div>\n<div dir=\"ltr\" class=\"bbc-3edg7g e57qer20\" readability=\"6\"><figcaption dir=\"ltr\" class=\"bbc-1t9zlwf eede9f50\" readability=\"2\"><span class=\"bbc-1gnhmg2 e1yt7oin0\">Pie de foto, <\/span><\/p>\n<p>Osorbo escap\u00f3 de la polic\u00eda con una esposa en una mano.<\/p>\n<\/figcaption><\/div>\n<\/div>\n<\/figure>\n<\/div>\n<div dir=\"ltr\" class=\"bbc-19j92fr e57qer20\" readability=\"8\">\n<p dir=\"ltr\" class=\"bbc-bm53ic e1cc2ql70\"><b> Uno de los barrios m\u00e1s pobres de La Habana fue otra vez protagonista de un suceso poco frecuente en Cuba: una protesta contra el gobierno. <\/b><\/p>\n<\/div>\n<div dir=\"ltr\" class=\"bbc-19j92fr e57qer20\" readability=\"12\">\n<p dir=\"ltr\" class=\"bbc-bm53ic e1cc2ql70\">El pasado fin de semana, vecinos de San Isidro, en La Habana Vieja impidieron que la polic\u00eda esposara y detuviera al rapero contestatario Maykel Osorbo en un inusual desaf\u00edo a las autoridades, seg\u00fan muestran videos publicados en redes sociales.<\/p>\n<\/div>\n<div dir=\"ltr\" class=\"bbc-19j92fr e57qer20\" readability=\"11\">\n<p dir=\"ltr\" class=\"bbc-bm53ic e1cc2ql70\">Decenas de personas siguieron al rapero hasta la sede Movimiento San Isidro, el grupo de j\u00f3venes artistas al que pertenece, e iniciaron una protesta callejera en la que cantaron consignas por el cambio y en contra del presidente Miguel D\u00edaz-Canel.<\/p>\n<\/div>\n<div dir=\"ltr\" class=\"bbc-19j92fr e57qer20\" readability=\"7\">\n<p dir=\"ltr\" class=\"bbc-bm53ic e1cc2ql70\">No fue el \u00fanico desaf\u00edo al gobierno que ha tenido lugar recientemente.<\/p>\n<\/div>\n<div dir=\"ltr\" class=\"bbc-19j92fr e57qer20\" readability=\"14\">\n<p dir=\"ltr\" class=\"bbc-bm53ic e1cc2ql70\">En Santiago de Cuba, decenas de personas, lideradas por el veterano opositor Jos\u00e9 Daniel Ferrer, pusieron en marcha hace un par de semanas una huelga de hambre que ha llamado la atenci\u00f3n de diferentes personalidades, gobiernos e instituciones, incluida la Uni\u00f3n Europea.<\/p>\n<\/div>\n<div dir=\"ltr\" class=\"bbc-19j92fr e57qer20\" readability=\"12\">\n<p dir=\"ltr\" class=\"bbc-bm53ic e1cc2ql70\">La huelga ya ha sumado a 44 personas, algunas en el extranjero, seg\u00fan cifras de la opositora Uni\u00f3n Patri\u00f3tica de Cuba (Unpacu), en la que es vista como una de las mayores que se han realizado en la isla en las \u00faltimas d\u00e9cadas.<\/p>\n<\/div>\n<div dir=\"ltr\" class=\"bbc-19j92fr e57qer20\" readability=\"8\">\n<p dir=\"ltr\" class=\"bbc-bm53ic e1cc2ql70\">Un art\u00edculo publicado en el diario oficial Granma este martes acus\u00f3 a los que se encuentran en huelga de hambre de intentar protagonizar una \u00abfarsa\u00bb y de \u00abpretender armar un show medi\u00e1tico\u00bb.<\/p>\n<\/div>\n<div dir=\"ltr\" class=\"e46rrwz0 bbc-1bh6w8m e57qer20\">\n<figure class=\"bbc-1qdcvv9 e6bmn90\" readability=\"1\">\n<div data-e2e=\"media-player\" class=\"bbc-rl27ak eveuav31\"><noscript readability=\"2\"><\/p>\n<div class=\"bbc-1b4920d ezuaodt2\" readability=\"9\"><img srcset=\"http:\/\/nuevacordoba.net\/wp-content\/uploads\/2021\/04\/lo-que-esta-pasando-en-cuba-ahora-es-la-muestra-de-que-este-pueblo-se-canso-que-ya-no-aguanta-mas-maykel-osorbo-1.jpg 240w, http:\/\/nuevacordoba.net\/wp-content\/uploads\/2021\/04\/lo-que-esta-pasando-en-cuba-ahora-es-la-muestra-de-que-este-pueblo-se-canso-que-ya-no-aguanta-mas-maykel-osorbo-1.jpg 320w, http:\/\/nuevacordoba.net\/wp-content\/uploads\/2021\/04\/lo-que-esta-pasando-en-cuba-ahora-es-la-muestra-de-que-este-pueblo-se-canso-que-ya-no-aguanta-mas-maykel-osorbo-1.jpg 480w, http:\/\/nuevacordoba.net\/wp-content\/uploads\/2021\/04\/lo-que-esta-pasando-en-cuba-ahora-es-la-muestra-de-que-este-pueblo-se-canso-que-ya-no-aguanta-mas-maykel-osorbo-1.jpg 624w, http:\/\/nuevacordoba.net\/wp-content\/uploads\/2021\/04\/lo-que-esta-pasando-en-cuba-ahora-es-la-muestra-de-que-este-pueblo-se-canso-que-ya-no-aguanta-mas-maykel-osorbo-1.jpg 800w\" alt src=\"http:\/\/nuevacordoba.net\/wp-content\/uploads\/2021\/04\/lo-que-esta-pasando-en-cuba-ahora-es-la-muestra-de-que-este-pueblo-se-canso-que-ya-no-aguanta-mas-maykel-osorbo-1.jpg\" aria-hidden=\"true\" class=\"bbc-yfiktt e1enwo3v0\"><\/p>\n<p><strong class=\"bbc-1k5stce ezuaodt0\">Para ver este contenido, favor activar JavaScript, o intentar con otro navegador<\/strong><\/p>\n<\/div>\n<p><\/noscript><\/div><figcaption dir=\"ltr\" class=\"bbc-1t9zlwf eede9f50\" readability=\"2\"><span class=\"bbc-1gnhmg2 e1yt7oin0\">T\u00edtulo del video, <\/span><\/p>\n<p>\u201cPatria y vida\u201d: el duelo musical entre el gobierno de Cuba y la disidencia<\/p>\n<\/figcaption><\/figure>\n<\/div>\n<div dir=\"ltr\" class=\"bbc-19j92fr e57qer20\" readability=\"9\">\n<p dir=\"ltr\" class=\"bbc-bm53ic e1cc2ql70\">Sobre los j\u00f3venes de San Isidro, la televisi\u00f3n cubana frecuentemente los acusa de organizar provocaciones y de estar al servicio de la \u00abmafia anticubana\u00bb de EE.UU.<\/p>\n<\/div>\n<div dir=\"ltr\" class=\"bbc-19j92fr e57qer20\" readability=\"7\">\n<p dir=\"ltr\" class=\"bbc-bm53ic e1cc2ql70\">BBC Mundo convers\u00f3 con Maykel Obsorbo sobre lo sucedido el domingo y la huelga de la Unpacu. <\/p>\n<\/div>\n<div dir=\"ltr\" class=\"bbc-19j92fr e57qer20\" readability=\"10\">\n<p dir=\"ltr\" class=\"bbc-bm53ic e1cc2ql70\">Seg\u00fan el cantante y activista, quien se cosi\u00f3 la boca el a\u00f1o pasado en protesta contra las autoridades, estos hechos son la muestra de que \u00abhay cosas que est\u00e1n cambiando en Cuba\u00bb.<\/p>\n<\/div>\n<div dir=\"ltr\" class=\"bbc-19j92fr e57qer20\" readability=\"13\">\n<p dir=\"ltr\" class=\"bbc-bm53ic e1cc2ql70\">Nacido en La Habana en 1983, Osorbo, cuyo nombre real es Maykel Castillo, se ha vuelto no solo un referente de la m\u00fasica contestataria en la isla, sino una de las voces j\u00f3venes m\u00e1s cr\u00edticas con el gobierno. <\/p>\n<\/div>\n<div dir=\"ltr\" class=\"bbc-19j92fr e57qer20\" readability=\"16\">\n<p dir=\"ltr\" class=\"bbc-bm53ic e1cc2ql70\">Su historia personal, dice, es tambi\u00e9n la muestra de lo que puede hacer el arte: se cri\u00f3 sin padres, solo lleg\u00f3 al cuarto grado, pas\u00f3 por centros de reeducaci\u00f3n de menores y luego, encontr\u00f3 en la m\u00fasica y en la lucha por los derechos humanos en su pa\u00eds un \u00abmotivo para seguir luchando, para viviendo\u00bb. <\/p>\n<\/div>\n<div dir=\"ltr\" class=\"bbc-19j92fr e57qer20\" readability=\"10\">\n<p dir=\"ltr\" class=\"bbc-bm53ic e1cc2ql70\">A continuaci\u00f3n, una s\u00edntesis de su conversaci\u00f3n con BBC Mundo, que ha sido recortada por motivos de espacio y claridad. <\/p>\n<\/div>\n<div dir=\"ltr\" class=\"bbc-1ka88fa e57qer20\">\n<figure class=\"bbc-1qdcvv9 e6bmn90\">\n<div dir=\"ltr\" class=\"bbc-172p16q e57qer20\">\n<div dir=\"ltr\" class=\"bbc-189y18v e57qer20\">\n<div data-e2e=\"image-placeholder\" class=\"bbc-367mqz e1whu0\"><noscript><img srcset=\"http:\/\/nuevacordoba.net\/wp-content\/uploads\/2021\/04\/lo-que-esta-pasando-en-cuba-ahora-es-la-muestra-de-que-este-pueblo-se-canso-que-ya-no-aguanta-mas-maykel-osorbo-12.jpg 240w, http:\/\/nuevacordoba.net\/wp-content\/uploads\/2021\/04\/lo-que-esta-pasando-en-cuba-ahora-es-la-muestra-de-que-este-pueblo-se-canso-que-ya-no-aguanta-mas-maykel-osorbo-13.jpg 320w, http:\/\/nuevacordoba.net\/wp-content\/uploads\/2021\/04\/lo-que-esta-pasando-en-cuba-ahora-es-la-muestra-de-que-este-pueblo-se-canso-que-ya-no-aguanta-mas-maykel-osorbo-14.jpg 464w\" alt=\"Presentational grey line\" src=\"http:\/\/nuevacordoba.net\/wp-content\/uploads\/2021\/04\/lo-que-esta-pasando-en-cuba-ahora-es-la-muestra-de-que-este-pueblo-se-canso-que-ya-no-aguanta-mas-maykel-osorbo-2.jpg\" width=\"464\" class=\"bbc-fat2bc e1enwo3v0\"><\/noscript><\/div>\n<\/div>\n<\/div>\n<\/figure>\n<\/div>\n<div dir=\"ltr\" class=\"bbc-19j92fr e57qer20\" readability=\"10\">\n<p dir=\"ltr\" class=\"bbc-bm53ic e1cc2ql70\"><b>El pasado domingo, decenas de personas impidieron su arresto en La Habana, lo que dio lugar a una protesta poco com\u00fan en la isla. \u00bfC\u00f3mo se lleg\u00f3 ah\u00ed?<\/b><\/p>\n<\/div>\n<div dir=\"ltr\" class=\"bbc-19j92fr e57qer20\" readability=\"8\">\n<p dir=\"ltr\" class=\"bbc-bm53ic e1cc2ql70\">El r\u00e9gimen estaba haciendo detenciones ese d\u00eda. Hab\u00edan detenido a (la artista) Tania Bruguera y a dos personas m\u00e1s y yo hab\u00eda ido a visitar a unas amistades. <\/p>\n<\/div>\n<div dir=\"ltr\" class=\"bbc-19j92fr e57qer20\" readability=\"10\">\n<p dir=\"ltr\" class=\"bbc-bm53ic e1cc2ql70\">Cuando estaba all\u00ed, llega un polic\u00eda en una patrulla y le pide documentos a uno de ellos, porque supuestamente lo hab\u00edan visto que se hab\u00eda bajado el nasobuco (mascarilla) un rato antes.<\/p>\n<\/div>\n<div dir=\"ltr\" class=\"bbc-19j92fr e57qer20\" readability=\"8\">\n<p dir=\"ltr\" class=\"bbc-bm53ic e1cc2ql70\">Yo le dije que eso que estaba haciendo era una violaci\u00f3n del estado de derecho y ah\u00ed me pidieron mi identificaci\u00f3n. <\/p>\n<\/div>\n<div dir=\"ltr\" class=\"bbc-19j92fr e57qer20\" readability=\"13\">\n<p dir=\"ltr\" class=\"bbc-bm53ic e1cc2ql70\">Yo les digo que no tengo carnet de identidad. A m\u00ed me quitaron el carnet de identidad, me han dicho que para personas como yo no hay carnet y, como no tengo identificaci\u00f3n, cada vez que me lo pide la polic\u00eda, me llevan preso. <\/p>\n<\/div>\n<div dir=\"ltr\" class=\"bbc-19j92fr e57qer20\" readability=\"11\">\n<p dir=\"ltr\" class=\"bbc-bm53ic e1cc2ql70\">Entonces fue ah\u00ed que me trataron de detener. Yo no quer\u00eda que me esposaran, porque ya el d\u00eda anterior tambi\u00e9n me hab\u00edan esposado, me dieron mucho golpe y luego me soltaron en un parque como si no hubiera pasado nada. Yo no quer\u00eda que la historia se repitiera.<\/p>\n<\/div>\n<div dir=\"ltr\" class=\"bbc-19j92fr e57qer20\" readability=\"11\">\n<p dir=\"ltr\" class=\"bbc-bm53ic e1cc2ql70\">Me esposaron una mano, pero no lograron esposar la otra. Ah\u00ed empez\u00f3 a salir pueblo para la calle e impidieron que me arrestaran. Cada vez que me ven\u00edan para arriba, la gente se met\u00eda en el medio y les gritaba para que me dejaran. <\/p>\n<\/div>\n<div dir=\"ltr\" class=\"bbc-19j92fr e57qer20\" readability=\"9\">\n<p dir=\"ltr\" class=\"bbc-bm53ic e1cc2ql70\">El pueblo fue el que me defendi\u00f3. Le dec\u00edan a la polic\u00eda: no te lo vas a llevar y le cerraban el paso a la patrulla\u2026 y as\u00ed fue un rato, hasta que apareci\u00f3 alguien que me dio una bicicleta.<\/p>\n<\/div>\n<div dir=\"ltr\" class=\"bbc-19j92fr e57qer20\" readability=\"15\">\n<p dir=\"ltr\" class=\"bbc-bm53ic e1cc2ql70\">Cuando llego a casa de Luis (Manuel Otero Alc\u00e1ntara, l\u00edder del MSI) en la bicicleta, Luis se sorprende, porque me ve c\u00f3mo llego y con la esposa en la mano. Pero ah\u00ed tambi\u00e9n vemos que mucha gente hab\u00eda venido detr\u00e1s de m\u00ed, me estaban cuidando, y ah\u00ed fue cuando Luis y yo empezamos esta protesta.<\/p>\n<\/div>\n<div dir=\"ltr\" class=\"bbc-19j92fr e57qer20\" readability=\"7\">\n<p dir=\"ltr\" class=\"bbc-bm53ic e1cc2ql70\">Empezamos a cantar <b>\u00ab<\/b><b>Patria y <\/b><b>v<\/b><b>ida<\/b><b>\u00ab<\/b> y otra canci\u00f3n que yo compuse contra D\u00edaz-Canel. <\/p>\n<\/div>\n<div dir=\"ltr\" class=\"bbc-19j92fr e57qer20\" readability=\"12\">\n<p dir=\"ltr\" class=\"bbc-bm53ic e1cc2ql70\"><b>Hablando de <\/b><b>\u00ab<\/b><b>Patria y vida<\/b><b>\u00ab<\/b><b>, usted es uno de los que participa en el video de la canci\u00f3n, que casi ha superado los 4<\/b><b>,<\/b><b>5 millones de reproducciones en You<\/b><b>T<\/b><b>ube y que ha generado molestias en el gobierno de Cuba. \u00bfA qu\u00e9 crees que se debe el \u00e9xito del tema?<\/b><\/p>\n<\/div>\n<div dir=\"ltr\" class=\"bbc-19j92fr e57qer20\" readability=\"9\">\n<p dir=\"ltr\" class=\"bbc-bm53ic e1cc2ql70\">La canci\u00f3n ha despertado mucho pueblo, se ha vuelto un s\u00edmbolo, un himno. <\/p>\n<\/div>\n<div dir=\"ltr\" class=\"bbc-19j92fr e57qer20\" readability=\"9\">\n<p dir=\"ltr\" class=\"bbc-bm53ic e1cc2ql70\">All\u00ed el domingo la gente la cant\u00f3 en vivo. Aqu\u00ed ponen hasta multas por escuchar esa canci\u00f3n, pero igual la gente la escucha y la vuelven a poner.<\/p>\n<\/div>\n<div dir=\"ltr\" class=\"bbc-19j92fr e57qer20\" readability=\"10\">\n<p dir=\"ltr\" class=\"bbc-bm53ic e1cc2ql70\">Yo creo que eso es porque la gente est\u00e1 conectada con lo que dice \u00abPatria y vida\u00bb, porque refleja no solo lo que sentimos nosotros, sino lo que siente este pueblo. <\/p>\n<\/div>\n<div dir=\"ltr\" class=\"bbc-19j92fr e57qer20\" readability=\"9\">\n<p dir=\"ltr\" class=\"bbc-bm53ic e1cc2ql70\">Y eso ha demostrado lo que la m\u00fasica, cuando se conecta con el sentir de la gente, puede generar. <\/p>\n<\/div>\n<div dir=\"ltr\" class=\"bbc-19j92fr e57qer20\" readability=\"9\">\n<p dir=\"ltr\" class=\"bbc-bm53ic e1cc2ql70\"><b>Uno de los momentos controvertidos de ese d\u00eda es cuando comienzan a cantar el nombre del presidente <\/b><b>D\u00edaz-Canel<\/b><b> y muchos de los presentes coreaban una palabra que es considerada como ofensiva en Cuba. Muchas personas han cuestionado lo que consideran una vulgaridad en ese momento. <\/b><\/p>\n<\/div>\n<div dir=\"ltr\" class=\"bbc-19j92fr e57qer20\" readability=\"11\">\n<p dir=\"ltr\" class=\"bbc-bm53ic e1cc2ql70\">Es una canci\u00f3n que compuse como protesta, con mi lenguaje, con mi est\u00e9tica, con la forma en la que yo soy.<\/p>\n<\/div>\n<div dir=\"ltr\" class=\"bbc-19j92fr e57qer20\" readability=\"9\">\n<p dir=\"ltr\" class=\"bbc-bm53ic e1cc2ql70\">Donde t\u00fa vives puedes decirle al presidente de ese pa\u00eds lo que quieras, que el presidente seguro no se va a molestar porque cantes las mil canciones que quieras cantar.<\/p>\n<\/div>\n<div dir=\"ltr\" class=\"bbc-1ka88fa e57qer20\">\n<figure class=\"bbc-1qdcvv9 e6bmn90\">\n<div dir=\"ltr\" class=\"bbc-172p16q e57qer20\">\n<div dir=\"ltr\" class=\"bbc-189y18v e57qer20\">\n<div data-e2e=\"image-placeholder\" class=\"bbc-1k5hvrj e1whu0\"><noscript><img srcset=\"http:\/\/nuevacordoba.net\/wp-content\/uploads\/2021\/04\/lo-que-esta-pasando-en-cuba-ahora-es-la-muestra-de-que-este-pueblo-se-canso-que-ya-no-aguanta-mas-maykel-osorbo-15.jpg 240w, http:\/\/nuevacordoba.net\/wp-content\/uploads\/2021\/04\/lo-que-esta-pasando-en-cuba-ahora-es-la-muestra-de-que-este-pueblo-se-canso-que-ya-no-aguanta-mas-maykel-osorbo-16.jpg 320w, http:\/\/nuevacordoba.net\/wp-content\/uploads\/2021\/04\/lo-que-esta-pasando-en-cuba-ahora-es-la-muestra-de-que-este-pueblo-se-canso-que-ya-no-aguanta-mas-maykel-osorbo-17.jpg 480w, http:\/\/nuevacordoba.net\/wp-content\/uploads\/2021\/04\/lo-que-esta-pasando-en-cuba-ahora-es-la-muestra-de-que-este-pueblo-se-canso-que-ya-no-aguanta-mas-maykel-osorbo-18.jpg 624w, http:\/\/nuevacordoba.net\/wp-content\/uploads\/2021\/04\/lo-que-esta-pasando-en-cuba-ahora-es-la-muestra-de-que-este-pueblo-se-canso-que-ya-no-aguanta-mas-maykel-osorbo-19.jpg 800w\" alt=\"cuba\" src=\"http:\/\/nuevacordoba.net\/wp-content\/uploads\/2021\/04\/lo-que-esta-pasando-en-cuba-ahora-es-la-muestra-de-que-este-pueblo-se-canso-que-ya-no-aguanta-mas-maykel-osorbo-3.jpg\" width=\"976\" class=\"bbc-fat2bc e1enwo3v0\"><\/noscript><\/p>\n<p role=\"text\" class=\"bbc-1s1cxbv etq3yw90\"><span class=\"bbc-1gnhmg2 e1yt7oin0\">Fuente de la imagen, <\/span><span lang=\"en-GB\">AFP<\/span><\/p>\n<\/div>\n<\/div>\n<div dir=\"ltr\" class=\"bbc-3edg7g e57qer20\" readability=\"6\"><figcaption dir=\"ltr\" class=\"bbc-1t9zlwf eede9f50\" readability=\"2\"><span class=\"bbc-1gnhmg2 e1yt7oin0\">Pie de foto, <\/span><\/p>\n<p>El gobierno cubano celebrar\u00e1 en unos d\u00edas su congreso del Partido Comunista.<\/p>\n<\/figcaption><\/div>\n<\/div>\n<\/figure>\n<\/div>\n<div dir=\"ltr\" class=\"bbc-19j92fr e57qer20\" readability=\"7\">\n<p dir=\"ltr\" class=\"bbc-bm53ic e1cc2ql70\">Yo mand\u00e9 a poner la canci\u00f3n y el r\u00e9gimen despu\u00e9s viene y pregunta por qu\u00e9 la puse. <\/p>\n<\/div>\n<div dir=\"ltr\" class=\"bbc-19j92fr e57qer20\" readability=\"13\">\n<p dir=\"ltr\" class=\"bbc-bm53ic e1cc2ql70\">Me han dado golpe, me han maltratado, me han metido preso y me preguntan por qu\u00e9 pongo una canci\u00f3n\u2026 pues esa es mi forma de protestar, de decir con honestidad lo que pienso. Ellos me podr\u00e1n reprimir con golpes, pero yo los voy a reprimir con mi arte libre. <\/p>\n<\/div>\n<div dir=\"ltr\" class=\"bbc-19j92fr e57qer20\" readability=\"10\">\n<p dir=\"ltr\" class=\"bbc-bm53ic e1cc2ql70\">Mi cuerpo est\u00e1 entregado, mi cuerpo est\u00e1 ah\u00ed, a disposici\u00f3n de cuando quieras darme golpe. Pero mi pensamiento y mi arte son m\u00edos. <\/p>\n<\/div>\n<div dir=\"ltr\" class=\"bbc-19j92fr e57qer20\" readability=\"10\">\n<p dir=\"ltr\" class=\"bbc-bm53ic e1cc2ql70\"><b>Una de las situaciones que ha ocurrido en paralelo a la protesta del domingo es una huelga de hambre que realizan decenas de opositores en Santiago de Cuba. \u00bfC\u00f3mo ven esta protesta desde el Movimiento San Isidro, ustedes que tambi\u00e9n realizaron una huelga de hambre en noviembre del a\u00f1o pasado?<\/b><\/p>\n<\/div>\n<div dir=\"ltr\" class=\"bbc-19j92fr e57qer20\" readability=\"8\">\n<p dir=\"ltr\" class=\"bbc-bm53ic e1cc2ql70\">Es una situaci\u00f3n sumamente triste. Es una huelga de hambre que lleva varios d\u00edas ya y hay personas que pueden perder la vida. <\/p>\n<\/div>\n<div dir=\"ltr\" class=\"bbc-19j92fr e57qer20\" readability=\"8\">\n<p dir=\"ltr\" class=\"bbc-bm53ic e1cc2ql70\">Lo que m\u00e1s me entristece es que el pueblo no tiene la informaci\u00f3n necesaria sobre esta protesta y ni saben por qu\u00e9 estas personas est\u00e1n en huelga de hambre. <\/p>\n<\/div>\n<div dir=\"ltr\" class=\"bbc-19j92fr e57qer20\" readability=\"8\">\n<p dir=\"ltr\" class=\"bbc-bm53ic e1cc2ql70\">Y es triste porque la situaci\u00f3n all\u00ed est\u00e1 delicada. Se nos van a morir. Cualquier persona puede morir cualquier momento. <\/p>\n<\/div>\n<div dir=\"ltr\" class=\"bbc-1ka88fa e57qer20\">\n<figure class=\"bbc-1qdcvv9 e6bmn90\">\n<div dir=\"ltr\" class=\"bbc-172p16q e57qer20\">\n<div dir=\"ltr\" class=\"bbc-189y18v e57qer20\" readability=\"6.5\">\n<div data-e2e=\"image-placeholder\" class=\"bbc-1k5hvrj e1whu0\" readability=\"8\"><noscript><img srcset=\"http:\/\/nuevacordoba.net\/wp-content\/uploads\/2021\/04\/lo-que-esta-pasando-en-cuba-ahora-es-la-muestra-de-que-este-pueblo-se-canso-que-ya-no-aguanta-mas-maykel-osorbo-20.jpg 240w, http:\/\/nuevacordoba.net\/wp-content\/uploads\/2021\/04\/lo-que-esta-pasando-en-cuba-ahora-es-la-muestra-de-que-este-pueblo-se-canso-que-ya-no-aguanta-mas-maykel-osorbo-21.jpg 320w, http:\/\/nuevacordoba.net\/wp-content\/uploads\/2021\/04\/lo-que-esta-pasando-en-cuba-ahora-es-la-muestra-de-que-este-pueblo-se-canso-que-ya-no-aguanta-mas-maykel-osorbo-22.jpg 480w, http:\/\/nuevacordoba.net\/wp-content\/uploads\/2021\/04\/lo-que-esta-pasando-en-cuba-ahora-es-la-muestra-de-que-este-pueblo-se-canso-que-ya-no-aguanta-mas-maykel-osorbo-23.jpg 624w, http:\/\/nuevacordoba.net\/wp-content\/uploads\/2021\/04\/lo-que-esta-pasando-en-cuba-ahora-es-la-muestra-de-que-este-pueblo-se-canso-que-ya-no-aguanta-mas-maykel-osorbo-24.jpg 800w\" alt=\"huelga\" src=\"http:\/\/nuevacordoba.net\/wp-content\/uploads\/2021\/04\/lo-que-esta-pasando-en-cuba-ahora-es-la-muestra-de-que-este-pueblo-se-canso-que-ya-no-aguanta-mas-maykel-osorbo-4.jpg\" width=\"976\" class=\"bbc-fat2bc e1enwo3v0\"><\/noscript><\/p>\n<p role=\"text\" class=\"bbc-1s1cxbv etq3yw90\"><span class=\"bbc-1gnhmg2 e1yt7oin0\">Fuente de la imagen, <\/span><span lang=\"en-GB\">UNPACU<\/span><\/p>\n<\/div>\n<\/div>\n<div dir=\"ltr\" class=\"bbc-3edg7g e57qer20\" readability=\"7.5\"><figcaption dir=\"ltr\" class=\"bbc-1t9zlwf eede9f50\" readability=\"5\"><span class=\"bbc-1gnhmg2 e1yt7oin0\">Pie de foto, <\/span><\/p>\n<p>Un grupo de activistas, encabezados por el l\u00edder opositor Jos\u00e9 Daniel Ferrer, lleva a cabo una huelga de hambre en Santiago de Cuba.<\/p>\n<\/figcaption><\/div>\n<\/div>\n<\/figure>\n<\/div>\n<div dir=\"ltr\" class=\"bbc-19j92fr e57qer20\" readability=\"14\">\n<p dir=\"ltr\" class=\"bbc-bm53ic e1cc2ql70\">Ellos son pol\u00edticos, no son artistas, y eso hace que no tengan los mismos seguidores y el apoyo que tenemos nosotros. Entonces por eso su situaci\u00f3n no es tan conocida, tambi\u00e9n porque est\u00e1n lejos, menos conectados, en Santiago de Cuba. <\/p>\n<\/div>\n<div dir=\"ltr\" class=\"bbc-19j92fr e57qer20\" readability=\"7\">\n<p dir=\"ltr\" class=\"bbc-bm53ic e1cc2ql70\">Entonces el r\u00e9gimen est\u00e1 jugando con eso para distorsionar la informaci\u00f3n. <\/p>\n<\/div>\n<div dir=\"ltr\" class=\"bbc-19j92fr e57qer20\" readability=\"10\">\n<p dir=\"ltr\" class=\"bbc-bm53ic e1cc2ql70\">Como saben que nosotros somos m\u00e1s conocidos, un d\u00eda cogen a Otero Alc\u00e1ntara preso y todo el mundo va a protestar por \u00e9l y as\u00ed saben que se deja de visualizar por un tiempo lo que est\u00e1 pasando en la Unpacu. Me cogen a m\u00ed ma\u00f1ana y es otro d\u00eda m\u00e1s que no se habla de ellos. Eso es triste.<\/p>\n<\/div>\n<div dir=\"ltr\" class=\"bbc-19j92fr e57qer20\" readability=\"9\">\n<p dir=\"ltr\" class=\"bbc-bm53ic e1cc2ql70\">Y estoy m\u00e1s triste porque todav\u00eda son las santas horas en que todo esto est\u00e1 pasando y Michelle Bachelette (Alta Comisionada de las Naciones Unidas para los Derechos Humanos) no se ha pronunciado sobre esta situaci\u00f3n. <\/p>\n<\/div>\n<div dir=\"ltr\" class=\"bbc-19j92fr e57qer20\" readability=\"10\">\n<p dir=\"ltr\" class=\"bbc-bm53ic e1cc2ql70\"><b>El gobierno de Cuba <\/b><b>ha acusado con anterioridad<\/b><b> tanto el MSI como la U<\/b><b>npacu<\/b><b> de <\/b><b>estar <\/b><b>al servicio de EE.UU<\/b><b>. y asegura que son<\/b><b> \u00abmercenarios\u00bb que reciben dinero y que siguen manuales de la CIA, adem\u00e1s de protagonizar \u00abfarsas\u00bb y \u00abshow medi\u00e1ticos\u00bb para llamar la atenci\u00f3n. <\/b><\/p>\n<\/div>\n<div dir=\"ltr\" class=\"bbc-19j92fr e57qer20\" readability=\"10\">\n<p dir=\"ltr\" class=\"bbc-bm53ic e1cc2ql70\">Yo he estado buscando en internet cu\u00e1nto le pagan a un agente de la CIA, porque si me pagaran por cada vez que me acusan aqu\u00ed de ser agente, yo deber\u00eda ser ya multimillonario\u2026<\/p>\n<\/div>\n<div dir=\"ltr\" class=\"bbc-19j92fr e57qer20\" readability=\"10\">\n<p dir=\"ltr\" class=\"bbc-bm53ic e1cc2ql70\">En realidad, es tan burdo\u2026 es siempre el mismo patr\u00f3n de denuncia, cualquier cosa que hagamos es orquestada por la \u00abmafia de Miami\u00bb y por la CIA. <\/p>\n<\/div>\n<div dir=\"ltr\" class=\"bbc-1ka88fa e57qer20\">\n<figure class=\"bbc-1qdcvv9 e6bmn90\">\n<div dir=\"ltr\" class=\"bbc-172p16q e57qer20\">\n<div dir=\"ltr\" class=\"bbc-189y18v e57qer20\">\n<div data-e2e=\"image-placeholder\" class=\"bbc-1k5hvrj e1whu0\"><noscript><img srcset=\"http:\/\/nuevacordoba.net\/wp-content\/uploads\/2021\/04\/lo-que-esta-pasando-en-cuba-ahora-es-la-muestra-de-que-este-pueblo-se-canso-que-ya-no-aguanta-mas-maykel-osorbo-25.jpg 240w, http:\/\/nuevacordoba.net\/wp-content\/uploads\/2021\/04\/lo-que-esta-pasando-en-cuba-ahora-es-la-muestra-de-que-este-pueblo-se-canso-que-ya-no-aguanta-mas-maykel-osorbo-26.jpg 320w, http:\/\/nuevacordoba.net\/wp-content\/uploads\/2021\/04\/lo-que-esta-pasando-en-cuba-ahora-es-la-muestra-de-que-este-pueblo-se-canso-que-ya-no-aguanta-mas-maykel-osorbo-27.jpg 480w, http:\/\/nuevacordoba.net\/wp-content\/uploads\/2021\/04\/lo-que-esta-pasando-en-cuba-ahora-es-la-muestra-de-que-este-pueblo-se-canso-que-ya-no-aguanta-mas-maykel-osorbo-28.jpg 624w, http:\/\/nuevacordoba.net\/wp-content\/uploads\/2021\/04\/lo-que-esta-pasando-en-cuba-ahora-es-la-muestra-de-que-este-pueblo-se-canso-que-ya-no-aguanta-mas-maykel-osorbo-29.jpg 800w\" alt=\"polic\u00eda\" src=\"http:\/\/nuevacordoba.net\/wp-content\/uploads\/2021\/04\/lo-que-esta-pasando-en-cuba-ahora-es-la-muestra-de-que-este-pueblo-se-canso-que-ya-no-aguanta-mas-maykel-osorbo-5.jpg\" width=\"976\" class=\"bbc-fat2bc e1enwo3v0\"><\/noscript><\/p>\n<p role=\"text\" class=\"bbc-1s1cxbv etq3yw90\"><span class=\"bbc-1gnhmg2 e1yt7oin0\">Fuente de la imagen, <\/span><span lang=\"en-GB\">AFP<\/span><\/p>\n<\/div>\n<\/div>\n<div dir=\"ltr\" class=\"bbc-3edg7g e57qer20\" readability=\"6.5\"><figcaption dir=\"ltr\" class=\"bbc-1t9zlwf eede9f50\" readability=\"3\"><span class=\"bbc-1gnhmg2 e1yt7oin0\">Pie de foto, <\/span><\/p>\n<p>La polic\u00eda cubana ha sido se\u00f1alada de realizar numerosas detenciones arbitrarias de activistas en los \u00faltimos meses.<\/p>\n<\/figcaption><\/div>\n<\/div>\n<\/figure>\n<\/div>\n<div dir=\"ltr\" class=\"bbc-19j92fr e57qer20\" readability=\"12\">\n<p dir=\"ltr\" class=\"bbc-bm53ic e1cc2ql70\">Yo solo quisiera que me dijeran qu\u00e9 hacemos entonces con el dinero. \u00bfAcaso no han visto c\u00f3mo vivo yo, c\u00f3mo vive Luis Manuel? Yo cojo guagua, yo vivo como cualquier cubano. Yo no soy Sandro Castro (un nieto de Fidel Castro que caus\u00f3 revuelo en la isla tras publicar recientemente un video manejando un Mercedes-Benz al que llama su \u00abjuguetico\u00bb). <\/p>\n<\/div>\n<div dir=\"ltr\" class=\"bbc-19j92fr e57qer20\" readability=\"11\">\n<p dir=\"ltr\" class=\"bbc-bm53ic e1cc2ql70\">Si ellos tuvieran una prueba, por m\u00ednima que fuera, de que nosotros somos agentes de la CIA, ya estuvi\u00e9ramos presos hace mucho tiempo. <\/p>\n<\/div>\n<div dir=\"ltr\" class=\"bbc-19j92fr e57qer20\" readability=\"8\">\n<p dir=\"ltr\" class=\"bbc-bm53ic e1cc2ql70\">Y a m\u00ed que nadie me venga a decir que somos mercenarios. Mercenario es el gobierno que forma \u00absegurosos\u00bb (agentes de inteligencia) y luego los exporta a pa\u00edses como Nicaragua o Venezuela.<\/p>\n<\/div>\n<div dir=\"ltr\" class=\"bbc-19j92fr e57qer20\" readability=\"9\">\n<p dir=\"ltr\" class=\"bbc-bm53ic e1cc2ql70\">Nosotros somos artistas y no se va a demostrar lo contrario. Si para ellos el arte es una provocaci\u00f3n, el problema no somos nosotros. <\/p>\n<\/div>\n<div dir=\"ltr\" class=\"bbc-19j92fr e57qer20\" readability=\"11\">\n<p dir=\"ltr\" class=\"bbc-bm53ic e1cc2ql70\"><b>Las protestas que han realizado ustedes, tanto en noviembre como el domingo, han llevado a movilizaciones populares como probablemente no se han visto antes en Cuba en los \u00faltimos 60 a\u00f1os. \u00bfA qu\u00e9 crees que se daba esto? \u00bfPor qu\u00e9 crees que la gente est\u00e1 saliendo a la calle ahora?<\/b><\/p>\n<\/div>\n<div dir=\"ltr\" class=\"bbc-19j92fr e57qer20\" readability=\"9\">\n<p dir=\"ltr\" class=\"bbc-bm53ic e1cc2ql70\">Lo que est\u00e1 pasando en Cuba ahora es la muestra que este pueblo se cans\u00f3, que ya no aguanta m\u00e1s. La realidad que estamos viviendo cambi\u00f3. Ya no pueden tapar el sol con un dedo. <\/p>\n<\/div>\n<div dir=\"ltr\" class=\"bbc-19j92fr e57qer20\" readability=\"12\">\n<p dir=\"ltr\" class=\"bbc-bm53ic e1cc2ql70\">La gente est\u00e1 pasando momentos muy dif\u00edciles, lo sienten cuando no tienen comida, cuando uno tiene que hacer colas para todo, cuando tienes que hacer un tr\u00e1mite y no puedes o te lo hacen mal o te ponen trabas para todo.<\/p>\n<\/div>\n<div dir=\"ltr\" class=\"bbc-1ka88fa e57qer20\">\n<figure class=\"bbc-1qdcvv9 e6bmn90\">\n<div dir=\"ltr\" class=\"bbc-172p16q e57qer20\">\n<div dir=\"ltr\" class=\"bbc-189y18v e57qer20\">\n<div data-e2e=\"image-placeholder\" class=\"bbc-1k5hvrj e1whu0\"><noscript><img srcset=\"http:\/\/nuevacordoba.net\/wp-content\/uploads\/2021\/04\/lo-que-esta-pasando-en-cuba-ahora-es-la-muestra-de-que-este-pueblo-se-canso-que-ya-no-aguanta-mas-maykel-osorbo-30.jpg 240w, http:\/\/nuevacordoba.net\/wp-content\/uploads\/2021\/04\/lo-que-esta-pasando-en-cuba-ahora-es-la-muestra-de-que-este-pueblo-se-canso-que-ya-no-aguanta-mas-maykel-osorbo-31.jpg 320w, http:\/\/nuevacordoba.net\/wp-content\/uploads\/2021\/04\/lo-que-esta-pasando-en-cuba-ahora-es-la-muestra-de-que-este-pueblo-se-canso-que-ya-no-aguanta-mas-maykel-osorbo-32.jpg 480w, http:\/\/nuevacordoba.net\/wp-content\/uploads\/2021\/04\/lo-que-esta-pasando-en-cuba-ahora-es-la-muestra-de-que-este-pueblo-se-canso-que-ya-no-aguanta-mas-maykel-osorbo-33.jpg 624w, http:\/\/nuevacordoba.net\/wp-content\/uploads\/2021\/04\/lo-que-esta-pasando-en-cuba-ahora-es-la-muestra-de-que-este-pueblo-se-canso-que-ya-no-aguanta-mas-maykel-osorbo-34.jpg 800w\" alt=\"Cuba\" src=\"http:\/\/nuevacordoba.net\/wp-content\/uploads\/2021\/04\/lo-que-esta-pasando-en-cuba-ahora-es-la-muestra-de-que-este-pueblo-se-canso-que-ya-no-aguanta-mas-maykel-osorbo-6.jpg\" width=\"976\" class=\"bbc-fat2bc e1enwo3v0\"><\/noscript><\/p>\n<p role=\"text\" class=\"bbc-1s1cxbv etq3yw90\"><span class=\"bbc-1gnhmg2 e1yt7oin0\">Fuente de la imagen, <\/span><span lang=\"en-GB\">AFP<\/span><\/p>\n<\/div>\n<\/div>\n<div dir=\"ltr\" class=\"bbc-3edg7g e57qer20\" readability=\"6.5\"><figcaption dir=\"ltr\" class=\"bbc-1t9zlwf eede9f50\" readability=\"3\"><span class=\"bbc-1gnhmg2 e1yt7oin0\">Pie de foto, <\/span><\/p>\n<p>La escasez y las colas han aumentado en Cuba como resultado de la pandemia y reformas econ\u00f3micas recientes.<\/p>\n<\/figcaption><\/div>\n<\/div>\n<\/figure>\n<\/div>\n<div dir=\"ltr\" class=\"bbc-19j92fr e57qer20\" readability=\"15\">\n<p dir=\"ltr\" class=\"bbc-bm53ic e1cc2ql70\">Para que veas c\u00f3mo est\u00e1 la cosa, al d\u00eda siguiente de la protesta, se llevaron preso a Luis Manuel, porque hab\u00eda preparado una obra que era celebrar un cumplea\u00f1os para darles caramelos a los ni\u00f1os. Porque hoy para comprar un caramelo para sus hijos, los padres tienen que tener d\u00f3lares, una moneda en la que aqu\u00ed nadie gana. <\/p>\n<\/div>\n<div dir=\"ltr\" class=\"bbc-19j92fr e57qer20\" readability=\"11\">\n<p dir=\"ltr\" class=\"bbc-bm53ic e1cc2ql70\">Entonces, la obra de Luis Manuel buscaba abrir los ojos, la conciencia, de por qu\u00e9 los ni\u00f1os cubanos no pueden comer caramelos. Y se lo llevaron preso. <\/p>\n<\/div>\n<div dir=\"ltr\" class=\"bbc-19j92fr e57qer20\" readability=\"9\">\n<p dir=\"ltr\" class=\"bbc-bm53ic e1cc2ql70\">Y as\u00ed llevamos 60 a\u00f1os, soportando, y ya no damos m\u00e1s. Esto tiene que parar. <\/p>\n<\/div>\n<div dir=\"ltr\" class=\"bbc-19j92fr e57qer20\" readability=\"10\">\n<p dir=\"ltr\" class=\"bbc-bm53ic e1cc2ql70\">Pero no es solo eso. No puede ser correcto que no haya estado de derecho, que nos traten as\u00ed&#8230; Nos cansamos de que por pensar diferente nos esposen, nos golpeen y nos metan presos. <\/p>\n<\/div>\n<div dir=\"ltr\" class=\"bbc-19j92fr e57qer20\" readability=\"11\">\n<p dir=\"ltr\" class=\"bbc-bm53ic e1cc2ql70\">Quiz\u00e1s est\u00e9 muerto yo, quiz\u00e1s no sea conmigo, quiz\u00e1s no sea con Luis Manuel, pero el pueblo se est\u00e1 dando cuenta que ya est\u00e1 bueno de tanto aguantar. <\/p>\n<\/div>\n<div dir=\"ltr\" class=\"bbc-19j92fr e57qer20\" readability=\"9\">\n<p dir=\"ltr\" class=\"bbc-bm53ic e1cc2ql70\"><i class=\"bbc-h1y5j7 ewc4zcb0\">* BBC Mundo contact\u00f3 al Centro de Prensa Internacional de Cuba para conocer la posici\u00f3n del gobierno, pero no tuvo respuesta hasta la publicaci\u00f3n de esta historia.<\/i><\/p>\n<\/div>\n<div dir=\"ltr\" class=\"bbc-1ka88fa e57qer20\">\n<figure class=\"bbc-1qdcvv9 e6bmn90\">\n<div dir=\"ltr\" class=\"bbc-172p16q e57qer20\">\n<div dir=\"ltr\" class=\"bbc-189y18v e57qer20\">\n<div data-e2e=\"image-placeholder\" class=\"bbc-367mqz e1whu0\"><noscript><img srcset=\"http:\/\/nuevacordoba.net\/wp-content\/uploads\/2021\/04\/lo-que-esta-pasando-en-cuba-ahora-es-la-muestra-de-que-este-pueblo-se-canso-que-ya-no-aguanta-mas-maykel-osorbo-12.jpg 240w, http:\/\/nuevacordoba.net\/wp-content\/uploads\/2021\/04\/lo-que-esta-pasando-en-cuba-ahora-es-la-muestra-de-que-este-pueblo-se-canso-que-ya-no-aguanta-mas-maykel-osorbo-13.jpg 320w, http:\/\/nuevacordoba.net\/wp-content\/uploads\/2021\/04\/lo-que-esta-pasando-en-cuba-ahora-es-la-muestra-de-que-este-pueblo-se-canso-que-ya-no-aguanta-mas-maykel-osorbo-14.jpg 464w\" alt=\"Presentational grey line\" src=\"http:\/\/nuevacordoba.net\/wp-content\/uploads\/2021\/04\/lo-que-esta-pasando-en-cuba-ahora-es-la-muestra-de-que-este-pueblo-se-canso-que-ya-no-aguanta-mas-maykel-osorbo-2.jpg\" width=\"464\" class=\"bbc-fat2bc e1enwo3v0\"><\/noscript><\/div>\n<\/div>\n<\/div>\n<\/figure>\n<\/div>\n<div dir=\"ltr\" class=\"bbc-19j92fr e57qer20\" readability=\"8\">\n<p dir=\"ltr\" class=\"bbc-bm53ic e1cc2ql70\"><i class=\"bbc-h1y5j7 ewc4zcb0\">Recuerda que<\/i><i class=\"bbc-h1y5j7 ewc4zcb0\"> puedes recibir notificaciones de BBC Mundo. Descarga la nueva versi\u00f3n de nuestra app y act\u00edvalas para no perderte nuestro mejor contenido.<\/i><\/p>\n<\/div>\n","protected":false},"excerpt":{"rendered":"<p>Lioman Lima &#8211; @liomanlima BBC News Mundo 3 horas Fuente de la imagen, Facebook\/Maykel Osorbo Pie de foto, Osorbo escap\u00f3 de la polic\u00eda con una esposa en una mano. Uno de los barrios m\u00e1s pobres de La Habana fue otra vez protagonista de un suceso poco frecuente en Cuba: una protesta contra el gobierno. El [&hellip;]<\/p>\n","protected":false},"author":1,"featured_media":2950,"comment_status":"closed","ping_status":"closed","sticky":false,"template":"","format":"standard","meta":[],"categories":[13],"tags":[],"_links":{"self":[{"href":"http:\/\/nuevacordoba.net\/index.php\/wp-json\/wp\/v2\/posts\/2949"}],"collection":[{"href":"http:\/\/nuevacordoba.net\/index.php\/wp-json\/wp\/v2\/posts"}],"about":[{"href":"http:\/\/nuevacordoba.net\/index.php\/wp-json\/wp\/v2\/types\/post"}],"author":[{"embeddable":true,"href":"http:\/\/nuevacordoba.net\/index.php\/wp-json\/wp\/v2\/users\/1"}],"replies":[{"embeddable":true,"href":"http:\/\/nuevacordoba.net\/index.php\/wp-json\/wp\/v2\/comments?post=2949"}],"version-history":[{"count":0,"href":"http:\/\/nuevacordoba.net\/index.php\/wp-json\/wp\/v2\/posts\/2949\/revisions"}],"wp:featuredmedia":[{"embeddable":true,"href":"http:\/\/nuevacordoba.net\/index.php\/wp-json\/wp\/v2\/media\/2950"}],"wp:attachment":[{"href":"http:\/\/nuevacordoba.net\/index.php\/wp-json\/wp\/v2\/media?parent=2949"}],"wp:term":[{"taxonomy":"category","embeddable":true,"href":"http:\/\/nuevacordoba.net\/index.php\/wp-json\/wp\/v2\/categories?post=2949"},{"taxonomy":"post_tag","embeddable":true,"href":"http:\/\/nuevacordoba.net\/index.php\/wp-json\/wp\/v2\/tags?post=2949"}],"curies":[{"name":"wp","href":"https:\/\/api.w.org\/{rel}","templated":true}]}}