{"id":2975,"date":"2021-04-08T22:39:40","date_gmt":"2021-04-08T22:39:40","guid":{"rendered":"http:\/\/nuevacordoba.net\/index.php\/2021\/04\/08\/el-gobierno-norirlandes-pide-el-fin-de-la-violencia-tras-los-enfrentamientos\/"},"modified":"2021-04-08T22:39:40","modified_gmt":"2021-04-08T22:39:40","slug":"el-gobierno-norirlandes-pide-el-fin-de-la-violencia-tras-los-enfrentamientos","status":"publish","type":"post","link":"http:\/\/nuevacordoba.net\/index.php\/2021\/04\/08\/el-gobierno-norirlandes-pide-el-fin-de-la-violencia-tras-los-enfrentamientos\/","title":{"rendered":"El gobierno norirland\u00e9s pide el fin de la violencia tras los enfrentamientos"},"content":{"rendered":"<div class=\"image\" id=\"image\" readability=\"8\"> <img src=\"http:\/\/nuevacordoba.net\/wp-content\/uploads\/2021\/04\/el-gobierno-norirlandes-pide-el-fin-de-la-violencia-tras-los-enfrentamientos.jpg\" alt=\"Toda la semana hubo disturbios, con el lanzamiento de proyectiles y el incendio de veh\u00edculos\" title=\"Toda la semana hubo disturbios, con el lanzamiento de proyectiles y el incendio de veh\u00edculos\"><\/p>\n<p>Toda la semana hubo disturbios, con el lanzamiento de proyectiles y el incendio de veh\u00edculos<\/p>\n<\/div>\n<p><strong>Nuevos disturbios entre republicanos cat\u00f3licos y unionistas protestantes estallaron este juves por la noche en la capital de Irlanda del Norte, sacudida desde hace una semana por una violencia de un alcance no visto en a\u00f1os en la provincia del Reino Unido, mientras las autoridades brit\u00e1nicas, irlandesas y norirlandesas reiteraron su llamado a la calma.<\/strong><\/p>\n<p>La polic\u00eda antidisturbios fue atacada este jueves por la noche en las calles de Belfast por manifestantes republicanos con piedras y c\u00f3cteles Molotov mientras intentaba impedir que la multitud avanzara hacia los manifestantes unionistas, seg\u00fan report\u00f3 la agencia de noticias AFP.<\/p>\n<p>Los violentos enfrentamientos entre ambos grupos se producen en medio de las tensiones provocadas por el divorcio entre el Reino Unido y la Uni\u00f3n Europea (UE) y las consecuencias que ya est\u00e1 mostrando. Tras el Brexit, la implementaci\u00f3n de una frontera f\u00edsica entre la Rep\u00fablica de Irlanda y la regi\u00f3n brit\u00e1nica Irlanda del Norte parece estar reviviendo los hist\u00f3ricos enfrentamientos entre los protestantes de la Rep\u00fablica de Irlanda, pa\u00eds que sigue perteneciendo a la UE, y los unionistas, favorables a la pertenencia al Reino Unido y opuestos a los controles aduaneros dentro del territorio brit\u00e1nico.<\/p>\n<p>Las tensiones culminaron en una semana de disturbios, con el lanzamiento de proyectiles y el incendio de veh\u00edculos, principalmente en las zonas de mayor\u00eda protestante.<\/p>\n<p><strong>Una situaci\u00f3n que llev\u00f3 al premier brit\u00e1nico, Boris Johnson, y su hom\u00f3logo irland\u00e9s, Micheal Martin, a reiterar este jueves el llamado a calma ante esta violencia \u00abinaceptable\u00bb, similar al expresado horas antes por las autoridades norirlandesas.<\/strong><\/p>\n<p>\u00abSubrayando que la violencia es inaceptable, pidieron calma\u00bb, indic\u00f3 la oficina del primer ministro irland\u00e9s en un comunicado, divulgado despu\u00e9s de que Johnson y Martin hablaran por tel\u00e9fono.<\/p>\n<p><strong>En tanto, el Gobierno aut\u00f3nomo de Irlanda del Norte, compuesto de unionistas, republicanos y centristas, tambi\u00e9n manifest\u00f3 su preocupaci\u00f3n por las escenas de violencia de la \u00faltima semana.<\/strong><\/p>\n<div class=\"image\" id=\"image\" readability=\"7\"> <img src=\"http:\/\/nuevacordoba.net\/wp-content\/uploads\/2021\/04\/el-gobierno-norirlandes-pide-el-fin-de-la-violencia-tras-los-enfrentamientos-1.jpg\" alt=\"Las tensiones se dan en medio del divorcio entre el Reino Unido y la Uni\u00f3n Europea (UE)\" title=\"Las tensiones se dan en medio del divorcio entre el Reino Unido y la Uni\u00f3n Europea (UE)\"><\/p>\n<p>Las tensiones se dan en medio del divorcio entre el Reino Unido y la Uni\u00f3n Europea (UE)<\/p>\n<\/div>\n<p><strong>\u00abEstamos muy preocupados por las escenas que todos hemos presenciado en nuestras calles durante la \u00faltima semana. Los ataques a agentes de polic\u00eda, servicios p\u00fablicos y comunidades son deplorables y deben cesar\u00bb, dijo el Gobierno aut\u00f3nomo noriland\u00e9s en un comunicado tras una reuni\u00f3n de urgencia.<\/strong><\/p>\n<p>\u00abLa destrucci\u00f3n, la violencia y la amenaza de violencia son completamente inaceptables e injustificables, sin importar las preocupaciones que puedan existir en las comunidades\u00bb, agreg\u00f3.<\/p>\n<p><strong>Antes de la reuni\u00f3n, la primera ministra de Irlanda del Norte, Arlene Foster, en un mensaje de Twitter, hab\u00eda condenado la violencia de los \u00faltimos d\u00edas y la calific\u00f3 como injustificada e injustificable.<\/strong><\/p>\n<p>Para el subdirector de la polic\u00eda norirlandesa (PSNI), Jonathan Roberts, la escala y la naturaleza de la violencia no tiene precedentes en los \u00faltimos a\u00f1os.<\/p>\n<p>La PSNI inform\u00f3 a los medios locales que un colectivo fue incendiado el mi\u00e9rcoles por la noche despu\u00e9s de ser atacado con bombas molotov cerca de la l\u00ednea de paz en el oeste de Belfast, mientras que siete agentes resultaron heridos, que se suman a otros 32 m\u00e1s que fueron atacados en los \u00faltimos d\u00edas.<\/p>\n<p>Seg\u00fan consign\u00f3 la cadena de noticias BBC, Roberts dijo que es probable que organizaciones paramilitares estuvieran implicadas en los disturbios.<\/p>\n<p><strong>Agreg\u00f3 que varios centenares de personas de cada facci\u00f3n estaban lanzando bombas molotov en ambas direcciones, entre la calle lealista de Shankill, la v\u00eda principal del barrio obrero hom\u00f3nimo de mayor\u00eda protestante y unionista, situado al oeste de Belfast y la calle nacionalista de Springfield.<\/strong><\/p>\n<p>Las tensiones aumentaron en los \u00faltimos meses en la regi\u00f3n en oposici\u00f3n a los acuerdos comerciales adoptados por el Brexit, una situaci\u00f3n que se tens\u00f3 a\u00fan m\u00e1s cuando la Polic\u00eda decidi\u00f3 no procesar a 24 pol\u00edticos del Sinn Fein (Partido nacionalista irland\u00e9s) que asistieron a un funeral, violando las restricciones impuestas por el Gobierno para tratar de controlar la pandemia.<\/p>\n<p>La decisi\u00f3n con los dirigentes del Sinn F\u00e9in enfureci\u00f3 a todo el espectro pol\u00edtico porque seg\u00fan las reglas establecidas por el Gobierno regional no se permite la asistencia a funerales de m\u00e1s de 30 personas, pero se estima que unas 2.000 personas, incluida la viceprimera ministra, Michelle O&#8217;Neill, y otras figuras del partido, asistieron al funeral de un hist\u00f3rico l\u00edder de esa fuerza pol\u00edtica.<\/p>\n<p><strong>El acuerdo de paz firmado en 1998 difumin\u00f3 la frontera entre la provincia brit\u00e1nica y la vecina Rep\u00fablica de Irlanda pero el Brexit vino a socavar ese delicado equilibrio.<\/strong><\/p>\n<p>Tras duras negociaciones, Londres y Bruselas acordaron una soluci\u00f3n que evita reinstaurar una frontera f\u00edsica en la isla, pero impuso controles de bienes entre la provincia y el resto del Reino Unido.<\/p>\n","protected":false},"excerpt":{"rendered":"<p>Toda la semana hubo disturbios, con el lanzamiento de proyectiles y el incendio de veh\u00edculos Nuevos disturbios entre republicanos cat\u00f3licos y unionistas protestantes estallaron este juves por la noche en la capital de Irlanda del Norte, sacudida desde hace una semana por una violencia de un alcance no visto en a\u00f1os en la provincia del [&hellip;]<\/p>\n","protected":false},"author":1,"featured_media":2976,"comment_status":"closed","ping_status":"closed","sticky":false,"template":"","format":"standard","meta":[],"categories":[13],"tags":[],"_links":{"self":[{"href":"http:\/\/nuevacordoba.net\/index.php\/wp-json\/wp\/v2\/posts\/2975"}],"collection":[{"href":"http:\/\/nuevacordoba.net\/index.php\/wp-json\/wp\/v2\/posts"}],"about":[{"href":"http:\/\/nuevacordoba.net\/index.php\/wp-json\/wp\/v2\/types\/post"}],"author":[{"embeddable":true,"href":"http:\/\/nuevacordoba.net\/index.php\/wp-json\/wp\/v2\/users\/1"}],"replies":[{"embeddable":true,"href":"http:\/\/nuevacordoba.net\/index.php\/wp-json\/wp\/v2\/comments?post=2975"}],"version-history":[{"count":0,"href":"http:\/\/nuevacordoba.net\/index.php\/wp-json\/wp\/v2\/posts\/2975\/revisions"}],"wp:featuredmedia":[{"embeddable":true,"href":"http:\/\/nuevacordoba.net\/index.php\/wp-json\/wp\/v2\/media\/2976"}],"wp:attachment":[{"href":"http:\/\/nuevacordoba.net\/index.php\/wp-json\/wp\/v2\/media?parent=2975"}],"wp:term":[{"taxonomy":"category","embeddable":true,"href":"http:\/\/nuevacordoba.net\/index.php\/wp-json\/wp\/v2\/categories?post=2975"},{"taxonomy":"post_tag","embeddable":true,"href":"http:\/\/nuevacordoba.net\/index.php\/wp-json\/wp\/v2\/tags?post=2975"}],"curies":[{"name":"wp","href":"https:\/\/api.w.org\/{rel}","templated":true}]}}