{"id":2990,"date":"2021-04-08T22:40:22","date_gmt":"2021-04-08T22:40:22","guid":{"rendered":"http:\/\/nuevacordoba.net\/index.php\/2021\/04\/08\/diputados-avanzo-con-el-proyecto-de-etiquetado-frontal-de-alimentos\/"},"modified":"2021-04-08T22:40:22","modified_gmt":"2021-04-08T22:40:22","slug":"diputados-avanzo-con-el-proyecto-de-etiquetado-frontal-de-alimentos","status":"publish","type":"post","link":"http:\/\/nuevacordoba.net\/index.php\/2021\/04\/08\/diputados-avanzo-con-el-proyecto-de-etiquetado-frontal-de-alimentos\/","title":{"rendered":"Diputados avanz\u00f3 con el proyecto de etiquetado frontal de alimentos"},"content":{"rendered":"<div><img src=\"http:\/\/nuevacordoba.net\/wp-content\/uploads\/2021\/04\/diputados-avanzo-con-el-proyecto-de-etiquetado-frontal-de-alimentos.jpg\" class=\"ff-og-image-inserted\"><\/div>\n<p>El plenario de las comisiones de Legislaci\u00f3n General, Acci\u00f3n Social y Salud P\u00fablica, Defensa del Consumidor, del Usuario y de la Competencia e Industria continu\u00f3 hoy con el debate del proyecto de ley que busca promover la alimentaci\u00f3n saludable, el etiquetado informativo y visible. La reuni\u00f3n estuvo presidida por Cecilia Moreau (Fdt), Pablo Yedlin (FdT), Diego Mestre (JxC) y Alejandro Garc\u00eda (JxC), respectivamente.<\/p>\n<p>El proyecto busca advertir a los consumidores sobre los excesos de componentes como az\u00facares, sodio, grasas saturadas, grasas totales y calor\u00edas, a partir de dar informaci\u00f3n clara, oportuna y veraz. Asimismo, apunta a prevenir la malnutrici\u00f3n en la poblaci\u00f3n y la reducci\u00f3n de enfermedades cr\u00f3nicas no transmisibles.<\/p>\n<div class=\"ctaNewsNotaContainer\" readability=\"6.5\">\n<div class=\"newsletterTextContainer\" readability=\"33\">\n<p> S\u00cdNTESIS POL\u00cdTICA<\/p>\n<p> Informaci\u00f3n exclusiva y el mejor an\u00e1lisis, los lunes en tu correo.<\/p>\n<form method=\"post\" action-xhr=\"https:\/\/www.lavoz.com.ar\/newsletters\/sintesis-politica\/signup\" id=\"newsletter-signup\" class=\"newsletterForm\" target=\"_blank\" custom-validation-reporting=\"as-you-go\" on=\"submit:AMP.setState({formLoading:true});submit-success:AMP.setState({formSuccess:true})\">\n<div submit-success class=\"is-paddingless-l\" readability=\"6\"> <template type=\"amp-mustache\" readability=\"2\"><\/p>\n<p> <strong>\u00a1Gracias por suscribirte!<\/strong><\/p>\n<p> <\/template><\/div>\n<div submit-error class=\"is-paddingless-l\" readability=\"6.5\"> <template type=\"amp-mustache\" readability=\"3\"><\/p>\n<p> <strong>Ha ocurrido un error, por favor intente nuevamente m\u00e1s tarde.<\/strong><\/p>\n<p> <\/template><\/div>\n<\/form>\n<\/div>\n<\/div>\n<div>\n<p> <span>Publicidad<\/span> <\/p>\n<\/div>\n","protected":false},"excerpt":{"rendered":"<p>El plenario de las comisiones de Legislaci\u00f3n General, Acci\u00f3n Social y Salud P\u00fablica, Defensa del Consumidor, del Usuario y de la Competencia e Industria continu\u00f3 hoy con el debate del proyecto de ley que busca promover la alimentaci\u00f3n saludable, el etiquetado informativo y visible. La reuni\u00f3n estuvo presidida por Cecilia Moreau (Fdt), Pablo Yedlin (FdT), [&hellip;]<\/p>\n","protected":false},"author":1,"featured_media":2991,"comment_status":"closed","ping_status":"closed","sticky":false,"template":"","format":"standard","meta":[],"categories":[12],"tags":[],"_links":{"self":[{"href":"http:\/\/nuevacordoba.net\/index.php\/wp-json\/wp\/v2\/posts\/2990"}],"collection":[{"href":"http:\/\/nuevacordoba.net\/index.php\/wp-json\/wp\/v2\/posts"}],"about":[{"href":"http:\/\/nuevacordoba.net\/index.php\/wp-json\/wp\/v2\/types\/post"}],"author":[{"embeddable":true,"href":"http:\/\/nuevacordoba.net\/index.php\/wp-json\/wp\/v2\/users\/1"}],"replies":[{"embeddable":true,"href":"http:\/\/nuevacordoba.net\/index.php\/wp-json\/wp\/v2\/comments?post=2990"}],"version-history":[{"count":0,"href":"http:\/\/nuevacordoba.net\/index.php\/wp-json\/wp\/v2\/posts\/2990\/revisions"}],"wp:featuredmedia":[{"embeddable":true,"href":"http:\/\/nuevacordoba.net\/index.php\/wp-json\/wp\/v2\/media\/2991"}],"wp:attachment":[{"href":"http:\/\/nuevacordoba.net\/index.php\/wp-json\/wp\/v2\/media?parent=2990"}],"wp:term":[{"taxonomy":"category","embeddable":true,"href":"http:\/\/nuevacordoba.net\/index.php\/wp-json\/wp\/v2\/categories?post=2990"},{"taxonomy":"post_tag","embeddable":true,"href":"http:\/\/nuevacordoba.net\/index.php\/wp-json\/wp\/v2\/tags?post=2990"}],"curies":[{"name":"wp","href":"https:\/\/api.w.org\/{rel}","templated":true}]}}