{"id":3043,"date":"2021-04-09T03:02:26","date_gmt":"2021-04-09T03:02:26","guid":{"rendered":"https:\/\/puntoapunto.com.ar\/?p=275854"},"modified":"2021-04-09T03:02:26","modified_gmt":"2021-04-09T03:02:26","slug":"inizio-hotel-by-kube-mgmt-el-apart-hotel-que-abrio-en-san-francisco","status":"publish","type":"post","link":"http:\/\/nuevacordoba.net\/index.php\/2021\/04\/09\/inizio-hotel-by-kube-mgmt-el-apart-hotel-que-abrio-en-san-francisco\/","title":{"rendered":"Inizio Hotel By Kube MGMT, el apart hotel que abri\u00f3 en San Francisco"},"content":{"rendered":"<p><!-- image --><\/p>\n<div class=\"td-post-featured-image\"><a href=\"http:\/\/nuevacordoba.net\/wp-content\/uploads\/2021\/04\/inizio-hotel-by-kube-mgmt-el-apart-hotel-que-abrio-en-san-francisco.jpg\" data-caption><img loading=\"lazy\" width=\"512\" height=\"384\" class=\"entry-thumb td-modal-image\" src=\"http:\/\/nuevacordoba.net\/wp-content\/uploads\/2021\/04\/inizio-hotel-by-kube-mgmt-el-apart-hotel-que-abrio-en-san-francisco.jpg\" srcset=\"http:\/\/nuevacordoba.net\/wp-content\/uploads\/2021\/04\/inizio-hotel-by-kube-mgmt-el-apart-hotel-que-abrio-en-san-francisco.jpg 512w, http:\/\/nuevacordoba.net\/wp-content\/uploads\/2021\/04\/inizio-hotel-by-kube-mgmt-el-apart-hotel-que-abrio-en-san-francisco-4.jpg 300w, http:\/\/nuevacordoba.net\/wp-content\/uploads\/2021\/04\/inizio-hotel-by-kube-mgmt-el-apart-hotel-que-abrio-en-san-francisco-5.jpg 150w, http:\/\/nuevacordoba.net\/wp-content\/uploads\/2021\/04\/inizio-hotel-by-kube-mgmt-el-apart-hotel-que-abrio-en-san-francisco-6.jpg 80w, http:\/\/nuevacordoba.net\/wp-content\/uploads\/2021\/04\/inizio-hotel-by-kube-mgmt-el-apart-hotel-que-abrio-en-san-francisco-7.jpg 265w\" sizes=\"(max-width: 512px) 100vw, 512px\" alt title=\"unnamed\"><\/a><\/div>\n<p> <!-- content --><\/p>\n<div class=\"td-a-rec td-a-rec-id-content_top tdi_66_c8c td_block_template_10\">\n<div class=\"g g-34\">\n<div class=\"g-single a-299\"><a class=\"gofollow\" data-track=\"Mjk5LDM0LDEsNjA=\" href=\"http:\/\/www.grupocanter.com.ar\/landing\/blanqueo\/pap\/?utm_source=Punto%20a%20Punto&amp;utm_medium=Banners&amp;utm_campaign=Blanqueo&amp;utm_term=950x187\"><img src=\"http:\/\/nuevacordoba.net\/wp-content\/uploads\/2021\/04\/inizio-hotel-by-kube-mgmt-el-apart-hotel-que-abrio-en-san-francisco.gif\"><\/a><\/div>\n<\/div>\n<\/div>\n<p>Inizio <a href=\"https:\/\/puntoapunto.com.ar\/tag\/hotel\/\" class=\"st_tag internal_tag\" rel=\"tag\" title=\"Posts tagged with hotel\">Hotel<\/a> abri\u00f3 sus puertas, se trata del \u00fanico Apart Hotel de San Francisco y la regi\u00f3n que realiz\u00f3 su apertura formal ante la presencia de m\u00e1s de 70 invitados, entre ellos las autoridades municipales. All\u00ed se hizo entrega de una placa distintiva al proyecto que marca un antes y un despu\u00e9s al desarrollo hotelero y arquitect\u00f3nico de nuestra ciudad.<\/p>\n<p>Inizio Hotel llega a dar respuesta a las demandas de hu\u00e9spedes que buscan confort y calidad, todo en una habitaci\u00f3n.<\/p>\n<h5><strong>Un lugar diferente<\/strong><\/h5>\n<p>El hotel se comenz\u00f3 a construir en 2016, con su lanzamiento a <a href=\"https:\/\/puntoapunto.com.ar\/tag\/fines\/\" class=\"st_tag internal_tag\" rel=\"tag\" title=\"Posts tagged with Fines\">fines<\/a> del mismo a\u00f1o. Restando el a\u00f1o de pandemia, fueron 4 a\u00f1os de trabajo en obra que tuvo como resultado 2.500 metros cuadrados cubiertos construidos en la etapa del hotel, m\u00e1s las superficies pr\u00f3ximas a inaugurar.<\/p>\n<p>El estilo del edificio es moderno, con l\u00edneas simples con piel de vidrio en la fachada; siempre destacado el buen gusto de dise\u00f1o y prestaciones acorde a los tiempos que corren, siempre atendiendo lo innovador y lo moderno.<\/p>\n<p>El hotel tiene 42 habitaciones, de las cuales 12 son de un dormitorio y 30 monoambientes. Todas ellas fueron equipadas de igual manera cumpliendo con las cualidades propias de un apart hotel.<\/p>\n<p><img loading=\"lazy\" class=\"alignnone wp-image-275859\" src=\"http:\/\/nuevacordoba.net\/wp-content\/uploads\/2021\/04\/inizio-hotel-by-kube-mgmt-el-apart-hotel-que-abrio-en-san-francisco-1.jpg\" alt width=\"455\" height=\"341\" srcset=\"http:\/\/nuevacordoba.net\/wp-content\/uploads\/2021\/04\/inizio-hotel-by-kube-mgmt-el-apart-hotel-que-abrio-en-san-francisco-1.jpg 300w, http:\/\/nuevacordoba.net\/wp-content\/uploads\/2021\/04\/inizio-hotel-by-kube-mgmt-el-apart-hotel-que-abrio-en-san-francisco-8.jpg 768w, http:\/\/nuevacordoba.net\/wp-content\/uploads\/2021\/04\/inizio-hotel-by-kube-mgmt-el-apart-hotel-que-abrio-en-san-francisco-9.jpg 150w, http:\/\/nuevacordoba.net\/wp-content\/uploads\/2021\/04\/inizio-hotel-by-kube-mgmt-el-apart-hotel-que-abrio-en-san-francisco-10.jpg 696w, http:\/\/nuevacordoba.net\/wp-content\/uploads\/2021\/04\/inizio-hotel-by-kube-mgmt-el-apart-hotel-que-abrio-en-san-francisco-11.jpg 560w, http:\/\/nuevacordoba.net\/wp-content\/uploads\/2021\/04\/inizio-hotel-by-kube-mgmt-el-apart-hotel-que-abrio-en-san-francisco-12.jpg 80w, http:\/\/nuevacordoba.net\/wp-content\/uploads\/2021\/04\/inizio-hotel-by-kube-mgmt-el-apart-hotel-que-abrio-en-san-francisco-13.jpg 265w, http:\/\/nuevacordoba.net\/wp-content\/uploads\/2021\/04\/inizio-hotel-by-kube-mgmt-el-apart-hotel-que-abrio-en-san-francisco-14.jpg 1024w\" sizes=\"(max-width: 455px) 100vw, 455px\"><\/p>\n<p>Cada unidad se encuentra equipada con cocina microondas, pava el\u00e9ctrica, cafetera con c\u00e1psulas, vajilla completa\/menaje, minibar con bebidas con y sin alcohol, snacks y golosinas, mesa y sillas, tabla y plancha, adem\u00e1s de todo lo que posee un hotel en sus habitaciones como caja de seguridad digital apta para notebook, se\u00f1al de WiFi, TV Smart 42 pulgadas, somier de primera calidad, toallas de alta densidad blanco de 180 hilos importado, secador de cabello as\u00ed como todos los productos de higiene personal.<\/p>\n<p>Cuenta con ba\u00f1era con mampara de vidrio templado, aire acondicionado fr\u00edo calor con sistema inverter y cortinado black out. \u201cBuscamos que el pasajero se sienta como en su casa, apuntando siempre a la comodidad, el confort y que pueda encontrarse con las facilidades b\u00e1sicas en ese lugar\u201d, expres\u00f3 Graziosi.<\/p>\n<p>El hotel tambi\u00e9n cuenta con dos salas de reuniones, un Sal\u00f3n de Usos M\u00faltiples de 130 m2 cubiertos con espacio de cocina propio, cocheras, gimnasio en la azotea y terraza descubierta con equipamiento para disfrutar del aire libre y una piscina con vistas a toda la ciudad.<\/p>\n<p>En cuanto a seguridad, posee vigilancia las 24 horas, hay c\u00e1maras internas y<br \/>las cocheras son cubiertas.<\/p>\n<p>La atenci\u00f3n al hu\u00e9sped es todo el d\u00eda, cuenta con servicio de mucama diario<br \/>con cambio de blanco y desayuno continental diario incluido en la tarifa, servido<br \/>en la misma habitaci\u00f3n.<\/p>\n<p>\u201cEste emprendimiento hotelero le aporta a la ciudad y la regi\u00f3n una nueva<br \/>alternativa de comodidad, confort y evoluci\u00f3n sobre la tradicional habitaci\u00f3n de<br \/>hotel\u201d, afirm\u00f3 Redolfi.<\/p>\n<p><img loading=\"lazy\" class=\"alignnone wp-image-275856\" src=\"http:\/\/nuevacordoba.net\/wp-content\/uploads\/2021\/04\/inizio-hotel-by-kube-mgmt-el-apart-hotel-que-abrio-en-san-francisco-2.jpg\" alt width=\"550\" height=\"275\" srcset=\"http:\/\/nuevacordoba.net\/wp-content\/uploads\/2021\/04\/inizio-hotel-by-kube-mgmt-el-apart-hotel-que-abrio-en-san-francisco-2.jpg 300w, http:\/\/nuevacordoba.net\/wp-content\/uploads\/2021\/04\/inizio-hotel-by-kube-mgmt-el-apart-hotel-que-abrio-en-san-francisco-15.jpg 150w, http:\/\/nuevacordoba.net\/wp-content\/uploads\/2021\/04\/inizio-hotel-by-kube-mgmt-el-apart-hotel-que-abrio-en-san-francisco-16.jpg 512w\" sizes=\"(max-width: 550px) 100vw, 550px\"><\/p>\n<h5><strong>Servicio moderno de&nbsp;gesti\u00f3n y administraci\u00f3n<\/strong><\/h5>\n<p>Inizio Hotel est\u00e1 gerenciado por Kube Mgmt (managment), la gerenciadora de hoteles de la mano del contador Gabriel Colombero y Tito Godoy junto a su equipo.<\/p>\n<p>En palabras de Tito Godoy, \u201cInizio es un apart hotel cliente de nuestro servicio de management al que hemos acompa\u00f1ado desde el inicio, donde hemos ofrecido el know how del estudio de mercado y probabilidades, dise\u00f1o del producto\/ servicio, flujo de fondo, compra de todo el equipamiento adecuado al producto que se comercializar\u00e1, software de gesti\u00f3n y administraci\u00f3n, administraci\u00f3n general, central de reservas de habitaciones y salones para eventos corporativos y sociales, habilitaci\u00f3n y categorizaci\u00f3n ante la Secretar\u00eda de Turismo de la provincia de C\u00f3rdoba, capacitaci\u00f3n del personal en las distintas \u00e1reas, desarrollo de estrategias comerciales a nivel nacional e internacional, entre otros\u201d.<\/p>\n<p><img loading=\"lazy\" class=\"alignnone wp-image-275857\" src=\"http:\/\/nuevacordoba.net\/wp-content\/uploads\/2021\/04\/inizio-hotel-by-kube-mgmt-el-apart-hotel-que-abrio-en-san-francisco-3.jpg\" alt width=\"517\" height=\"343\" srcset=\"http:\/\/nuevacordoba.net\/wp-content\/uploads\/2021\/04\/inizio-hotel-by-kube-mgmt-el-apart-hotel-que-abrio-en-san-francisco-3.jpg 300w, http:\/\/nuevacordoba.net\/wp-content\/uploads\/2021\/04\/inizio-hotel-by-kube-mgmt-el-apart-hotel-que-abrio-en-san-francisco-17.jpg 150w, http:\/\/nuevacordoba.net\/wp-content\/uploads\/2021\/04\/inizio-hotel-by-kube-mgmt-el-apart-hotel-que-abrio-en-san-francisco-18.jpg 512w\" sizes=\"(max-width: 517px) 100vw, 517px\"><\/p>\n<p>Para el gerenciador, \u201ceste proyecto aporta un producto innovador en San Francisco, es tener un establecimiento hotelero con servicios de apart hotel lo que ampl\u00eda la cantidad de camas <a href=\"https:\/\/puntoapunto.com.ar\/tag\/disponibles\/\" class=\"st_tag internal_tag\" rel=\"tag\" title=\"Posts tagged with disponibles\">disponibles<\/a>, para la organizaci\u00f3n de eventos de distinta \u00edndole cultural, corporativo, social, deportivo, y categoriza a la ciudad de San Francisco por ser un producto nuevo y moderno\u201d.<\/p>\n<h5><strong>Inversi\u00f3n segura<\/strong><\/h5>\n<p>Pablo Berardo, socio de la firma administradora de Inizio Hotel y responsable del \u00e1rea comercial en Inmobiliaria Roberto Berardo, coment\u00f3 que \u201cen esta \u00e9poca tan dura a nivel sanitario y econ\u00f3mico del pa\u00eds poder hacer el lanzamiento de Inizio Hotel es todo un desaf\u00edo, y estamos convencidos y orgullosos del producto que estamos brindando a la ciudad de San Francisco\u201d.<\/p>\n<p>\u201cEstamos muy contentos porque es el esfuerzo de muchas voluntades enfocadas en un mismo objetivo que es darle a la ciudad un prestigio, un espacio donde aquellos empresarios y emprendedores tengan a San Francisco como una ciudad posible y un polo fundamental para organizar eventos, con un hotel y una gastronom\u00eda a la altura de las circunstancias\u201d.<\/p>\n<p>\u201cEn una econom\u00eda donde uno est\u00e1 siempre alerta y no hay buenos instrumentos de inversi\u00f3n financiera, Inizio es una gran oportunidad <a href=\"https:\/\/puntoapunto.com.ar\/tag\/ya\/\" class=\"st_tag internal_tag\" rel=\"tag\" title=\"Posts tagged with ya\">ya<\/a> que la renta obtenida es muy superior a los alquileres tradicionales y el ladrillo sigue siendo un resguardo de capital que se revaloriza siempre\u201d.<\/p>\n<p>No tags for this post. <!-- A generated by theme --> <!-- end A --> <\/p>\n","protected":false},"excerpt":{"rendered":"<p>Inizio Hotel abri\u00f3 sus puertas, se trata del \u00fanico Apart Hotel de San Francisco y la regi\u00f3n que realiz\u00f3 su apertura formal ante la presencia de m\u00e1s de 70 invitados, entre ellos las autoridades municipales. All\u00ed se hizo entrega de una placa distintiva al proyecto que marca un antes y un despu\u00e9s al desarrollo hotelero [&hellip;]<\/p>\n","protected":false},"author":1,"featured_media":3044,"comment_status":"open","ping_status":"closed","sticky":false,"template":"","format":"standard","meta":[],"categories":[14],"tags":[],"_links":{"self":[{"href":"http:\/\/nuevacordoba.net\/index.php\/wp-json\/wp\/v2\/posts\/3043"}],"collection":[{"href":"http:\/\/nuevacordoba.net\/index.php\/wp-json\/wp\/v2\/posts"}],"about":[{"href":"http:\/\/nuevacordoba.net\/index.php\/wp-json\/wp\/v2\/types\/post"}],"author":[{"embeddable":true,"href":"http:\/\/nuevacordoba.net\/index.php\/wp-json\/wp\/v2\/users\/1"}],"replies":[{"embeddable":true,"href":"http:\/\/nuevacordoba.net\/index.php\/wp-json\/wp\/v2\/comments?post=3043"}],"version-history":[{"count":0,"href":"http:\/\/nuevacordoba.net\/index.php\/wp-json\/wp\/v2\/posts\/3043\/revisions"}],"wp:featuredmedia":[{"embeddable":true,"href":"http:\/\/nuevacordoba.net\/index.php\/wp-json\/wp\/v2\/media\/3044"}],"wp:attachment":[{"href":"http:\/\/nuevacordoba.net\/index.php\/wp-json\/wp\/v2\/media?parent=3043"}],"wp:term":[{"taxonomy":"category","embeddable":true,"href":"http:\/\/nuevacordoba.net\/index.php\/wp-json\/wp\/v2\/categories?post=3043"},{"taxonomy":"post_tag","embeddable":true,"href":"http:\/\/nuevacordoba.net\/index.php\/wp-json\/wp\/v2\/tags?post=3043"}],"curies":[{"name":"wp","href":"https:\/\/api.w.org\/{rel}","templated":true}]}}