{"id":30496,"date":"2023-03-21T22:46:49","date_gmt":"2023-03-21T22:46:49","guid":{"rendered":"http:\/\/nuevacordoba.net\/index.php\/2023\/03\/21\/peter-lanzani-y-diego-peretti-encarnan-al-bien-y-el-mal-en-el-desenlace-de-el-reino\/"},"modified":"2023-03-21T22:46:49","modified_gmt":"2023-03-21T22:46:49","slug":"peter-lanzani-y-diego-peretti-encarnan-al-bien-y-el-mal-en-el-desenlace-de-el-reino","status":"publish","type":"post","link":"http:\/\/nuevacordoba.net\/index.php\/2023\/03\/21\/peter-lanzani-y-diego-peretti-encarnan-al-bien-y-el-mal-en-el-desenlace-de-el-reino\/","title":{"rendered":"Peter Lanzani y Diego Peretti encarnan al bien y el mal en el desenlace de \u00abEl Reino\u00bb"},"content":{"rendered":"<figure class=\"mb-3\"><img loading=\"lazy\" data-src=\"http:\/\/nuevacordoba.net\/wp-content\/uploads\/2023\/03\/peter-lanzani-y-diego-peretti-encarnan-al-bien-y-el-mal-en-el-desenlace-de-el-reino.jpg\" src=\"https:\/\/www.telam.com.ar\/assets\/img\/not_image.png\" class=\" lazy \" width=\"100%\" height=\"100%\" alt=\"Peter Lanzani como Tadeo Vzquez Foto Prensa\"><figcaption> Peter Lanzani como Tadeo V\u00e1zquez. Foto: Prensa. <\/figcaption><\/figure>\n<p>Los reconocidos <strong>Peter Lanzani y Diego Peretti<\/strong> son el bien y el mal personificados en la segunda y \u00faltima entrega de <strong>\u00abEl Reino\u00bb<\/strong>, serie de <strong>Claudia Pi\u00f1eiro y Marcelo Pi\u00f1eyro<\/strong> que a trav\u00e9s del cruce de la pol\u00edtica y la religi\u00f3n institucionalizada imagina una Argentina corrompida por la teocracia, y que llegar\u00e1 este mi\u00e9rcoles a su fin con el estreno de sus seis episodios en la plataforma de streaming Netflix.<\/p>\n<p><strong>\u00abMe gustar\u00eda acaparar la atenci\u00f3n de todo el mundo. Vamos con todo\u00bb<\/strong>, asegur\u00f3 Peretti en di\u00e1logo con T\u00e9lam de cara al t\u00e9rmino de esta trama de suspenso y evocando el esp\u00edritu ambicioso de Emilio V\u00e1zquez Pena, el pastor evangelista que interpreta y que las audiencias conocieron un a\u00f1o y medio atr\u00e1s, cuando todav\u00eda era un candidato a vicepresidente con muchas decisiones que tomar tras el asesinato de su compa\u00f1ero de f\u00f3rmula durante el acto de cierre de campa\u00f1a.<\/p>\n<p>Con una elipsis que deja lugar para especular qu\u00e9 ocurri\u00f3 en el mientras tanto, los nuevos cap\u00edtulos de \u00abEl Reino\u00bb comienzan con V\u00e1zquez Pena ocupando hace algunos a\u00f1os el sill\u00f3n de Rivadavia y luchando contra las resistencias que halla la aplicaci\u00f3n de su fe en la conducci\u00f3n del Gobierno.<\/p>\n<figure class=\"mb-3\"><img loading=\"lazy\" data-src=\"http:\/\/nuevacordoba.net\/wp-content\/uploads\/2023\/03\/peter-lanzani-y-diego-peretti-encarnan-al-bien-y-el-mal-en-el-desenlace-de-el-reino-1.jpg\" src=\"https:\/\/www.telam.com.ar\/assets\/img\/not_image.png\" class=\" lazy \" width=\"100%\" height=\"100%\" alt=\"Diego Peretti como Emilio Vzquez Pena Foto Prensa\"><figcaption> Diego Peretti como Emilio V\u00e1zquez Pena. Foto: Prensa. <\/figcaption><\/figure>\n<p><br open> Pero dentro de todo ese ya conflictivo clima social reaparece una figura antag\u00f3nica que no esperaba: se trata de Tadeo (Lanzani), quien luego de abandonar la iglesia fundada por el presidente al descubrir que la utilizaba como fachada para cometer abusos a menores, se convierte de manera inesperada en un h\u00e9roe popular de corte mesi\u00e1nico y abanderado de la justicia social durante su escape en el norte del pa\u00eds.<\/p>\n<p>La polarizaci\u00f3n entre la b\u00fasqueda del bien com\u00fan y el hambre de poder concentrado -que incluso amenaza con poner en jaque la democracia- se transforma en el eje de esta \u00faltima entrega, que deja de lado el misterio criminal y pasa a un desarrollo m\u00e1s directo para ver qui\u00e9n ganar\u00e1 la pulseada en esta ficci\u00f3n, la primera de sello argentino que retom\u00f3 sus rodajes en plena pandemia de coronavirus y que logr\u00f3 capitalizar la atenci\u00f3n de miles de espectadores desde el aislamiento en sus hogares.<\/p>\n<p><strong>\u00abPara m\u00ed fue important\u00edsimo, cada personaje o proyecto que elijo me deja una huella desde lo profesional, compartiendo con actores y actrices que admiro much\u00edsimo, y desde lo personal, con el esfuerzo casi deportivo de afrontar un set y ponerle el cuerpo y la emocionalidad\u00bb<\/strong>, coment\u00f3 por su parte Lanzani sobre su paso por la serie y a poco de su vuelta desde Los \u00c1ngeles, donde dijo presente en la gala de los premios Oscar por su papel en la aclamada \u00abArgentina, 1985\u00bb.<\/p>\n<blockquote class><p>\u00abMe parece que en esta serie pudimos ser folcl\u00f3ricos, tel\u00faricos e internacionales. En otros casos por ah\u00ed ves atravesado un discurso de la plataforma que no coincide con lo que vos quer\u00e9s decir, y ah\u00ed se complica.\u00bb (A) Diego Peretti<\/p><\/blockquote>\n<p><br open> En este cierre, la dupla protag\u00f3nica comparte elenco nuevamente con <strong>Mercedes Mor\u00e1n, Joaqu\u00edn Furriel, Nancy Dupla\u00e1 y Chino Dar\u00edn, <\/strong>junto a los reci\u00e9n llegados<strong> Diego Vel\u00e1zquez, Julieta Cardinali, Maite Lanata y Agust\u00edn Aristar\u00e1n<\/strong>.<\/p>\n<p><strong>-En esta temporada Emilio y Tadeo se transforman definitivamente en las dos caras de una misma moneda. \u00bfC\u00f3mo encararon ese planteo de esta continuaci\u00f3n?<\/strong><\/p>\n<p>Peter Lanzani: La verdad es que nos cruzamos poco y nada en esta temporada, pero ten\u00edamos a favor que ya sab\u00edamos qui\u00e9n era cada personaje, ya nos hab\u00edamos desenmascarado. As\u00ed que no necesariamente hubo encuentros para ver c\u00f3mo \u00edbamos a jugar, pero s\u00ed hubo muchos ensayos con Marcelo (Pi\u00f1eyro), que es un director muy presente y no deja nada librado al azar, y hubo mucha lectura, porque esta temporada arranca unos a\u00f1os m\u00e1s adelante y ten\u00edamos que ver qu\u00e9 pas\u00f3 en ese tiempo, para saber c\u00f3mo arrancar. Desde ah\u00ed, me parece que fue m\u00e1s un trabajo de intuici\u00f3n que cualquier otra cosa.<\/p>\n<p><strong>-\u00bfEse camino m\u00e1s claro y menos misterioso los oblig\u00f3 a reformular alg\u00fan aspecto de sus personajes?<\/strong><\/p>\n<p>Diego Peretti: Puede ser que la trama est\u00e9 muy jugada para un lado y para el otro, pero sin duda que en su direcci\u00f3n, hacia d\u00f3nde se dirige cada uno de los personajes, se mantiene constante hacia el destino final. En el caso de Emilio, \u00e9l pasa de una promesa de personaje y en este segundo cap\u00edtulo es la concreci\u00f3n, donde se gastan todas las balas. Fue poner en acci\u00f3n todo lo que ven\u00edamos prometiendo, de alguna manera.<\/p>\n<p>PL: Para m\u00ed mantienen su esencia pero llevada a extremos. Tadeo es un tipo espiritual, bondadoso, pero lo que s\u00ed tiene de diferente es que ya est\u00e1 mas abordado de todo lo sucedido, ya no es el Tadeo que no sab\u00eda c\u00f3mo afrontar sus situaciones y hasta le ganaba un tartamudeo. Es un Tadeo un poco m\u00e1s plantado, que ya no puede callarse, aunque no busca convertirse en la figura en la que se convierte, porque se lo da la vida misma, y su gran desaf\u00edo es qu\u00e9 hacer con todo eso.<\/p>\n<p><strong>-\u00abEl Reino\u00bb fue una de las series que marc\u00f3 el impulso que tuvo la producci\u00f3n nacional para el streaming desde la pandemia. \u00bfCreen que proyectos como este ampl\u00edan los l\u00edmites de lo que se puede contar en el formato televisivo argentino?<\/strong><\/p>\n<p>DP: Una de las cosas buenas que tienen las plataformas, para m\u00ed, es que elevaron un poco la forma de narrar y lo t\u00e9cnico, se hizo m\u00e1s rigurosa, m\u00e1s profesional. Yo trabaj\u00e9 mucho en TV, y en el caso de una plataforma como esta los recursos est\u00e1n presentes, pod\u00e9s desarrollar un buen guion con todo lo que quer\u00e9s decir, de una manera m\u00e1s cinematogr\u00e1fica, hecha con m\u00e1s tiempo. Y al hacer algo con m\u00e1s tiempo, te sale algo un poco mejor, en general. Puede no ocurrir, en el arte a veces la menor cantidad de recursos te ayudan a crear algo mucho mejor que si los tuvieras, pero en este caso me parece que funcion\u00f3 para que la historia tuviera la potencia que creo que tiene.<\/p>\n<p><strong>-\u00bfC\u00f3mo creen que funcion\u00f3 \u00abEl Reino\u00bb en ese terreno de las plataformas, donde los contenidos locales est\u00e1n disponibles tambi\u00e9n para un p\u00fablico global?<\/strong><\/p>\n<p>DP: Me parece que en esta serie pudimos ser folcl\u00f3ricos, tel\u00faricos e internacionales. En otros casos por ah\u00ed ves atravesado un discurso de la plataforma que no coincide con lo que vos quer\u00e9s decir, y ah\u00ed se complica. Pueden suceder ese tipo de cortocircuitos, de quita de cultura nuestra en pos de una f\u00f3rmula internacional abstracta, pero en este caso no ocurre, creo que todo est\u00e1 potenciado, todo est\u00e1 bueno. Yo veo pel\u00edculas noruegas o iran\u00edes, que antes ni loco, pero ahora tambi\u00e9n un noruego puede vernos a nosotros con \u00abEl Reino\u00bb, y eso es un cambio muy importante.<\/p>\n<p>PL: Las plataformas tambi\u00e9n buscan la diversidad, de repente a un espa\u00f1ol le puede interesar ver qu\u00e9 pasa en el conurbano, como ac\u00e1 hay argentinos que ven series espa\u00f1olas. Depende del proyecto y del p\u00fablico que quieras encarar, quiz\u00e1s te \u00abargentiniz\u00e1s\u00bb menos en tu relato, pero eso est\u00e1 hasta en las t\u00e9cnicas actorales. Ves una serie yanqui y tienen una manera muy distinta de actuar a la nuestra, son m\u00e1s neutros, como los europeos. Nosotros somos m\u00e1s expresivos, y eso no se va a perder nunca. <\/p>\n","protected":false},"excerpt":{"rendered":"<p>Peter Lanzani como Tadeo V\u00e1zquez. Foto: Prensa. Los reconocidos Peter Lanzani y Diego Peretti son el bien y el mal personificados en la segunda y \u00faltima entrega de \u00abEl Reino\u00bb, serie de Claudia Pi\u00f1eiro y Marcelo Pi\u00f1eyro que a trav\u00e9s del cruce de la pol\u00edtica y la religi\u00f3n institucionalizada imagina una Argentina corrompida por la [&hellip;]<\/p>\n","protected":false},"author":1,"featured_media":30497,"comment_status":"closed","ping_status":"closed","sticky":false,"template":"","format":"standard","meta":[],"categories":[9],"tags":[],"_links":{"self":[{"href":"http:\/\/nuevacordoba.net\/index.php\/wp-json\/wp\/v2\/posts\/30496"}],"collection":[{"href":"http:\/\/nuevacordoba.net\/index.php\/wp-json\/wp\/v2\/posts"}],"about":[{"href":"http:\/\/nuevacordoba.net\/index.php\/wp-json\/wp\/v2\/types\/post"}],"author":[{"embeddable":true,"href":"http:\/\/nuevacordoba.net\/index.php\/wp-json\/wp\/v2\/users\/1"}],"replies":[{"embeddable":true,"href":"http:\/\/nuevacordoba.net\/index.php\/wp-json\/wp\/v2\/comments?post=30496"}],"version-history":[{"count":0,"href":"http:\/\/nuevacordoba.net\/index.php\/wp-json\/wp\/v2\/posts\/30496\/revisions"}],"wp:featuredmedia":[{"embeddable":true,"href":"http:\/\/nuevacordoba.net\/index.php\/wp-json\/wp\/v2\/media\/30497"}],"wp:attachment":[{"href":"http:\/\/nuevacordoba.net\/index.php\/wp-json\/wp\/v2\/media?parent=30496"}],"wp:term":[{"taxonomy":"category","embeddable":true,"href":"http:\/\/nuevacordoba.net\/index.php\/wp-json\/wp\/v2\/categories?post=30496"},{"taxonomy":"post_tag","embeddable":true,"href":"http:\/\/nuevacordoba.net\/index.php\/wp-json\/wp\/v2\/tags?post=30496"}],"curies":[{"name":"wp","href":"https:\/\/api.w.org\/{rel}","templated":true}]}}