{"id":30502,"date":"2023-03-21T21:59:50","date_gmt":"2023-03-21T21:59:50","guid":{"rendered":"https:\/\/prensa.cba.gov.ar\/?p=542245"},"modified":"2023-03-21T21:59:50","modified_gmt":"2023-03-21T21:59:50","slug":"arranco-el-ciclo-2023-de-la-escuela-de-abogados-del-estado-con-record-de-asistentes","status":"publish","type":"post","link":"http:\/\/nuevacordoba.net\/index.php\/2023\/03\/21\/arranco-el-ciclo-2023-de-la-escuela-de-abogados-del-estado-con-record-de-asistentes\/","title":{"rendered":"Arranc\u00f3 el ciclo 2023 de la Escuela de Abogados del Estado con r\u00e9cord de asistentes"},"content":{"rendered":"<ul>\n<li><strong>Se inscribieron m\u00e1s de 1.800 personas en la primera conferencia virtual gratuita del a\u00f1o en curso.<\/strong><\/li>\n<li><strong>Los juristas Julio Comadira, Eduardo \u00c1valos y Leonardo Massimino trataron la tem\u00e1tica \u201cProcedimiento y proceso administrativos\u201d.<\/strong><\/li>\n<li><strong>La actividad institucional cont\u00f3 con el aval del Gobierno de C\u00f3rdoba y la Fiscal\u00eda de Estado provincial.<\/strong><\/li>\n<\/ul>\n<p>Con una participaci\u00f3n r\u00e9cord de m\u00e1s de 1.800 inscriptos, arranc\u00f3 esta tarde el ciclo de<strong> conferencias virtuales gratuitas 2023 organizado por la <a href=\"https:\/\/escueladeabogados.cba.gov.ar\/\" target=\"_blank\" rel=\"noreferrer noopener\">Escuela de Abogados del Estado<\/a><\/strong>, instituci\u00f3n que brinda capacitaci\u00f3n y perfeccionamiento t\u00e9cnico a los interesados.<\/p>\n<p>En esta primera conferencia anual, disertaron sobre <strong>\u201cProcedimiento y proceso administrativos\u201d<\/strong> el abogado especialista en derecho administrativo, <strong>Julio Comadira<\/strong>; el juez de la Sala \u201cA\u201d de la C\u00e1mara Federal de Apelaciones de C\u00f3rdoba, <strong>Eduardo \u00c1valos<\/strong>; y el juez de la C\u00e1mara Contencioso Administrativa de 1\u00aa Nominaci\u00f3n de C\u00f3rdoba, <strong>Leonardo Massimino<\/strong>.<\/p>\n<p>La actividad institucional cont\u00f3 con el <strong>apoyo del Gobierno de C\u00f3rdoba y de la Fiscal\u00eda de Estado provincial<\/strong>. Estuvo presente el director de la Escuela de Abogados del Estado, <strong>Gerardo Garc\u00eda<\/strong>.<\/p>\n<figure class=\"wp-container-2 wp-block-gallery-1 wp-block-gallery has-nested-images columns-default is-cropped has-lightbox\">\n<figure class=\"wp-block-image size-large\"><img loading=\"lazy\" width=\"993\" height=\"662\" data-id=\"542253\" src=\"http:\/\/nuevacordoba.net\/wp-content\/uploads\/2023\/03\/arranco-el-ciclo-2023-de-la-escuela-de-abogados-del-estado-con-record-de-asistentes.jpg\" alt class=\"wp-image-542253\"><\/figure>\n<figure class=\"wp-block-image size-large\"><img loading=\"lazy\" width=\"993\" height=\"662\" data-id=\"542259\" src=\"http:\/\/nuevacordoba.net\/wp-content\/uploads\/2023\/03\/arranco-el-ciclo-2023-de-la-escuela-de-abogados-del-estado-con-record-de-asistentes-1.jpg\" alt class=\"wp-image-542259\"><\/figure>\n<\/figure>\n<p>La conferencia inaugural del ciclo 2023 se transmiti\u00f3 en vivo a trav\u00e9s de la plataforma Zoom y el canal de YouTube institucional de la Escuela de Abogados del Estado.<\/p>\n<p>La coordinadora acad\u00e9mica de la Escuela de Abogados del Estado, <strong><a href=\"https:\/\/prensa.cba.gov.ar\/wp-content\/uploads\/2023\/03\/WhatsApp-Image-2023-03-21-at-16.16.05.jpeg\" target=\"_blank\" rel=\"noreferrer noopener\">Mariana Boschetto<\/a><\/strong>, efectu\u00f3 la introducci\u00f3n en la tem\u00e1tica, present\u00f3 a los conferencistas y, al final, expuso las preguntas de los participantes inscriptos.<\/p>\n<p>Boschetto dijo que la actividad formativa se hace <em>\u201ccon recursos escasos del Estado\u201d<\/em> y que las conferencias, abiertas al p\u00fablico en general, <em>\u201cno tienen costo\u201d<\/em> para sus destinatarios. <em>\u201cQuienes brindan las capacitaciones lo hacen en un marco de absoluta libertad acad\u00e9mica, sin condicionamiento alguno\u201d<\/em>, resalt\u00f3.<\/p>\n<p><strong>Las conferencias suman puntos para la carrera administrativa<\/strong> y se otorgan certificados a los participantes. <em>\u201cEl prop\u00f3sito final es mejorar la calidad de los servicios jur\u00eddicos estatales\u201d<\/em>, agreg\u00f3 Boschetto.<\/p>\n<figure class=\"wp-container-4 wp-block-gallery-3 wp-block-gallery has-nested-images columns-default is-cropped has-lightbox\">\n<figure class=\"wp-block-image size-large\"><img loading=\"lazy\" width=\"993\" height=\"662\" data-id=\"542260\" src=\"http:\/\/nuevacordoba.net\/wp-content\/uploads\/2023\/03\/arranco-el-ciclo-2023-de-la-escuela-de-abogados-del-estado-con-record-de-asistentes-2.jpg\" alt class=\"wp-image-542260\"><\/figure>\n<figure class=\"wp-block-image size-large\"><img loading=\"lazy\" width=\"993\" height=\"662\" data-id=\"542252\" src=\"http:\/\/nuevacordoba.net\/wp-content\/uploads\/2023\/03\/arranco-el-ciclo-2023-de-la-escuela-de-abogados-del-estado-con-record-de-asistentes-3.jpg\" alt class=\"wp-image-542252\"><\/figure>\n<\/figure>\n<h3><strong>Tres ponencias<\/strong><\/h3>\n<p>Comadira, doctor en derecho de la Universidad Austral y mag\u00edster en derecho administrativo, fue el encargado de abrir el fuego. Se refiri\u00f3 a <strong>la<\/strong><strong> necesidad de superar la distinci\u00f3n entre derecho subjetivo e inter\u00e9s leg\u00edtimo <\/strong>en el an\u00e1lisis de la legitimaci\u00f3n en el procedimiento administrativo y en el proceso contencioso.Al inicio de su exposici\u00f3n, habl\u00f3 de <em>\u201clas situaciones jur\u00eddicas subjetivas de los particulares frente a la Administraci\u00f3n P\u00fablica, que se vinculan, de manera estrecha, con la legitimaci\u00f3n tanto en sede administrativa como en sede judicial\u201d<\/em>.<\/p>\n<p>\u00c1valos, especialista en derecho p\u00fablico y doctor en derecho por la Universidad Nacional de C\u00f3rdoba (UNC), enfoc\u00f3 su ponencia en <strong>el procedimiento administrativo y, fundamentalmente, en los principios que informan su tramitaci\u00f3n<\/strong>. <em>\u201cEl procedimiento administrativo es uno de los principales institutos del derecho administrativo; un procedimiento administrativo ajustado a derecho, tramitado en legal forma, puede dar mayor garant\u00eda al ciudadano; es decir, que el acto administrativo lo sea conforme a derecho\u201d<\/em>, se\u00f1al\u00f3.<\/p>\n<figure class=\"wp-block-image aligncenter size-full is-resized\"><img loading=\"lazy\" src=\"http:\/\/nuevacordoba.net\/wp-content\/uploads\/2023\/03\/arranco-el-ciclo-2023-de-la-escuela-de-abogados-del-estado-con-record-de-asistentes-4.jpg\" alt class=\"wp-image-542257\" width=\"558\" height=\"372\"><\/figure>\n<p>Finalmente, Massimino aludi\u00f3 a la <strong>modernizaci\u00f3n y simplificaci\u00f3n en los procesos y procedimientos administrativos implementada en la provincia de C\u00f3rdoba<\/strong>. <em>\u201cTodos sabemos el impacto que tiene la inteligencia artificial, la tecnolog\u00eda y el \u2018big data\u2019 en la toma de decisiones\u201d<\/em>, afirm\u00f3 el tambi\u00e9n doctor en derecho de la Facultad de Derecho de la UNC. Asimismo, a cuatro a\u00f1os de la sanci\u00f3n de la ley 10.618, brind\u00f3 algunas reflexiones sobre esta normativa vinculadas a la pr\u00e1ctica administrativa y jurisprudencial.<\/p>\n<h3><strong>Pr\u00f3xima conferencia<\/strong><\/h3>\n<p>La <strong>segunda conferencia virtual gratuita<\/strong> del ciclo 2023 de la Escuela de Abogados del Estado tendr\u00e1 lugar el <strong>martes 11 de abril<\/strong>. En esa oportunidad, la profesora y abogada A\u00edda Kemelmajer de Carlucci tratar\u00e1 una tem\u00e1tica de actualidad: <strong>\u201cInterrupci\u00f3n legal y voluntaria del embarazo\u201d<\/strong>.<\/p>\n<p>Las inscripciones para la segunda conferencia se receptan en: <a href=\"https:\/\/escueladeabogados.cba.gov.ar\/\" target=\"_blank\" rel=\"noreferrer noopener\">https:\/\/escueladeabogados.cba.gov.ar\/<\/a><\/p>\n<figure class=\"wp-block-image aligncenter size-full is-resized\"><img loading=\"lazy\" src=\"http:\/\/nuevacordoba.net\/wp-content\/uploads\/2023\/03\/arranco-el-ciclo-2023-de-la-escuela-de-abogados-del-estado-con-record-de-asistentes-5.jpg\" alt class=\"wp-image-542255\" width=\"593\" height=\"395\"><\/figure>\n<p> <iframe loading=\"lazy\" width=\"560\" height=\"315\" src=\"https:\/\/www.youtube.com\/embed\/GgOaUbF38T0\" title=\"YouTube video player\" frameborder=\"0\" allow=\"accelerometer; autoplay; clipboard-write; encrypted-media; gyroscope; picture-in-picture; web-share\" allowfullscreen>[embedded content]<\/iframe> <\/p>\n","protected":false},"excerpt":{"rendered":"<p>Se inscribieron m\u00e1s de 1.800 personas en la primera conferencia virtual gratuita del a\u00f1o en curso. Los juristas Julio Comadira, Eduardo \u00c1valos y Leonardo Massimino trataron la tem\u00e1tica \u201cProcedimiento y proceso administrativos\u201d. La actividad institucional cont\u00f3 con el aval del Gobierno de C\u00f3rdoba y la Fiscal\u00eda de Estado provincial. Con una participaci\u00f3n r\u00e9cord de m\u00e1s [&hellip;]<\/p>\n","protected":false},"author":1,"featured_media":30503,"comment_status":"closed","ping_status":"closed","sticky":false,"template":"","format":"standard","meta":[],"categories":[14],"tags":[],"_links":{"self":[{"href":"http:\/\/nuevacordoba.net\/index.php\/wp-json\/wp\/v2\/posts\/30502"}],"collection":[{"href":"http:\/\/nuevacordoba.net\/index.php\/wp-json\/wp\/v2\/posts"}],"about":[{"href":"http:\/\/nuevacordoba.net\/index.php\/wp-json\/wp\/v2\/types\/post"}],"author":[{"embeddable":true,"href":"http:\/\/nuevacordoba.net\/index.php\/wp-json\/wp\/v2\/users\/1"}],"replies":[{"embeddable":true,"href":"http:\/\/nuevacordoba.net\/index.php\/wp-json\/wp\/v2\/comments?post=30502"}],"version-history":[{"count":0,"href":"http:\/\/nuevacordoba.net\/index.php\/wp-json\/wp\/v2\/posts\/30502\/revisions"}],"wp:featuredmedia":[{"embeddable":true,"href":"http:\/\/nuevacordoba.net\/index.php\/wp-json\/wp\/v2\/media\/30503"}],"wp:attachment":[{"href":"http:\/\/nuevacordoba.net\/index.php\/wp-json\/wp\/v2\/media?parent=30502"}],"wp:term":[{"taxonomy":"category","embeddable":true,"href":"http:\/\/nuevacordoba.net\/index.php\/wp-json\/wp\/v2\/categories?post=30502"},{"taxonomy":"post_tag","embeddable":true,"href":"http:\/\/nuevacordoba.net\/index.php\/wp-json\/wp\/v2\/tags?post=30502"}],"curies":[{"name":"wp","href":"https:\/\/api.w.org\/{rel}","templated":true}]}}