{"id":30504,"date":"2023-03-22T09:37:56","date_gmt":"2023-03-22T09:37:56","guid":{"rendered":"http:\/\/nuevacordoba.net\/index.php\/2023\/03\/22\/velez-fue-contundente-y-goleo-a-central-cordoba-en-el-cierre-de-la-octava-fecha\/"},"modified":"2023-03-22T09:37:56","modified_gmt":"2023-03-22T09:37:56","slug":"velez-fue-contundente-y-goleo-a-central-cordoba-en-el-cierre-de-la-octava-fecha","status":"publish","type":"post","link":"http:\/\/nuevacordoba.net\/index.php\/2023\/03\/22\/velez-fue-contundente-y-goleo-a-central-cordoba-en-el-cierre-de-la-octava-fecha\/","title":{"rendered":"V\u00e9lez fue contundente y gole\u00f3 a Central C\u00f3rdoba en el cierre de la octava fecha"},"content":{"rendered":"<figure class=\"mb-3\"><img loading=\"lazy\" data-src=\"http:\/\/nuevacordoba.net\/wp-content\/uploads\/2023\/03\/velez-fue-contundente-y-goleo-a-central-cordoba-en-el-cierre-de-la-octava-fecha.jpg\" src=\"https:\/\/www.telam.com.ar\/assets\/img\/not_image.png\" class=\" lazy \" width=\"100%\" height=\"100%\" alt=\"Foto Maximiliano Luna\"><figcaption> Foto: Maximiliano Luna <\/figcaption><\/figure>\n<p>V\u00e9lez, otra vez \u00abde\u00bb Ricardo Gareca, pareci\u00f3 volver este martes por la noche por sus fueros, aquellos de un pasado exitoso que ya extra\u00f1aba el hincha del equipo de Liniers, el lugar donde celebr\u00f3 como hace mucho una goleada por 4 a 0 sobre Central C\u00f3rdoba, de Santiago del Estero, para cerrar la octava fecha del campeonato de la Liga Profesional de F\u00fatbol (LPF).<\/p>\n<p><strong>Esta primera victoria de Ricardo Gareca en su retorno a la direcci\u00f3n t\u00e9cnica velezana le permiti\u00f3 a su equipo trepar a la d\u00e9cima posici\u00f3n del certamen con 12 puntos, mientras que los santiague\u00f1os siguen sumergidos en el 24to. puesto con 8 unidades y, sobre todo, muy cerca de la zona de descenso.<\/strong><\/p>\n<p><strong>V\u00e9lez siempre dio sensaci\u00f3n de superioridad ante un Central C\u00f3rdoba que exhibi\u00f3 sus limitaciones futbol\u00edsticas <\/strong>m\u00e1s en lo individual que en lo colectivo, ya que jugadores como Lucas Pratto, Walter Bou, Diego God\u00edn, Francisco Ortega y Leonardo Jara encontraban superioridad en lugares de la cancha vitales tanto para neutralizar como para lastimar a su rival.<\/p>\n<p>Y una clara muestra de ello se dio apenas superado el cuarto de hora, cuando Ortaga cort\u00f3 por adentro, Bou se cruz\u00f3 a la izquierda y habilit\u00f3 a Pratto ingresando en diagonal para definir alto y cruzado, de zurda, desde el borde del \u00e1rea grande.<\/p>\n<p>A partir de all\u00ed los locales ganaron en seguridad y fueron creciendo en el juego a partir de la posesi\u00f3n del bal\u00f3n y el juego juego integrado de control y profundizaci\u00f3n.<\/p>\n<p>Eso permiti\u00f3 que en su segunda presentaci\u00f3n, nuevamente como local, y tras el irregular partido anterior con empate 1 a 1 incluido ante Platense, los de Gareca se fueran al descanso del entretiempo entre aplausos de sus hinchas.<\/p>\n<figure class=\"mb-3\"><img loading=\"lazy\" data-src=\"http:\/\/nuevacordoba.net\/wp-content\/uploads\/2023\/03\/velez-fue-contundente-y-goleo-a-central-cordoba-en-el-cierre-de-la-octava-fecha-1.jpg\" src=\"https:\/\/www.telam.com.ar\/assets\/img\/not_image.png\" class=\" lazy \" width=\"100%\" height=\"100%\" alt=\"Foto Maximiliano Luna\"><figcaption> Foto: Maximiliano Luna <\/figcaption><\/figure>\n<p>Y as\u00ed fueron recibidos para la segunda mitad, en la que devolver\u00edan ese afecto con una actuaci\u00f3n superadora respecto de la primera mitad, que se empez\u00f3 a plasmar en la red apenas comenzada, a los 8 minutos, a trav\u00e9s del \u00abotro\u00bb 9 que tiene el equipo de Liniers, Abiel Osorio, de 20 a\u00f1os, 14 menos que el \u00abOso\u00bb Pratto.<\/p>\n<p>Y a partir de entonces todo fue para regocijo del hincha de V\u00e9lez, desde la ductilidad del paraguayo Jos\u00e9 Florent\u00edn, la figura de la cancha, y su ladero Juli\u00e1n Fern\u00e1ndez, que a los 24 minutos anotar\u00eda el tercer tanto para los due\u00f1os de casa con una \u00abcarambola\u00bb afortunada.<\/p>\n<p>Y ya con esa diferencia Gareca aprovech\u00f3 para darle espacio y minutos a algunos chicos de la siempre prol\u00edfica cantera velezana, haciendo ingresar a chicos prometedores como Gianlucca Prestianni, de 17 a\u00f1os; Mateo Seoane, de 19 y El\u00edas Cabrera, de 20.<\/p>\n<p>En el banco se quedaron sin ver acci\u00f3n, por ejemplo, los dos zagueros centrales titulares de los \u00faltimos tiempos como el excapit\u00e1n Lautaro Gianetti, Valent\u00edn G\u00f3mez (tambi\u00e9n de 19) y Tom\u00e1s Guidara. Salvo Ortega, los otros tres eran concurrentes fijos en la defensa de arranque. Esta noche no fue as\u00ed.<\/p>\n<p>Y el gol de Prestianni, el primero con la camiseta de V\u00e9lez, que fue una verdadera ofrenda al desparpajo juvenil y el potrero interminable, no solamente permitieron redondear el 4 a 0 final, sino tambi\u00e9n darle la raz\u00f3n de ciertas variantes \u00abpesadas\u00bb al \u00abTigre\u00bb en su regreso al club.<\/p>\n<p>En la pr\u00f3xima fecha, la novena, V\u00e9lez inaugurar\u00e1 la programaci\u00f3n el jueves 30 de marzo, desde las 20, con una dif\u00edcil visita a Defensa y Justicia, mientras que Central C\u00f3rdoba la cerrar\u00e1 en Santiago del Estero el lunes 3 de abril en un partido clave por el descenso ante Arsenal.<\/p>\n","protected":false},"excerpt":{"rendered":"<p>Foto: Maximiliano Luna V\u00e9lez, otra vez \u00abde\u00bb Ricardo Gareca, pareci\u00f3 volver este martes por la noche por sus fueros, aquellos de un pasado exitoso que ya extra\u00f1aba el hincha del equipo de Liniers, el lugar donde celebr\u00f3 como hace mucho una goleada por 4 a 0 sobre Central C\u00f3rdoba, de Santiago del Estero, para cerrar [&hellip;]<\/p>\n","protected":false},"author":1,"featured_media":30505,"comment_status":"closed","ping_status":"closed","sticky":false,"template":"","format":"standard","meta":[],"categories":[10],"tags":[],"_links":{"self":[{"href":"http:\/\/nuevacordoba.net\/index.php\/wp-json\/wp\/v2\/posts\/30504"}],"collection":[{"href":"http:\/\/nuevacordoba.net\/index.php\/wp-json\/wp\/v2\/posts"}],"about":[{"href":"http:\/\/nuevacordoba.net\/index.php\/wp-json\/wp\/v2\/types\/post"}],"author":[{"embeddable":true,"href":"http:\/\/nuevacordoba.net\/index.php\/wp-json\/wp\/v2\/users\/1"}],"replies":[{"embeddable":true,"href":"http:\/\/nuevacordoba.net\/index.php\/wp-json\/wp\/v2\/comments?post=30504"}],"version-history":[{"count":0,"href":"http:\/\/nuevacordoba.net\/index.php\/wp-json\/wp\/v2\/posts\/30504\/revisions"}],"wp:featuredmedia":[{"embeddable":true,"href":"http:\/\/nuevacordoba.net\/index.php\/wp-json\/wp\/v2\/media\/30505"}],"wp:attachment":[{"href":"http:\/\/nuevacordoba.net\/index.php\/wp-json\/wp\/v2\/media?parent=30504"}],"wp:term":[{"taxonomy":"category","embeddable":true,"href":"http:\/\/nuevacordoba.net\/index.php\/wp-json\/wp\/v2\/categories?post=30504"},{"taxonomy":"post_tag","embeddable":true,"href":"http:\/\/nuevacordoba.net\/index.php\/wp-json\/wp\/v2\/tags?post=30504"}],"curies":[{"name":"wp","href":"https:\/\/api.w.org\/{rel}","templated":true}]}}