{"id":30506,"date":"2023-03-22T09:38:00","date_gmt":"2023-03-22T09:38:00","guid":{"rendered":"http:\/\/nuevacordoba.net\/index.php\/2023\/03\/22\/en-un-clima-distendido-la-seleccion-se-entreno-a-la-espera-de-panama\/"},"modified":"2023-03-22T09:38:00","modified_gmt":"2023-03-22T09:38:00","slug":"en-un-clima-distendido-la-seleccion-se-entreno-a-la-espera-de-panama","status":"publish","type":"post","link":"http:\/\/nuevacordoba.net\/index.php\/2023\/03\/22\/en-un-clima-distendido-la-seleccion-se-entreno-a-la-espera-de-panama\/","title":{"rendered":"En un clima distendido, la Selecci\u00f3n se entren\u00f3 a la espera de Panam\u00e1"},"content":{"rendered":"<figure class=\"mb-3\"><img loading=\"lazy\" data-src=\"http:\/\/nuevacordoba.net\/wp-content\/uploads\/2023\/03\/en-un-clima-distendido-la-seleccion-se-entreno-a-la-espera-de-panama.jpg\" src=\"https:\/\/www.telam.com.ar\/assets\/img\/not_image.png\" class=\" lazy \" width=\"100%\" height=\"100%\" alt=\"Foto Victoria Gesualdi\"><figcaption> Foto: Victoria Gesualdi. <\/figcaption><\/figure>\n<p>Argentina realiz\u00f3 este martes el segundo entrenamiento de cara al amistoso ante Panam\u00e1 del pr\u00f3ximo jueves, en el estadio de River, que co<strong>ngregar\u00e1 a m\u00e1s de 80 mil hinchas<\/strong> para celebrar la gesta de diciembre pasado en Qatar.<\/p>\n<p>El capit\u00e1n y crack rosarino Lionel Messi hizo su entrada a la cancha auxiliar minutos despu\u00e9s de las 17 junto con el masajista Marcelo \u00abDaddy\u00bb D&#8217;Andrea y el preparador f\u00edsico Luis Martin y se acopl\u00f3 al resto del grupo.<\/p>\n<figure class=\"mb-3\"><img loading=\"lazy\" data-src=\"http:\/\/nuevacordoba.net\/wp-content\/uploads\/2023\/03\/en-un-clima-distendido-la-seleccion-se-entreno-a-la-espera-de-panama-1.jpg\" src=\"https:\/\/www.telam.com.ar\/assets\/img\/not_image.png\" class=\" lazy \" width=\"100%\" height=\"100%\" alt=\"Foto Victoria Gesualdi\"><figcaption> Foto: Victoria Gesualdi. <\/figcaption><\/figure>\n<p>El plantel se movi\u00f3 ante la vista de los periodistas, con acceso restringido a 15 minutos, para una nueva pr\u00e1ctica en el predio de la AFA.<\/p>\n<p>El delantero de PSG, de Francia tom\u00f3 contacto de inmediato con el bal\u00f3n en el grupo conformado por Nicol\u00e1s Otamendi, Giovanni Lo Celso y \u00c1ngel Di Mar\u00eda.<\/p>\n<figure class=\"mb-3\"><img loading=\"lazy\" data-src=\"http:\/\/nuevacordoba.net\/wp-content\/uploads\/2023\/03\/en-un-clima-distendido-la-seleccion-se-entreno-a-la-espera-de-panama-2.jpg\" src=\"https:\/\/www.telam.com.ar\/assets\/img\/not_image.png\" class=\" lazy \" width=\"100%\" height=\"100%\" alt=\"Foto Victoria Gesualdi\"><figcaption> Foto: Victoria Gesualdi. <\/figcaption><\/figure>\n<p>El resto de los futbolistas que trabajaron en Ezeiza son los defensores Nicol\u00e1s Tagliafico, Nahuel Molina, Gonzalo Montiel, Cristian Romero, Germ\u00e1n Pezzella, Lisandro Mart\u00ednez, Marcos Acu\u00f1a, Juan Foyth, Lautaro Blanco y Nehu\u00e9n P\u00e9rez; los volantes Enzo Fern\u00e1ndez (con look platinado en su cabello), Leandro Paredes, Alexis MacAllister, Guido Rodr\u00edguez, Exequiel Palacios, M\u00e1ximo Perrone, Facundo Buonanotte, Rodrigo De Paul, Thiago Almada y Valent\u00edn Carboni.<\/p>\n<p>Adem\u00e1s estuvieron los delanteros Lautaro Mart\u00ednez, Juli\u00e1n \u00c1lvarez, Paulo Dybala, Emiliano Buend\u00eda, \u00c1ngel Correa, Nicol\u00e1s Gonz\u00e1lez y Giovanni Simeone.<\/p>\n<figure class=\"mb-3\"><img loading=\"lazy\" data-src=\"http:\/\/nuevacordoba.net\/wp-content\/uploads\/2023\/03\/en-un-clima-distendido-la-seleccion-se-entreno-a-la-espera-de-panama-3.jpg\" src=\"https:\/\/www.telam.com.ar\/assets\/img\/not_image.png\" class=\" lazy \" width=\"100%\" height=\"100%\" alt=\"Foto Victoria Gesualdi\"><figcaption> Foto: Victoria Gesualdi. <\/figcaption><\/figure>\n<p>En tanto, los arqueros Emiliano \u00abDibu\u00bb Mart\u00ednez, Franco Armani y Ger\u00f3nimo Rulli trabajaron aparte con el entrenador del puesto, Mart\u00edn Tocalli.<\/p>\n<p>El entrenamiento comenz\u00f3 con ejercicios f\u00edsicos a cargo del mencionado Luis Martin y continu\u00f3 con las indicaciones del seleccionador Lionel Scaloni y su cuerpo t\u00e9cnico.<\/p>\n<figure class=\"mb-3\"><img loading=\"lazy\" data-src=\"http:\/\/nuevacordoba.net\/wp-content\/uploads\/2023\/03\/en-un-clima-distendido-la-seleccion-se-entreno-a-la-espera-de-panama-4.jpg\" src=\"https:\/\/www.telam.com.ar\/assets\/img\/not_image.png\" class=\" lazy \" width=\"100%\" height=\"100%\" alt=\"Foto Victoria Gesualdi\"><figcaption> Foto: Victoria Gesualdi. <\/figcaption><\/figure>\n<p>Una vez finalizado el trabajo, cada futbolista tuvo la libertad de elegir para dormir en el predio o retirarse a un domicilio particular.<\/p>\n<p>El dato de color de la pr\u00e1ctica lo aport\u00f3 el juvenil delantero de River Claudio Echeverri, quien a instancias de Scaloni pudo saludar a las figuras de la selecci\u00f3n y se sum\u00f3 al trabajo.<\/p>\n<blockquote class=\"twitter-tweet\" readability=\"7.6793248945148\">\n<p lang=\"es\" dir=\"ltr\">\u00a1UN DIABLITO DE SELECCI\u00d3N! Claudio Echeverri, jugador de la Selecci\u00f3n Sub-17 y de River, se sum\u00f3 a la pr\u00e1ctica junto a los Campeones del Mundo.<\/p>\n<p>\ud83d\udcfa <a href=\"https:\/\/twitter.com\/hashtag\/ESPNenStarPlus?src=hash&amp;ref_src=twsrc%5Etfw\">#ESPNenStarPlus<\/a> <a href=\"https:\/\/t.co\/o881dPK8vV\">pic.twitter.com\/o881dPK8vV<\/a><\/p>\n<p>\u2014 SportsCenter (@SC_ESPN) <a href=\"https:\/\/twitter.com\/SC_ESPN\/status\/1638278981463203840?ref_src=twsrc%5Etfw\">March 21, 2023<\/a><\/p><\/blockquote>\n<p>Echeverri, con 17 a\u00f1os, integra el plantel del seleccionado Sub-17, comandado por Diego Placente, que realiza su preparaci\u00f3n para el Sudamericano de Ecuador que dar\u00e1 inicio el pr\u00f3ximo 30 de marzo.<\/p>\n<p>El \u00abDiablito\u00bb, quien salud\u00f3 a sus \u00eddolos uno por uno, trabaj\u00f3 con la remera blanca de entrenamiento, pero luego utiliz\u00f3 la celeste, con las tres estrellas, del plantel mayor.<\/p>\n<figure class=\"mb-3\"><img loading=\"lazy\" data-src=\"http:\/\/nuevacordoba.net\/wp-content\/uploads\/2023\/03\/en-un-clima-distendido-la-seleccion-se-entreno-a-la-espera-de-panama-5.jpg\" src=\"https:\/\/www.telam.com.ar\/assets\/img\/not_image.png\" class=\" lazy \" width=\"100%\" height=\"100%\" alt=\"Foto Victoria Gesualdi\"><figcaption> Foto: Victoria Gesualdi. <\/figcaption><\/figure>\n<p>Argentina se prepara para festejar con su gente la obtenci\u00f3n de la Copa del Mundo en Qatar 2022, que cort\u00f3 una racha de 36 a\u00f1os de frustraciones.<\/p>\n<p>La \u00abScaloneta\u00bb enfrentar\u00e1 a Panam\u00e1, n\u00famero 61 del ranking FIFA, el jueves desde las 21, en el estadio de River Plate, con m\u00e1s de 83 mil espectadores confirmados tras agotar en un lapso de dos horas las localidades disponibles.<\/p>\n<figure class=\"mb-3\"><img loading=\"lazy\" data-src=\"http:\/\/nuevacordoba.net\/wp-content\/uploads\/2023\/03\/en-un-clima-distendido-la-seleccion-se-entreno-a-la-espera-de-panama-6.jpg\" src=\"https:\/\/www.telam.com.ar\/assets\/img\/not_image.png\" class=\" lazy \" width=\"100%\" height=\"100%\" alt=\"Foto Victoria Gesualdi\"><figcaption> Foto: Victoria Gesualdi. <\/figcaption><\/figure>\n<p>Est\u00e1 previsto que el M\u00e1s Monumental abra sus puertas entre las 15.30 y 16 y que media hora despu\u00e9s se inicie la previa con el DJ Fernando \u00abFer\u00bb Palacio.<\/p>\n<p>La pantalla gigante del Monumental emitir\u00e1 videos alusivos a la conquista en Qatar, en una fiesta que contar\u00e1 con m\u00e1s n\u00fameros musicales a cargo de Los Totora, La T y M, m\u00e1s Fernando Romero (creador del hit \u00abMuchachos\u00bb con La Mosca) y Tula, el popular bombista que recibi\u00f3 el premio The Best en Francia, en representaci\u00f3n de todos los hinchas argentinos.<\/p>\n<p>La entonaci\u00f3n del Himno Nacional estar\u00e1 a cargo del int\u00e9rprete de tango Ariel Ardit y el rapero argentino Wos har\u00e1 su aparici\u00f3n durante el entretiempo.<\/p>\n<figure class=\"mb-3\"><img loading=\"lazy\" data-src=\"http:\/\/nuevacordoba.net\/wp-content\/uploads\/2023\/03\/en-un-clima-distendido-la-seleccion-se-entreno-a-la-espera-de-panama-7.jpg\" src=\"https:\/\/www.telam.com.ar\/assets\/img\/not_image.png\" class=\" lazy \" width=\"100%\" height=\"100%\" alt=\"Foto Victoria Gesualdi\"><figcaption> Foto: Victoria Gesualdi. <\/figcaption><\/figure>\n<p>Al t\u00e9rmino del partido ante Panam\u00e1, el presidente de la AFA<strong>, Claudio Tapia, le entregar\u00e1 a Messi la Copa del Mundo y se dar\u00e1 inicio a un show de luces y fuegos de artificio.<\/strong><\/p>\n","protected":false},"excerpt":{"rendered":"<p>Foto: Victoria Gesualdi. Argentina realiz\u00f3 este martes el segundo entrenamiento de cara al amistoso ante Panam\u00e1 del pr\u00f3ximo jueves, en el estadio de River, que congregar\u00e1 a m\u00e1s de 80 mil hinchas para celebrar la gesta de diciembre pasado en Qatar. El capit\u00e1n y crack rosarino Lionel Messi hizo su entrada a la cancha auxiliar [&hellip;]<\/p>\n","protected":false},"author":1,"featured_media":30507,"comment_status":"closed","ping_status":"closed","sticky":false,"template":"","format":"standard","meta":[],"categories":[10],"tags":[],"_links":{"self":[{"href":"http:\/\/nuevacordoba.net\/index.php\/wp-json\/wp\/v2\/posts\/30506"}],"collection":[{"href":"http:\/\/nuevacordoba.net\/index.php\/wp-json\/wp\/v2\/posts"}],"about":[{"href":"http:\/\/nuevacordoba.net\/index.php\/wp-json\/wp\/v2\/types\/post"}],"author":[{"embeddable":true,"href":"http:\/\/nuevacordoba.net\/index.php\/wp-json\/wp\/v2\/users\/1"}],"replies":[{"embeddable":true,"href":"http:\/\/nuevacordoba.net\/index.php\/wp-json\/wp\/v2\/comments?post=30506"}],"version-history":[{"count":0,"href":"http:\/\/nuevacordoba.net\/index.php\/wp-json\/wp\/v2\/posts\/30506\/revisions"}],"wp:featuredmedia":[{"embeddable":true,"href":"http:\/\/nuevacordoba.net\/index.php\/wp-json\/wp\/v2\/media\/30507"}],"wp:attachment":[{"href":"http:\/\/nuevacordoba.net\/index.php\/wp-json\/wp\/v2\/media?parent=30506"}],"wp:term":[{"taxonomy":"category","embeddable":true,"href":"http:\/\/nuevacordoba.net\/index.php\/wp-json\/wp\/v2\/categories?post=30506"},{"taxonomy":"post_tag","embeddable":true,"href":"http:\/\/nuevacordoba.net\/index.php\/wp-json\/wp\/v2\/tags?post=30506"}],"curies":[{"name":"wp","href":"https:\/\/api.w.org\/{rel}","templated":true}]}}