{"id":30518,"date":"2023-03-22T11:54:47","date_gmt":"2023-03-22T11:54:47","guid":{"rendered":"https:\/\/cordoba.gob.ar\/?p=42002"},"modified":"2023-03-22T11:54:47","modified_gmt":"2023-03-22T11:54:47","slug":"en-cinco-meses-el-centro-verde-telas-recupero-mas-de-56-toneladas-de-residuos-textiles","status":"publish","type":"post","link":"http:\/\/nuevacordoba.net\/index.php\/2023\/03\/22\/en-cinco-meses-el-centro-verde-telas-recupero-mas-de-56-toneladas-de-residuos-textiles\/","title":{"rendered":"En cinco meses el Centro Verde Telas recuper\u00f3 m\u00e1s de 5,6 toneladas de residuos textiles"},"content":{"rendered":"<div><img src=\"http:\/\/nuevacordoba.net\/wp-content\/uploads\/2023\/03\/en-cinco-meses-el-centro-verde-telas-recupero-mas-de-56-toneladas-de-residuos-textiles.jpg\" class=\"ff-og-image-inserted\"><\/div>\n<ul>\n<li><strong>El aporte realizado por vecinos fue clave para alcanzar esta cifra.<\/strong><\/li>\n<li><strong>Todo lo recolectado se transforma en insumos gratuitos para proyectos de emprendedores circulares.<\/strong><\/li>\n<li><strong>El predio est\u00e1 localizado en avenida Agust\u00edn Tosco 9561 de barrio 1\u00b0 de mayo, en la zona sureste de la ciudad.<\/strong><\/li>\n<\/ul>\n<hr>\n<p>Inaugurado por el intendente Mart\u00edn Llaryora a principios de octubre de 2022, el nuevo Centro Verde Telas de la Municipalidad de C\u00f3rdoba recuper\u00f3 5,6 toneladas de residuos textiles.<\/p>\n<p>A la fecha 88 empresas y particulares retiraron material reciclado del centro.<\/p>\n<p>El aporte fue realizado por vecinos, otros centros verdes y empresas de la ciudad. Todo lo recolectado se transforma en insumos gratuitos para proyectos de emprendedores circulares de la ciudad.<\/p>\n<p>Una vez que los materiales son recibidos en la planta, se someten a un proceso de pesaje y selecci\u00f3n con el objetivo de encontrarles un nuevo uso y evitar su descarte.<\/p>\n<p>El personal encargado realiza una clasificaci\u00f3n cuidadosa basada en el tama\u00f1o, textura y color del material, permitiendo que cualquier productor o emprendedor pueda aprovecharlos en su producci\u00f3n como materia prima.<\/p>\n<p>Dentro del Centro de Verde Telas se han establecido alianzas con diversas asociaciones civiles, como Las Omas, Brisas de Esperanza y Humanidad Colaborativa (Hilanda).<\/p>\n<p>Algunos de sus miembros participan en el proceso de clasificaci\u00f3n de los materiales, mientras que otros trabajan en el taller de confecci\u00f3n de dise\u00f1os.<\/p>\n<p>El objetivo del Centro Verde Telas es generar otros agentes de cambio hacia la promoci\u00f3n de una econom\u00eda sostenible, a trav\u00e9s de la recolecci\u00f3n y procesamiento de residuos textiles, una de las industrias m\u00e1s contaminantes del mundo.<\/p>\n<p>El Centro Verde Telas est\u00e1 ubicado en avenida Agust\u00edn Tosco 9561, en el barrio 1\u00b0 de mayo, en la zona sureste de la ciudad. El predio de 1.000 m\u00b2 cuenta con el equipamiento necesario para procesar descartes textiles provenientes de vecinos e industrias.<\/p>\n<p>Este edificio tiene dos cortadoras de telas, cuatro m\u00e1quinas de coser industriales con distintas funcionalidades, un apilador el\u00e9ctrico, una balanza para pallets y una aspiradora industrial.<\/p>\n<p>Este centro funciona de lunes a viernes de 8 a 20 horas, es el sexto en la ciudad y el primero en Argentina dedicado exclusivamente al reciclaje y reutilizaci\u00f3n de telas.<\/p>\n<p>Algunos de los productos ya en producci\u00f3n incluyen zapatillas urbanas con un 70% de caucho recuperado en la suela y un 100% de textil recuperado en la capellada de gabardina, cuentos infantiles 100% con textil recuperado y alfombras con base de malla pl\u00e1stica y superficie de textil recuperado 100%.<\/p>\n<p>Adem\u00e1s, se est\u00e1n produciendo productos como chalecos de invierno, remeras de mangas cortas y largas con un 100% de textil recuperado y botones fabricados con pl\u00e1stico recuperado y camperas deportivas.<\/p>\n<p>Es importante destacar que a partir de este mes, la Universidad Nacional de C\u00f3rdoba (UNC), la Universidad Provincial de C\u00f3rdoba (UPC), la Universidad Tecnol\u00f3gica Nacional (UTN), la Universidad Siglo 21 y el Instituto Mariano Moreno trabajar\u00e1n en conjunto con Centro Verde Telas para para que sus alumnos y egresado puedan realizar proyectos e investigaciones con el Centro Verde Telas.<\/p>\n<p>Los otros cinco centros verdes, a cargo del Ente COyS, est\u00e1n ubicados en diferentes puntos de la ciudad y se encargan del reciclaje de residuos org\u00e1nicos, papel y cart\u00f3n, vidrio, pl\u00e1stico y metal.<\/p>\n<p>La iniciativa forma parte de una pol\u00edtica mayor de la gesti\u00f3n del intendente Mart\u00edn Llaryora, enfocada en fomentar la Econom\u00eda Circular y promover un paradigma de desarrollo sustentable en la producci\u00f3n local.<\/p>\n","protected":false},"excerpt":{"rendered":"<p>El aporte realizado por vecinos fue clave para alcanzar esta cifra. Todo lo recolectado se transforma en insumos gratuitos para proyectos de emprendedores circulares. El predio est\u00e1 localizado en avenida Agust\u00edn Tosco 9561 de barrio 1\u00b0 de mayo, en la zona sureste de la ciudad. Inaugurado por el intendente Mart\u00edn Llaryora a principios de octubre [&hellip;]<\/p>\n","protected":false},"author":1,"featured_media":30519,"comment_status":"closed","ping_status":"closed","sticky":false,"template":"","format":"standard","meta":[],"categories":[14],"tags":[],"_links":{"self":[{"href":"http:\/\/nuevacordoba.net\/index.php\/wp-json\/wp\/v2\/posts\/30518"}],"collection":[{"href":"http:\/\/nuevacordoba.net\/index.php\/wp-json\/wp\/v2\/posts"}],"about":[{"href":"http:\/\/nuevacordoba.net\/index.php\/wp-json\/wp\/v2\/types\/post"}],"author":[{"embeddable":true,"href":"http:\/\/nuevacordoba.net\/index.php\/wp-json\/wp\/v2\/users\/1"}],"replies":[{"embeddable":true,"href":"http:\/\/nuevacordoba.net\/index.php\/wp-json\/wp\/v2\/comments?post=30518"}],"version-history":[{"count":0,"href":"http:\/\/nuevacordoba.net\/index.php\/wp-json\/wp\/v2\/posts\/30518\/revisions"}],"wp:featuredmedia":[{"embeddable":true,"href":"http:\/\/nuevacordoba.net\/index.php\/wp-json\/wp\/v2\/media\/30519"}],"wp:attachment":[{"href":"http:\/\/nuevacordoba.net\/index.php\/wp-json\/wp\/v2\/media?parent=30518"}],"wp:term":[{"taxonomy":"category","embeddable":true,"href":"http:\/\/nuevacordoba.net\/index.php\/wp-json\/wp\/v2\/categories?post=30518"},{"taxonomy":"post_tag","embeddable":true,"href":"http:\/\/nuevacordoba.net\/index.php\/wp-json\/wp\/v2\/tags?post=30518"}],"curies":[{"name":"wp","href":"https:\/\/api.w.org\/{rel}","templated":true}]}}