{"id":3053,"date":"2021-04-10T21:30:11","date_gmt":"2021-04-10T21:30:11","guid":{"rendered":"http:\/\/nuevacordoba.net\/index.php\/2021\/04\/10\/nuevos-confinamientos-y-restricciones-ante-el-avance-desenfrenado-del-coronavirus\/"},"modified":"2021-04-10T21:30:11","modified_gmt":"2021-04-10T21:30:11","slug":"nuevos-confinamientos-y-restricciones-ante-el-avance-desenfrenado-del-coronavirus","status":"publish","type":"post","link":"http:\/\/nuevacordoba.net\/index.php\/2021\/04\/10\/nuevos-confinamientos-y-restricciones-ante-el-avance-desenfrenado-del-coronavirus\/","title":{"rendered":"Nuevos confinamientos y restricciones ante el avance desenfrenado del coronavirus"},"content":{"rendered":"<div class=\"image\" id=\"image\" readability=\"7\"> <img src=\"http:\/\/nuevacordoba.net\/wp-content\/uploads\/2021\/04\/nuevos-confinamientos-y-restricciones-ante-el-avance-desenfrenado-del-coronavirus.jpg\" alt=\"India registr\u00f3 un r\u00e9cord diario de casos con m\u00e1s de 145.000 nuevos positivos\" title=\"India registr\u00f3 un r\u00e9cord diario de casos con m\u00e1s de 145.000 nuevos positivos\"><\/p>\n<p>India registr\u00f3 un r\u00e9cord diario de casos con m\u00e1s de 145.000 nuevos positivos<\/p>\n<\/div>\n<p>El aumento exponencial de casos de coronavirus llev\u00f3 a imponer nuevos confinamientos focalizados en India y Colombia, mientras que en Am\u00e9rica Latina varios pa\u00edses decidieron extender las restricciones ante el recrudecimiento de la pandemia, mientras la falta de dosis y el temor a efectos secundarios ralentizan las campa\u00f1as de vacunaci\u00f3n en el mundo.<\/p>\n<p><strong>India<\/strong> registr\u00f3 un r\u00e9cord diario de casos con m\u00e1s de 145.000 nuevos positivos -la quinta cifra diaria de la \u00faltima semana por encima de los 100.000 detectables-, con epicentro en el estado de Maharashtra y su capital Bombay, que entraron en un confinamiento de fin de semana para intentar mitigar los contagios ante la escasez de vacunas y de camas de hospital.<\/p>\n<p>La regi\u00f3n es la m\u00e1s castigada por la Covid-19 en el pa\u00eds, el tercero con m\u00e1s infectados en el mundo por detr\u00e1s de <strong>Estados Unidos<\/strong> y <strong>Brasil<\/strong>, y sus 125 millones de habitantes deber\u00e1n respetar el confinamiento de fin de semana durante todo abril.<\/p>\n<p>La inmunizaci\u00f3n de los 1.300 millones de habitantes de India atraviesa, asimismo, un momento cr\u00edtico, ya que las autoridades sanitarias advirtieron que est\u00e1n al borde de la ruptura de suministros y de no obtener m\u00e1s de inmediato, la campa\u00f1a podr\u00eda suspenderse el lunes.<\/p>\n<p>En <strong>Colombia<\/strong>, los 8 millones de habitantes de Bogot\u00e1 tambi\u00e9n empezaron hoy un cierre total que estar\u00e1 vigente al menos hasta el lunes para frenar el avance del coronavirus.<\/p>\n<div class=\"image\" id=\"image\" readability=\"8\"> <img src=\"http:\/\/nuevacordoba.net\/wp-content\/uploads\/2021\/04\/nuevos-confinamientos-y-restricciones-ante-el-avance-desenfrenado-del-coronavirus-1.jpg\" alt=\"Brasil tuvo la cifra de muertos por Covid-19 m\u00e1s alta del mundo en la \u00faltima jornada, con 3.693.\" title=\"Brasil tuvo la cifra de muertos por Covid-19 m\u00e1s alta del mundo en la \u00faltima jornada, con 3.693.\"><\/p>\n<p>Brasil tuvo la cifra de muertos por Covid-19 m\u00e1s alta del mundo en la \u00faltima jornada, con 3.693.<\/p>\n<\/div>\n<p>La restricci\u00f3n en la capital se suma a los toques de queda nocturnos impuestos por el Gobierno esta semana en las ciudades de Medell\u00edn, Cali, Barranquilla y Santa Marta, donde el sistema de salud est\u00e1 operando al l\u00edmite.<\/p>\n<p>\u00abEste fin de semana, el s\u00e1bado, el domingo y el lunes todos nos vamos a quedar en casa\u00bb, anunci\u00f3 la alcaldesa, Claudia L\u00f3pez, subrayando que la gravedad de una tercera ola que \u00abya empez\u00f3\u00bb depende de los bogotanos.<\/p>\n<p>Las personas que viven en la capital solo podr\u00e1n salir a la calle para abastecerse, ir al m\u00e9dico, realizar actividades esenciales o de cuidado, hacer ejercicio una hora y sacar a pasear a la mascota, precis\u00f3 el diario local El Tiempo.<\/p>\n<p>Colombia es el segundo pa\u00eds latinoamericano con m\u00e1s casos de coronavirus, con 2,5 millones de positivos, por detr\u00e1s de Brasil, y el tercero con m\u00e1s fallecimientos, con m\u00e1s de 65.000, tras el gigante sudamericano y M\u00e9xico.<\/p>\n<p>En toda <strong>Am\u00e9rica Latina y el Caribe<\/strong>, la Covid-19 <strong>mat\u00f3 a m\u00e1s de 823.000 personas e infect\u00f3 a m\u00e1s de 26 millones<\/strong>, seg\u00fan los datos de la Organizaci\u00f3n Mundial de la Salud (OMS).<\/p>\n<p><strong>Brasil<\/strong>, el pa\u00eds m\u00e1s golpeado de la regi\u00f3n con casi 350.000 muertos, tuvo la cifra de muertos por Covid-19 m\u00e1s alta del mundo en la \u00faltima jornada, con 3.693, report\u00f3 la agencia de noticias AFP.<\/p>\n<p>En tanto, la r\u00e1pida expansi\u00f3n de la cepa brasile\u00f1a surgida en Manaos, hasta dos veces m\u00e1s virulenta, no s\u00f3lo ha causado un colapso hospitalario y r\u00e9cords de contagios y muertes en Brasil, sino tambi\u00e9n en varios de sus vecinos.<\/p>\n<p><strong>Uruguay <\/strong>registr\u00f3 ayer 52 fallecimientos por coronavirus en 24 horas, la cifra diaria m\u00e1s alta desde el inicio de la pandemia, en un momento cr\u00edtico con los hospitales saturados en Montevideo, informaron en las \u00faltimas horas medios locales y autoridades.<\/p>\n<p>\u00abSe confirmaron 52 fallecimientos con diagn\u00f3stico de SARS-CoV-2 en nuestro pa\u00eds. Hasta el momento son 1.363 las defunciones con diagn\u00f3stico de Covid-19\u00bb, inform\u00f3 el estatal Sistema Nacional de Emergencia (Sinae) en su reporte diario.<\/p>\n<p>Tambi\u00e9n se registr\u00f3 un m\u00e1ximo de casos activos, con 32.342 personas cursando la enfermedad, y de pacientes en cuidados intensivos, con 453.<\/p>\n<p>A su vez, el viernes se detectaron 3.786 nuevos casos y el total suma 137.946 desde marzo de 2020.<\/p>\n<p>El recrudecimiento de la pandemia en el continente llev\u00f3 a Bolivia a ampliar por una semana el cierre de su frontera con Brasil y a Paraguay a extender hasta el 19 de abril de las restricciones que est\u00e1n en vigor desde el pasado lunes, con limitaciones en el horario de circulaci\u00f3n y en la venta de alcohol, informaron hoy medios locales.<\/p>\n<blockquote readability=\"13\">\n<p>Colombia es el segundo pa\u00eds latinoamericano con m\u00e1s casos de coronavirus, con 2,5 millones de positivos, por detr\u00e1s de Brasil, y el tercero con m\u00e1s fallecimientos, con m\u00e1s de 65.000, tras el gigante sudamericano y M\u00e9xico<span class=\"comilla\">\u201d<\/span><\/p>\n<\/blockquote>\n<p>La situaci\u00f3n tambi\u00e9n es cr\u00edtica en Per\u00fa, donde 15 personas con coronavirus murieron en un hospital de la localidad peruana de Talara debido a la escasez de ox\u00edgeno, denunci\u00f3 hoy el alcalde de la provincia hom\u00f3nima, Jos\u00e9 Vitonera.<\/p>\n<p>Vitonera denunci\u00f3 que el Gobierno nacional se comprometi\u00f3 a construir un hospital modular que est\u00e1 sin terminar.<\/p>\n<p>\u00abNo tiene las camas UCI (Unidades de Cuidados Intensivos) que dijo, no tiene la planta de ox\u00edgeno, tiene un isotanque de almacenamiento de ox\u00edgeno, pero al crecer el n\u00famero de pacientes infectados, esta carga de 10.000 metros c\u00fabicos disminuye\u00bb, explic\u00f3 el alcalde en declaraciones a la emisora peruana RPP.<\/p>\n<p>\u00abEntonces se tiene que abastecer por balones de ox\u00edgeno que en estos momentos son recargados en una empresa privada de El Alto\u00bb, agreg\u00f3.<\/p>\n<p>La empresa privada est\u00e1 ubicada a 45 minutos de Talara, por lo tanto hay demoras en en la recarga del isotanque y eso provoc\u00f3 que varias personas no recibieran ox\u00edgeno, inform\u00f3 la agencia de noticias Europa Press.<\/p>\n<p><strong>Per\u00fa <\/strong>est\u00e1 atravesando la cuarta ola de contagios, con reportes por encima de los 9.000 positivos diarios que suman 1,6 millones de casos y m\u00e1s de 54.000 muertes desde el inicio de la pandemia, por lo que el Gobierno decidi\u00f3 esta semana prolongar hasta el 18 de abril las medidas implementadas para frenar los contagios, en v\u00edsperas de las elecciones generales de ma\u00f1ana.<\/p>\n<p>Mientras el coronavirus continua su avance desenfrenado, la vacunaci\u00f3n avanza con ritmo desigual en el mundo.<\/p>\n<p>M\u00e1s de 733 millones de dosis fueron aplicadas en al menos 196 pa\u00edses y territorios, de las cuales el 49% se administr\u00f3 en pa\u00edses de altos ingresos, donde reside el 16% de la poblaci\u00f3n mundial.<\/p>\n<p>Al mismo tiempo, la inmunizaci\u00f3n se ha visto alterada en varios pa\u00edses por posibles efectos secundarios de las vacunas de AstraZeneca y de Johnson&amp;Johnson, investigados por la Agencia Europea de Medicamentos (EMA). <\/p>\n","protected":false},"excerpt":{"rendered":"<p>India registr\u00f3 un r\u00e9cord diario de casos con m\u00e1s de 145.000 nuevos positivos El aumento exponencial de casos de coronavirus llev\u00f3 a imponer nuevos confinamientos focalizados en India y Colombia, mientras que en Am\u00e9rica Latina varios pa\u00edses decidieron extender las restricciones ante el recrudecimiento de la pandemia, mientras la falta de dosis y el temor [&hellip;]<\/p>\n","protected":false},"author":1,"featured_media":3054,"comment_status":"closed","ping_status":"closed","sticky":false,"template":"","format":"standard","meta":[],"categories":[13],"tags":[],"_links":{"self":[{"href":"http:\/\/nuevacordoba.net\/index.php\/wp-json\/wp\/v2\/posts\/3053"}],"collection":[{"href":"http:\/\/nuevacordoba.net\/index.php\/wp-json\/wp\/v2\/posts"}],"about":[{"href":"http:\/\/nuevacordoba.net\/index.php\/wp-json\/wp\/v2\/types\/post"}],"author":[{"embeddable":true,"href":"http:\/\/nuevacordoba.net\/index.php\/wp-json\/wp\/v2\/users\/1"}],"replies":[{"embeddable":true,"href":"http:\/\/nuevacordoba.net\/index.php\/wp-json\/wp\/v2\/comments?post=3053"}],"version-history":[{"count":0,"href":"http:\/\/nuevacordoba.net\/index.php\/wp-json\/wp\/v2\/posts\/3053\/revisions"}],"wp:featuredmedia":[{"embeddable":true,"href":"http:\/\/nuevacordoba.net\/index.php\/wp-json\/wp\/v2\/media\/3054"}],"wp:attachment":[{"href":"http:\/\/nuevacordoba.net\/index.php\/wp-json\/wp\/v2\/media?parent=3053"}],"wp:term":[{"taxonomy":"category","embeddable":true,"href":"http:\/\/nuevacordoba.net\/index.php\/wp-json\/wp\/v2\/categories?post=3053"},{"taxonomy":"post_tag","embeddable":true,"href":"http:\/\/nuevacordoba.net\/index.php\/wp-json\/wp\/v2\/tags?post=3053"}],"curies":[{"name":"wp","href":"https:\/\/api.w.org\/{rel}","templated":true}]}}