{"id":30538,"date":"2023-03-23T09:46:35","date_gmt":"2023-03-23T09:46:35","guid":{"rendered":"http:\/\/nuevacordoba.net\/index.php\/2023\/03\/23\/di-maria-es-algo-unico-ver-a-la-gente-contenta\/"},"modified":"2023-03-23T09:46:35","modified_gmt":"2023-03-23T09:46:35","slug":"di-maria-es-algo-unico-ver-a-la-gente-contenta","status":"publish","type":"post","link":"http:\/\/nuevacordoba.net\/index.php\/2023\/03\/23\/di-maria-es-algo-unico-ver-a-la-gente-contenta\/","title":{"rendered":"Di Mar\u00eda: \u00abEs algo \u00fanico ver a la gente contenta\u00bb"},"content":{"rendered":"<figure class=\"mb-3\"><img loading=\"lazy\" data-src=\"http:\/\/nuevacordoba.net\/wp-content\/uploads\/2023\/03\/di-maria-es-algo-unico-ver-a-la-gente-contenta.jpg\" src=\"https:\/\/www.telam.com.ar\/assets\/img\/not_image.png\" class=\" lazy \" width=\"100%\" height=\"100%\" alt=\" Foto Julin Alvarez\"><figcaption> \/ Foto: Juli\u00e1n Alvarez <\/figcaption><\/figure>\n<p>\u00c1ngel Di Mar\u00eda afirm\u00f3 este mi\u00e9rcoles que es \u00abalgo \u00fanico\u00bb ver a los hinchas contentos por la obtenci\u00f3n de la Copa del Mundo en Qatar 2022 y espera que ma\u00f1ana \u00absea un hermoso d\u00eda\u00bb, en referencia al amistoso ante Panam\u00e1 en River, la gran excusa para el festejo con la gente.<\/p>\n<p>\u00abEs algo \u00fanico ver a la gente contenta, es muy lindo y lo estamos disfrutando cada d\u00eda. Espero que ma\u00f1ana sea un hermoso d\u00eda\u00bb, afirm\u00f3 Di Mar\u00eda en rueda de prensa luego del entrenamiento del seleccionado argentino en el predio de la AFA.<\/p>\n<p>\u00abLa gente est\u00e1 enloquecida con lo que hizo el equipo, con este grupo y hay que disfrutarlo. Es una locura lo que pas\u00f3 con las entradas. Ojal\u00e1 que la cosa est\u00e9 tranquila ma\u00f1ana tambi\u00e9n y que no pase nada grave\u00bb, se\u00f1al\u00f3 \u00abFideo\u00bb sobre la alta demanda del p\u00fablico por los tickets para ma\u00f1ana y la expectativa generada por la fiesta del campe\u00f3n del mundo.<\/p>\n<figure class=\"mb-3\"><img loading=\"lazy\" data-src=\"http:\/\/nuevacordoba.net\/wp-content\/uploads\/2023\/03\/di-maria-es-algo-unico-ver-a-la-gente-contenta-1.jpg\" src=\"https:\/\/www.telam.com.ar\/assets\/img\/not_image.png\" class=\" lazy \" width=\"100%\" height=\"100%\" alt=\" Foto Julin Alvarez\"><figcaption> \/ Foto: Juli\u00e1n Alvarez <\/figcaption><\/figure>\n<p>Di Mar\u00eda dijo que est\u00e1 \u00abansioso\u00bb por el evento en el M\u00e1s Monumental y respald\u00f3 los dichos del seleccionador Lionel Scaloni, quien dijo que buscar\u00e1 que sus dirigidos mantengan el nivel.<\/p>\n<p>\u00abEl objetivo es ganar, seguir por el mismo camino. Ya lo dijo Scaloni, se termin\u00f3 que lo que se daba y los objetivos son los que vienen en camino\u00bb, apunt\u00f3 Di Mar\u00eda.<\/p>\n<p>El volante Rodrigo De Paul tambi\u00e9n estuvo en sinton\u00eda con Di Mar\u00eda: \u00abNo s\u00e9 si estamos capacitados para absorber todo esto; estoy ansioso. Le doy mucho m\u00e1s valor que a otros partidos e intentar\u00e9 disfrutar desde temprano\u00bb.<\/p>\n<figure class=\"mb-3\"><img loading=\"lazy\" data-src=\"http:\/\/nuevacordoba.net\/wp-content\/uploads\/2023\/03\/di-maria-es-algo-unico-ver-a-la-gente-contenta-2.jpg\" src=\"https:\/\/www.telam.com.ar\/assets\/img\/not_image.png\" class=\" lazy \" width=\"100%\" height=\"100%\" alt=\" Foto Julin Alvarez\"><figcaption> \/ Foto: Juli\u00e1n Alvarez <\/figcaption><\/figure>\n<p>De Paul dese\u00f3 que la llegada al Monumental sea \u00abtranquila y sin disturbios\u00bb ante la gran cantidad de hinchas que estar\u00e1n pendientes del plantel desde su salida de Ezeiza al estadio de River.<\/p>\n<p>\u00abEmpieza otra etapa, hay que preparar las Eliminatorias, nos van a exigir, hay que defender los t\u00edtulos logrados y ma\u00f1ana ser\u00e1 una preparaci\u00f3n. Ser\u00e1 un ejemplo para los chicos que vienen porque no nos conformamos e iremos por m\u00e1s\u00bb, dijo De Paul.<\/p>\n<blockquote class=\"twitter-tweet\" readability=\"7.117903930131\">\n<p lang=\"es\" dir=\"ltr\"><a href=\"https:\/\/twitter.com\/hashtag\/Selecci%C3%B3nMayor?src=hash&amp;ref_src=twsrc%5Etfw\">#Selecci\u00f3nMayor<\/a> \u00a1\u00daltimo entrenamiento! <\/p>\n<p>Todo listo, todo preparado, todo en marcha para volver a ver a la <a href=\"https:\/\/twitter.com\/hashtag\/Scaloneta?src=hash&amp;ref_src=twsrc%5Etfw\">#Scaloneta<\/a> \ud83d\ude0e\ud83c\udde6\ud83c\uddf7 <a href=\"https:\/\/t.co\/eBsGRTBbKB\">pic.twitter.com\/eBsGRTBbKB<\/a><\/p>\n<p>\u2014 \ud83c\udde6\ud83c\uddf7 Selecci\u00f3n Argentina \u2b50\u2b50\u2b50 (@Argentina) <a href=\"https:\/\/twitter.com\/Argentina\/status\/1638674646860963841?ref_src=twsrc%5Etfw\">March 22, 2023<\/a><\/p><\/blockquote>\n<p>El delantero Lautaro Mart\u00ednez expres\u00f3 su emoci\u00f3n por el momento que vive con sus compa\u00f1eros: \u00abEs un sue\u00f1o lo que estamos viviendo. Mis padres son los que m\u00e1s sufren, hicieron su esfuerzo por esto y ma\u00f1ana estar\u00e1n en la cancha. Disfrutaremos de un buen clima, de nuestra gente\u00bb. se\u00f1al\u00f3.<br \/>En tanto, el goleador del Manchester City Juli\u00e1n \u00c1lvarez no se extra\u00f1\u00f3 por la respuesta de los hinchas, quienes agotaron las entradas para ma\u00f1ana en dos horas: \u00abEra algo que se esperaba. Ma\u00f1ana ser\u00e1 una fiesta, una noche \u00fanica. Mucha gente se va a quedar afuera, pero tambi\u00e9n se pudo disfrutar en diciembre y ojal\u00e1 siga de esta manera\u00bb, concluy\u00f3. <\/p>\n","protected":false},"excerpt":{"rendered":"<p>\/ Foto: Juli\u00e1n Alvarez \u00c1ngel Di Mar\u00eda afirm\u00f3 este mi\u00e9rcoles que es \u00abalgo \u00fanico\u00bb ver a los hinchas contentos por la obtenci\u00f3n de la Copa del Mundo en Qatar 2022 y espera que ma\u00f1ana \u00absea un hermoso d\u00eda\u00bb, en referencia al amistoso ante Panam\u00e1 en River, la gran excusa para el festejo con la gente. [&hellip;]<\/p>\n","protected":false},"author":1,"featured_media":30539,"comment_status":"closed","ping_status":"closed","sticky":false,"template":"","format":"standard","meta":[],"categories":[10],"tags":[],"_links":{"self":[{"href":"http:\/\/nuevacordoba.net\/index.php\/wp-json\/wp\/v2\/posts\/30538"}],"collection":[{"href":"http:\/\/nuevacordoba.net\/index.php\/wp-json\/wp\/v2\/posts"}],"about":[{"href":"http:\/\/nuevacordoba.net\/index.php\/wp-json\/wp\/v2\/types\/post"}],"author":[{"embeddable":true,"href":"http:\/\/nuevacordoba.net\/index.php\/wp-json\/wp\/v2\/users\/1"}],"replies":[{"embeddable":true,"href":"http:\/\/nuevacordoba.net\/index.php\/wp-json\/wp\/v2\/comments?post=30538"}],"version-history":[{"count":0,"href":"http:\/\/nuevacordoba.net\/index.php\/wp-json\/wp\/v2\/posts\/30538\/revisions"}],"wp:featuredmedia":[{"embeddable":true,"href":"http:\/\/nuevacordoba.net\/index.php\/wp-json\/wp\/v2\/media\/30539"}],"wp:attachment":[{"href":"http:\/\/nuevacordoba.net\/index.php\/wp-json\/wp\/v2\/media?parent=30538"}],"wp:term":[{"taxonomy":"category","embeddable":true,"href":"http:\/\/nuevacordoba.net\/index.php\/wp-json\/wp\/v2\/categories?post=30538"},{"taxonomy":"post_tag","embeddable":true,"href":"http:\/\/nuevacordoba.net\/index.php\/wp-json\/wp\/v2\/tags?post=30538"}],"curies":[{"name":"wp","href":"https:\/\/api.w.org\/{rel}","templated":true}]}}