{"id":3061,"date":"2021-04-11T01:49:31","date_gmt":"2021-04-11T01:49:31","guid":{"rendered":"http:\/\/nuevacordoba.net\/index.php\/2021\/04\/11\/defensa-empato-con-talleres-por-dos-goles-en-contra\/"},"modified":"2021-04-11T01:49:31","modified_gmt":"2021-04-11T01:49:31","slug":"defensa-empato-con-talleres-por-dos-goles-en-contra","status":"publish","type":"post","link":"http:\/\/nuevacordoba.net\/index.php\/2021\/04\/11\/defensa-empato-con-talleres-por-dos-goles-en-contra\/","title":{"rendered":"Defensa empat\u00f3 con Talleres, por dos goles en contra"},"content":{"rendered":"<div class=\"image\" id=\"image\" readability=\"7\"> <img src=\"http:\/\/nuevacordoba.net\/wp-content\/uploads\/2021\/04\/defensa-empato-con-talleres-por-dos-goles-en-contra.jpg\" alt=\"Empate en Florencio Varela.\" title=\"Empate en Florencio Varela.\"><\/p>\n<p>Empate en Florencio Varela.<\/p>\n<\/div>\n<p>Defensa y Justicia empat\u00f3&nbsp; frente a Talleres de C\u00f3rdoba, 2 a 2 en Florencio Varela, por la novena fecha de la zona 2 de la Copa de la Liga Profesional de F\u00fatbol.<\/p>\n<p>En el primer tiempo marcaron Miguel Merentiel para Defensa y Breitenbruch, en contra de su valla, para Talleres. En el segundo, Tom\u00e1s Escalanta anot\u00f3 para el local y Juan Rodr\u00edguez, tambi\u00e9n con gol en contra, cedi\u00f3 el empate para los cordobeses.<\/p>\n","protected":false},"excerpt":{"rendered":"<p>Empate en Florencio Varela. Defensa y Justicia empat\u00f3&nbsp; frente a Talleres de C\u00f3rdoba, 2 a 2 en Florencio Varela, por la novena fecha de la zona 2 de la Copa de la Liga Profesional de F\u00fatbol. En el primer tiempo marcaron Miguel Merentiel para Defensa y Breitenbruch, en contra de su valla, para Talleres. En [&hellip;]<\/p>\n","protected":false},"author":1,"featured_media":3062,"comment_status":"closed","ping_status":"closed","sticky":false,"template":"","format":"standard","meta":[],"categories":[10],"tags":[],"_links":{"self":[{"href":"http:\/\/nuevacordoba.net\/index.php\/wp-json\/wp\/v2\/posts\/3061"}],"collection":[{"href":"http:\/\/nuevacordoba.net\/index.php\/wp-json\/wp\/v2\/posts"}],"about":[{"href":"http:\/\/nuevacordoba.net\/index.php\/wp-json\/wp\/v2\/types\/post"}],"author":[{"embeddable":true,"href":"http:\/\/nuevacordoba.net\/index.php\/wp-json\/wp\/v2\/users\/1"}],"replies":[{"embeddable":true,"href":"http:\/\/nuevacordoba.net\/index.php\/wp-json\/wp\/v2\/comments?post=3061"}],"version-history":[{"count":0,"href":"http:\/\/nuevacordoba.net\/index.php\/wp-json\/wp\/v2\/posts\/3061\/revisions"}],"wp:featuredmedia":[{"embeddable":true,"href":"http:\/\/nuevacordoba.net\/index.php\/wp-json\/wp\/v2\/media\/3062"}],"wp:attachment":[{"href":"http:\/\/nuevacordoba.net\/index.php\/wp-json\/wp\/v2\/media?parent=3061"}],"wp:term":[{"taxonomy":"category","embeddable":true,"href":"http:\/\/nuevacordoba.net\/index.php\/wp-json\/wp\/v2\/categories?post=3061"},{"taxonomy":"post_tag","embeddable":true,"href":"http:\/\/nuevacordoba.net\/index.php\/wp-json\/wp\/v2\/tags?post=3061"}],"curies":[{"name":"wp","href":"https:\/\/api.w.org\/{rel}","templated":true}]}}