{"id":30640,"date":"2023-03-29T00:16:16","date_gmt":"2023-03-29T00:16:16","guid":{"rendered":"https:\/\/prensa.cba.gov.ar\/?p=543126"},"modified":"2023-03-29T00:16:16","modified_gmt":"2023-03-29T00:16:16","slug":"representantes-de-ops-compartieron-una-agenda-de-actividades-con-el-ministerio-de-salud","status":"publish","type":"post","link":"http:\/\/nuevacordoba.net\/index.php\/2023\/03\/29\/representantes-de-ops-compartieron-una-agenda-de-actividades-con-el-ministerio-de-salud\/","title":{"rendered":"Representantes de OPS compartieron una agenda de actividades con el Ministerio de Salud"},"content":{"rendered":"<ul>\n<li><strong>Fue en el marco de la visita del organismo internacional, que inici\u00f3 ayer con la firma de un convenio con la Provincia.<\/strong><\/li>\n<li><strong>Junto a funcionarios locales, visitaron una Sala Cuna, el Circuito de la Mujer del Parque de las Tejas y el Polo Integral de la Mujer<\/strong><\/li>\n<li><strong>Tambi\u00e9n hubo reuniones t\u00e9cnicas entre los equipos de salud y la comitiva de OPS\/OMS, para evaluar posibles l\u00edneas de acci\u00f3n conjunta.<\/strong><\/li>\n<\/ul>\n<p>La representante en Argentina de la <strong>Organizaci\u00f3n Panamericana de la Salud\/Organizaci\u00f3n Mundial de la Salud en Argentina (OPS\/OMS), Eva Jan\u00e9 Llopis<\/strong>, particip\u00f3 entre ayer y hoy de una agenda de actividades junto a la ministra de Salud, Gabriela Barb\u00e1s, y a equipos t\u00e9cnicos de distintos temas de inter\u00e9s. Fue en el marco de su visita por la <a href=\"https:\/\/prensa.cba.gov.ar\/gobierno\/cordoba-firmo-un-acuerdo-con-ops-para-avanzar-en-politicas-de-salud-y-genero\/\" target=\"_blank\" rel=\"noreferrer noopener\">firma de un acuerdo con la Provincia<\/a>.<\/p>\n<p>Durante el d\u00eda de ayer, se realiz\u00f3 una reuni\u00f3n con parte del gabinete de la cartera sanitaria en la que se repasaron l\u00edneas de acci\u00f3n sobre adicciones, discapacidad, embarazo, calidad y seguridad del paciente, y pol\u00edticas de prevenci\u00f3n y promoci\u00f3n de la salud en general, para evaluar posibles estrategias conjuntas. Seguidamente, la comitiva recorri\u00f3 el edificio de la <strong>Nueva Maternidad Provincial Brigadier Gral. Juan Bautista Bustos.<\/strong><\/p>\n<figure class=\"wp-container-2 wp-block-gallery-1 wp-block-gallery has-nested-images columns-default is-cropped has-lightbox\">\n<figure class=\"wp-block-image size-full\"><img loading=\"lazy\" width=\"990\" height=\"660\" data-id=\"543113\" src=\"http:\/\/nuevacordoba.net\/wp-content\/uploads\/2023\/03\/representantes-de-ops-compartieron-una-agenda-de-actividades-con-el-ministerio-de-salud.jpg\" alt class=\"wp-image-543113\"><\/figure>\n<figure class=\"wp-block-image size-large\"><img loading=\"lazy\" width=\"990\" height=\"660\" data-id=\"543116\" src=\"http:\/\/nuevacordoba.net\/wp-content\/uploads\/2023\/03\/representantes-de-ops-compartieron-una-agenda-de-actividades-con-el-ministerio-de-salud-1.jpg\" alt class=\"wp-image-543116\"><\/figure>\n<figure class=\"wp-block-image size-large\"><img loading=\"lazy\" width=\"990\" height=\"660\" data-id=\"543115\" src=\"http:\/\/nuevacordoba.net\/wp-content\/uploads\/2023\/03\/representantes-de-ops-compartieron-una-agenda-de-actividades-con-el-ministerio-de-salud-2.jpg\" alt class=\"wp-image-543115\"><\/figure>\n<\/figure>\n<p>En tanto, esta ma\u00f1ana, se realiz\u00f3 una reuni\u00f3n especial de la Sala de Situaci\u00f3n para el <strong>Monitoreo de transmisi\u00f3n materno-infantil (TMI) de&nbsp;VIH, s\u00edfilis, hepatitis B y Chagas<\/strong>. En esta sala -conformada por un equipo interdisciplinario e intersectorial- se analiza informaci\u00f3n sanitaria, se discuten estrategias y se articulan acciones concretas, en el marco de lineamientos nacionales y para la regi\u00f3n de las Am\u00e9ricas en torno a la eliminaci\u00f3n de la TMI de estas enfermedades.<\/p>\n<p>Al respecto, se inform\u00f3 que en relaci\u00f3n a las metas planteadas por OPS para el 2010 en la regi\u00f3n, <strong>la provincia alcanz\u00f3 el objetivo de reducci\u00f3n de la TMI de VIH a menos del 2%<\/strong>. En cuanto a la <strong>s\u00edfilis cong\u00e9nita, no se logr\u00f3 la reducci\u00f3n<\/strong> de la tasa de incidencia. No obstante, los especialistas remarcan que se observa un alza desde el 2018 en las coberturas relacionadas con el diagn\u00f3stico y los tratamientos de las cuatro enfermedades monitoreadas, as\u00ed como el seguimiento de salud de ni\u00f1os y ni\u00f1as expuestos.<\/p>\n<figure class=\"wp-container-4 wp-block-gallery-3 wp-block-gallery has-nested-images columns-default is-cropped has-lightbox\">\n<figure class=\"wp-block-image size-large\"><img loading=\"lazy\" width=\"900\" height=\"601\" data-id=\"543130\" src=\"http:\/\/nuevacordoba.net\/wp-content\/uploads\/2023\/03\/representantes-de-ops-compartieron-una-agenda-de-actividades-con-el-ministerio-de-salud-3.jpg\" alt class=\"wp-image-543130\"><\/figure>\n<figure class=\"wp-block-image size-large\"><img loading=\"lazy\" width=\"900\" height=\"601\" data-id=\"543131\" src=\"http:\/\/nuevacordoba.net\/wp-content\/uploads\/2023\/03\/representantes-de-ops-compartieron-una-agenda-de-actividades-con-el-ministerio-de-salud-4.jpg\" alt class=\"wp-image-543131\"><\/figure>\n<\/figure>\n<p>En este sentido, la ministra destac\u00f3: <em>\u201cTambi\u00e9n hay una b\u00fasqueda activa de los casos, con diferentes estrategias, y una notable mejora en los registros, que nos permiten dimensionar la situaci\u00f3n de forma m\u00e1s completa y exhaustiva<\/em><em>. Es importante sostener y fortalecer esta tarea de prevenci\u00f3n, detecci\u00f3n temprana, registro y seguimiento, que son cruciales para alcanzar las metas propuestas\u201d<\/em><\/p>\n<p>Del encuentro participaron miembros de OPS\/OMS Argentina, el secretario de Salud, Sergio Metrebi\u00e1n, el coordinador del Programa Provincial de VIH\/sida, ITS y Hepatitis, Diosnel Bouchet; el director del Hospital Rawson, Miguel D\u00edaz; junto a referentes de las direcciones de Epidemiolog\u00eda, de Salud del Embarazo, Perinatal y de la Ni\u00f1ez, de Adolescencias, Juventudes y Adultez, integrantes del Laboratorio Central y de los equipos de salud hospitalarios, as\u00ed como funcionarios de la cartera sanitaria del municipio capitalino.<\/p>\n<p>Como parte de la agenda de la representante de la OPS\/OMS, la comitiva visit\u00f3 tambi\u00e9nel&nbsp;<a href=\"https:\/\/prensa.cba.gov.ar\/informacion-general\/esta-en-marcha-el-circuito-de-salud-de-la-mujer-en-parque-de-las-tejas\/\">Circuito de Salud,<\/a> que &nbsp;en el marco del Mes de las Mujeres, funciona desde principios de marzo funciona en el<strong>&nbsp;Parque de las Tejas. <\/strong><\/p>\n<figure class=\"wp-container-6 wp-block-gallery-5 wp-block-gallery has-nested-images columns-default is-cropped has-lightbox\">\n<figure class=\"wp-block-image size-large\"><img loading=\"lazy\" width=\"900\" height=\"601\" data-id=\"543127\" src=\"http:\/\/nuevacordoba.net\/wp-content\/uploads\/2023\/03\/representantes-de-ops-compartieron-una-agenda-de-actividades-con-el-ministerio-de-salud-5.jpg\" alt class=\"wp-image-543127\"><\/figure>\n<figure class=\"wp-block-image size-large\"><img loading=\"lazy\" width=\"900\" height=\"601\" data-id=\"543128\" src=\"http:\/\/nuevacordoba.net\/wp-content\/uploads\/2023\/03\/representantes-de-ops-compartieron-una-agenda-de-actividades-con-el-ministerio-de-salud-6.jpg\" alt class=\"wp-image-543128\"><\/figure>\n<figure class=\"wp-block-image size-large\"><img loading=\"lazy\" width=\"900\" height=\"601\" data-id=\"543129\" src=\"http:\/\/nuevacordoba.net\/wp-content\/uploads\/2023\/03\/representantes-de-ops-compartieron-una-agenda-de-actividades-con-el-ministerio-de-salud-7.jpg\" alt class=\"wp-image-543129\"><\/figure>\n<\/figure>\n<p><strong>Cabe recordar que, este espacio dispone de<\/strong><strong> controles ginecol\u00f3gicos<\/strong><strong>, que incluyen<\/strong><strong>&nbsp;<\/strong><strong>test<\/strong><strong>&nbsp;<\/strong><strong>de detecci\u00f3n de Virus de Papiloma Humano (VPH) y&nbsp;Papanicolau&nbsp;(PAP)<\/strong><strong>; test de&nbsp;Infecciones de Trasmisi\u00f3n Sexual \u2013<\/strong><strong>ITS-<\/strong><strong>&nbsp;<\/strong><strong>y<\/strong><strong> asesor\u00edas. <\/strong><strong>Tambi\u00e9n se brindan<\/strong><strong> consejer\u00edas en&nbsp;salud sexual<\/strong><strong> <\/strong><strong>y reproductiva<\/strong><strong>; controles de&nbsp;salud bucal&nbsp;y para enfermedades cr\u00f3nicas, <\/strong><strong>entre otras actividades de promoci\u00f3n y prevenci\u00f3n.<\/strong><\/p>\n<p>El recorrido continu\u00f3 <strong>p<\/strong>or la<strong> Sala Cuna \u201cLos peques de Rufina\u201d de Barrio Bella Vista<\/strong>; una de las 490 salas pertenecientes a una red provincial, mediante el cual se promueven espacios de primera infancia destinados al cuidado de ni\u00f1as y ni\u00f1os de 45 d\u00edas a 3 a\u00f1os de sectores en situaci\u00f3n de vulnerabilidad. All\u00ed, fueron recibidos por In\u00e9s Zinny, directora general de este programa del <strong>Ministerio de Desarrollo Social.<\/strong><\/p>\n<p><strong>La agenda finaliz\u00f3 con una reuni\u00f3n con la ministra de la Mujer, Claudia Mart\u00ednez, y una visita a las instalaciones del Polo Integral de la Mujer, a trav\u00e9s del cual la Provincia brinda asistencia y protecci\u00f3n a mujeres y sus hijas e hijos en situaci\u00f3n de violencia.<\/strong><\/p>\n<figure class=\"wp-container-8 wp-block-gallery-7 wp-block-gallery has-nested-images columns-default is-cropped has-lightbox\">\n<figure class=\"wp-block-image size-large\"><img loading=\"lazy\" width=\"990\" height=\"660\" data-id=\"543125\" src=\"http:\/\/nuevacordoba.net\/wp-content\/uploads\/2023\/03\/representantes-de-ops-compartieron-una-agenda-de-actividades-con-el-ministerio-de-salud-8.jpg\" alt class=\"wp-image-543125\"><\/figure>\n<figure class=\"wp-block-image size-large\"><img loading=\"lazy\" width=\"990\" height=\"660\" data-id=\"543124\" src=\"http:\/\/nuevacordoba.net\/wp-content\/uploads\/2023\/03\/representantes-de-ops-compartieron-una-agenda-de-actividades-con-el-ministerio-de-salud-9.jpg\" alt class=\"wp-image-543124\"><\/figure>\n<figure class=\"wp-block-image size-large\"><img loading=\"lazy\" width=\"990\" height=\"660\" data-id=\"543123\" src=\"http:\/\/nuevacordoba.net\/wp-content\/uploads\/2023\/03\/representantes-de-ops-compartieron-una-agenda-de-actividades-con-el-ministerio-de-salud-10.jpg\" alt class=\"wp-image-543123\"><\/figure>\n<\/figure>\n","protected":false},"excerpt":{"rendered":"<p>Fue en el marco de la visita del organismo internacional, que inici\u00f3 ayer con la firma de un convenio con la Provincia. Junto a funcionarios locales, visitaron una Sala Cuna, el Circuito de la Mujer del Parque de las Tejas y el Polo Integral de la Mujer Tambi\u00e9n hubo reuniones t\u00e9cnicas entre los equipos de [&hellip;]<\/p>\n","protected":false},"author":1,"featured_media":30641,"comment_status":"closed","ping_status":"closed","sticky":false,"template":"","format":"standard","meta":[],"categories":[14],"tags":[],"_links":{"self":[{"href":"http:\/\/nuevacordoba.net\/index.php\/wp-json\/wp\/v2\/posts\/30640"}],"collection":[{"href":"http:\/\/nuevacordoba.net\/index.php\/wp-json\/wp\/v2\/posts"}],"about":[{"href":"http:\/\/nuevacordoba.net\/index.php\/wp-json\/wp\/v2\/types\/post"}],"author":[{"embeddable":true,"href":"http:\/\/nuevacordoba.net\/index.php\/wp-json\/wp\/v2\/users\/1"}],"replies":[{"embeddable":true,"href":"http:\/\/nuevacordoba.net\/index.php\/wp-json\/wp\/v2\/comments?post=30640"}],"version-history":[{"count":0,"href":"http:\/\/nuevacordoba.net\/index.php\/wp-json\/wp\/v2\/posts\/30640\/revisions"}],"wp:featuredmedia":[{"embeddable":true,"href":"http:\/\/nuevacordoba.net\/index.php\/wp-json\/wp\/v2\/media\/30641"}],"wp:attachment":[{"href":"http:\/\/nuevacordoba.net\/index.php\/wp-json\/wp\/v2\/media?parent=30640"}],"wp:term":[{"taxonomy":"category","embeddable":true,"href":"http:\/\/nuevacordoba.net\/index.php\/wp-json\/wp\/v2\/categories?post=30640"},{"taxonomy":"post_tag","embeddable":true,"href":"http:\/\/nuevacordoba.net\/index.php\/wp-json\/wp\/v2\/tags?post=30640"}],"curies":[{"name":"wp","href":"https:\/\/api.w.org\/{rel}","templated":true}]}}