{"id":30664,"date":"2023-03-29T19:44:53","date_gmt":"2023-03-29T19:44:53","guid":{"rendered":"http:\/\/nuevacordoba.net\/index.php\/2023\/03\/29\/jey-mammon-nego-el-abuso-pero-admitio-que-tuvo-una-relacion-con-lucas-benvenuto\/"},"modified":"2023-03-29T19:44:53","modified_gmt":"2023-03-29T19:44:53","slug":"jey-mammon-nego-el-abuso-pero-admitio-que-tuvo-una-relacion-con-lucas-benvenuto","status":"publish","type":"post","link":"http:\/\/nuevacordoba.net\/index.php\/2023\/03\/29\/jey-mammon-nego-el-abuso-pero-admitio-que-tuvo-una-relacion-con-lucas-benvenuto\/","title":{"rendered":"Jey Mammon neg\u00f3 el abuso pero admiti\u00f3 que tuvo una relaci\u00f3n con Lucas Benvenuto"},"content":{"rendered":"<figure class=\"mb-3\"><img loading=\"lazy\" data-src=\"http:\/\/nuevacordoba.net\/wp-content\/uploads\/2023\/03\/jey-mammon-nego-el-abuso-pero-admitio-que-tuvo-una-relacion-con-lucas-benvenuto.jpg\" src=\"https:\/\/www.telam.com.ar\/assets\/img\/not_image.png\" class=\" lazy \" width=\"100%\" height=\"100%\" alt=\"Jey Mammon neg haber abusado del denunciante peor reconoci que tuvieron una relacin Foto IG \"><figcaption> Jey Mammon neg\u00f3 haber abusado del denunciante peor reconoci\u00f3 que tuvieron una relaci\u00f3n. \/Foto: IG. <\/figcaption><\/figure>\n<p>&nbsp;<br \/>El presentador y cantante Jey Mammon rompi\u00f3 este mi\u00e9rcoles el silencio y asegur\u00f3, con la voz quebrada, haber tenido una relaci\u00f3n consentida con su denunciante Lucas Benvenuto durante varios a\u00f1os pero neg\u00f3 terminantemente haber abusado de \u00e9l.<\/p>\n<p>\u00abYo no viol\u00e9, yo no abus\u00e9, yo no drogu\u00e9 a ninguna persona jam\u00e1s, nunca en mi vida, ni lo hice, ni lo har\u00eda, ni lo voy a hacer. Lo niego rotundamente\u00bb, dijo Mammon en una grabaci\u00f3n propia que public\u00f3 en su cuenta de Instagram y en la que hizo su descargo sobre las acusaciones sobre \u00e9l que hizo p\u00fablicas Benvenuto el mi\u00e9rcoles pasado.<\/p>\n<p><strong>\u00abEstamos hablando de un nene de 14 a\u00f1os, esto es lo importante. Yo a Lucas lo conozco, yo no voy a decir &#8216;no s\u00e9 qui\u00e9n es&#8217;. A Lucas lo conoc\u00ed el 25 de abril de 2009, \u00e9l dice que me vio en una fiesta y \u00e9l dice que ten\u00eda 14 a\u00f1os pero en esa fiesta \u00e9l ten\u00eda 16 a\u00f1os. En esa fiesta nos conocimos. Hay testigos, hay videos. Se puede probar esto que estoy diciendo\u00bb<\/strong>, agreg\u00f3.<\/p>\n<p>A lo largo de una declaraci\u00f3n espont\u00e1nea, Mammon rompi\u00f3 el silencio que mantuvo durante varios d\u00edas luego de que Benvenuto lo acusara de haber abusado de \u00e9l, a la vez que se neg\u00f3 a hacer un \u00abarreglo o trato\u00bb con el joven y pidi\u00f3 que se realice un \u00abJuicio por la Verdad\u00bb sobre la situaci\u00f3n denunciada.<\/p>\n<p>El m\u00fasico confirm\u00f3 que mantuvo una relaci\u00f3n con Lucas entre los 16 y los 25 a\u00f1os de Benvenuto, \u00abcon idas y vueltas\u00bb, pero asegur\u00f3 que fue \u00abuna relaci\u00f3n llena de amor y contenci\u00f3n, donde todo fue consentido\u00bb, que nunca ocult\u00f3, y que en esa \u00e9poca iban \u00abde la mano\u00bb y \u00abse besaban en la calle\u00bb.<\/p>\n<blockquote class=\"instagram-media\" data-instgrm-captioned data-instgrm-permalink=\"https:\/\/www.instagram.com\/reel\/CqYbAUDPbpf\/?utm_source=ig_embed&amp;utm_campaign=loading\" data-instgrm-version=\"14\" readability=\"-0.22105263157895\"><\/blockquote>\n<p>\u00abEsta semana se distribuy\u00f3 un <strong>tuit del 22 de diciembre de 2011 <\/strong>donde yo dec\u00eda &#8216;so\u00f1\u00e9 que garchaba con mi ex, Lucas&#8217;, dieron por sentado de que Lucas era Lucas Benvenuto, yo podr\u00eda decirles que no, que era otro Lucas pero quiero decirles que es \u00e9l. Yo tuve un v\u00ednculo con Lucas, yo tuve una relaci\u00f3n con Lucas. No voy a poner bajo la alfombra ni mi tuit ni mi v\u00ednculo con \u00e9l. En esa fecha, 22 de diciembre de 2011, Lucas ten\u00eda 19 a\u00f1os\u00bb, asegur\u00f3.<\/p>\n<p>\u00abNo pongo abajo de la alfombra ese tuit ni el v\u00ednculo que tuve con \u00e9l como tampoco puse debajo de la alfombra en su momento esa relaci\u00f3n, \u00edbamos de la mano por la calle, nos bes\u00e1bamos en la calle, ese v\u00ednculo dur\u00f3 aproximadamente, entre idas y venidas, hasta sus 25 a\u00f1os\u00bb, afirm\u00f3 Mammon.<\/p>\n<p>\u00abEse v\u00ednculo -agreg\u00f3- desde el d\u00eda cero en que empezamos a salir fue un v\u00ednculo lleno de amor, de contenci\u00f3n, de consentimiento, nada m\u00e1s alejado de violaci\u00f3n, abuso, de drogarlo, nada de eso. Lo vuelvo a negar. Necesito negarlo porque me hace mierda escucharlo cada vez que lo escucho, sumado al tema de la edad, que tampoco es cierto\u00bb.<\/p>\n<p>\u00abYo entiendo que Lucas necesita sanar su historia pero no es acus\u00e1ndome a m\u00ed de cosas que no son ciertas, de cosas que yo no hice. Yo no quiero arreglo ni pacto entre las partes, quiero dejarlo claro. No quiero un arreglo ni un pacto, el da\u00f1o que a m\u00ed se me est\u00e1 haciendo es tan enorme que yo necesito el Juicio por la Verdad y los elementos est\u00e1n para que se pueda llevar a cabo. Yo necesito recuperar mi vida, as\u00ed de simple como se los digo\u00bb, dijo en la declaraci\u00f3n de casi siete minutos.<\/p>\n<h2 class>Declaraciones de Benvenuto<\/h2>\n<p>El mi\u00e9rcoles pasado, Benvenuto hizo p\u00fablico en sus redes sociales que sufri\u00f3 un abuso por parte de \u00abun reconocido conductor de Telefe\u00bb, al que luego identific\u00f3 como Jey Mammon, que estaba al frente de \u00abLa Pe\u00f1a de Morfi\u00bb, el programa de los domingos de ese canal.<\/p>\n<p>Adem\u00e1s, <strong>cont\u00f3 que su relaci\u00f3n comenz\u00f3 cuando \u00e9l ten\u00eda 14 a\u00f1os y el acusado 32, en 2006, y que durante la pandemia se dio cuenta de que hab\u00eda sido v\u00edctima de abuso y efectu\u00f3 la denuncia ante la Justicia.<\/strong><\/p>\n<p>\u00abLa causa de \u00e9l est\u00e1 lamentablemente sellada de muerte. Nosotros no participamos en esa causa\u00bb, detall\u00f3 el abogado de Benvenuto sobre el expediente que se inici\u00f3 en 2020 y el juez de instrucci\u00f3n Walter Candela y el fiscal Patricio Lugones consideraron que deb\u00eda cerrarse por prescripci\u00f3n de los hechos.<\/p>\n<p>Al respecto, Benvenuto cont\u00f3 en una serie de videos dirigidos al programa \u00abA la tarde\u00bb de Am\u00e9rica, que tambi\u00e9n se difundieron a la prensa:<strong> \u00abCuando yo hago esta \u00faltima denuncia en medio de la pandemia en 2020 yo sab\u00eda adentro m\u00edo que no iba a lograr obtener nada de la justicia\u00bb.<\/strong><\/p>\n<p>\u00abPero durante la pandemia yo decid\u00ed sanar. Con el equipo de terapeutas con los que estaba trabajando para sanar decidimos que si bien yo sab\u00eda que no iba a obtener nada a cambio de la justicia porque ya sab\u00eda que hab\u00eda prescripto, necesitaba hablar, necesitaba denunciar\u00bb, agreg\u00f3.<\/p>\n<p>Luego de que se convirtiera en p\u00fablica la denuncia de Benvenuto, el canal <a href=\"https:\/\/www.telam.com.ar\/notas\/202303\/623424-telefe-jey-mammon-la-pena-de-morfi.html\" target=\"_blank\" rel=\"noopener\">Telef\u00e9 anunci\u00f3 el jueves pasado que suspend\u00eda \u00abmoment\u00e1neamente\u00bb a Jey Mammon como conductor del programa \u00abLa pe\u00f1a de Morfi\u00bb<\/a>.<\/p>\n<p>\u00abA partir de la informaci\u00f3n de p\u00fablico conocimiento, Telef\u00e9 acord\u00f3 con el conductor suspender moment\u00e1neamente su continuidad como conductor de &#8216;La Pe\u00f1a de Morfi&#8217; concedi\u00e9ndole el tiempo que considere necesario para ordenar situaciones de \u00edndole personal\u00bb, indic\u00f3 un comunicado de prensa del canal.<\/p>\n","protected":false},"excerpt":{"rendered":"<p>Jey Mammon neg\u00f3 haber abusado del denunciante peor reconoci\u00f3 que tuvieron una relaci\u00f3n. \/Foto: IG. &nbsp;El presentador y cantante Jey Mammon rompi\u00f3 este mi\u00e9rcoles el silencio y asegur\u00f3, con la voz quebrada, haber tenido una relaci\u00f3n consentida con su denunciante Lucas Benvenuto durante varios a\u00f1os pero neg\u00f3 terminantemente haber abusado de \u00e9l. \u00abYo no viol\u00e9, [&hellip;]<\/p>\n","protected":false},"author":1,"featured_media":30665,"comment_status":"closed","ping_status":"closed","sticky":false,"template":"","format":"standard","meta":[],"categories":[9],"tags":[],"_links":{"self":[{"href":"http:\/\/nuevacordoba.net\/index.php\/wp-json\/wp\/v2\/posts\/30664"}],"collection":[{"href":"http:\/\/nuevacordoba.net\/index.php\/wp-json\/wp\/v2\/posts"}],"about":[{"href":"http:\/\/nuevacordoba.net\/index.php\/wp-json\/wp\/v2\/types\/post"}],"author":[{"embeddable":true,"href":"http:\/\/nuevacordoba.net\/index.php\/wp-json\/wp\/v2\/users\/1"}],"replies":[{"embeddable":true,"href":"http:\/\/nuevacordoba.net\/index.php\/wp-json\/wp\/v2\/comments?post=30664"}],"version-history":[{"count":0,"href":"http:\/\/nuevacordoba.net\/index.php\/wp-json\/wp\/v2\/posts\/30664\/revisions"}],"wp:featuredmedia":[{"embeddable":true,"href":"http:\/\/nuevacordoba.net\/index.php\/wp-json\/wp\/v2\/media\/30665"}],"wp:attachment":[{"href":"http:\/\/nuevacordoba.net\/index.php\/wp-json\/wp\/v2\/media?parent=30664"}],"wp:term":[{"taxonomy":"category","embeddable":true,"href":"http:\/\/nuevacordoba.net\/index.php\/wp-json\/wp\/v2\/categories?post=30664"},{"taxonomy":"post_tag","embeddable":true,"href":"http:\/\/nuevacordoba.net\/index.php\/wp-json\/wp\/v2\/tags?post=30664"}],"curies":[{"name":"wp","href":"https:\/\/api.w.org\/{rel}","templated":true}]}}