{"id":30681,"date":"2023-03-29T15:34:01","date_gmt":"2023-03-29T15:34:01","guid":{"rendered":"http:\/\/cordobanewsnet.wordpress.com\/2023\/03\/29\/musica-en-vivo-feria-y-gastronomia-en-mercado-norte\/"},"modified":"2023-03-29T15:34:01","modified_gmt":"2023-03-29T15:34:01","slug":"musica-en-vivo-feria-y-gastronomia-en-mercado-norte","status":"publish","type":"post","link":"http:\/\/nuevacordoba.net\/index.php\/2023\/03\/29\/musica-en-vivo-feria-y-gastronomia-en-mercado-norte\/","title":{"rendered":"M\u00fasica en vivo, feria y gastronom\u00eda en Mercado Norte"},"content":{"rendered":"<p><!-- \/featured-media --> <\/p>\n<div class=\"post-content clear\" readability=\"41.506944444444\">\n<p>El viernes 31 de marzo habr\u00e1 diversas propuestas gratuitas, ferias de econom\u00eda social, intervenciones art\u00edsticas, m\u00fasica, y gastronom\u00eda en el Mercado Norte.<\/p>\n<p>En el marco de la segunda edici\u00f3n de \u201cSanto Abril\u201d, podr\u00e1s disfrutar de una jornada cultural en la Supermanzana cordobesa.<\/p>\n<figure class=\"wp-block-image size-large\"><img data-attachment-id=\"7876\" data-permalink=\"https:\/\/cordobanewsnet.wordpress.com\/2023\/03\/29\/musica-en-vivo-feria-y-gastronomia-en-mercado-norte\/ferias-en-mercado-norte-1\/\" data-orig-file=\"http:\/\/nuevacordoba.net\/wp-content\/uploads\/2023\/03\/musica-en-vivo-feria-y-gastronomia-en-mercado-norte-2.jpg\" data-orig-size=\"768,576\" data-comments-opened=\"1\" data-image-meta=\"{&quot;aperture&quot;:&quot;0&quot;,&quot;credit&quot;:&quot;Emilia Urouro&quot;,&quot;camera&quot;:&quot;&quot;,&quot;caption&quot;:&quot;&quot;,&quot;created_timestamp&quot;:&quot;0&quot;,&quot;copyright&quot;:&quot;&quot;,&quot;focal_length&quot;:&quot;0&quot;,&quot;iso&quot;:&quot;0&quot;,&quot;shutter_speed&quot;:&quot;0&quot;,&quot;title&quot;:&quot;Ferias en Mercado Norte - 1&quot;,&quot;orientation&quot;:&quot;1&quot;}\" data-image-title=\"Ferias en Mercado Norte \u2013 1\" data-image-description data-image-caption data-medium-file=\"http:\/\/nuevacordoba.net\/wp-content\/uploads\/2023\/03\/musica-en-vivo-feria-y-gastronomia-en-mercado-norte-2.jpg?w=300\" data-large-file=\"http:\/\/nuevacordoba.net\/wp-content\/uploads\/2023\/03\/musica-en-vivo-feria-y-gastronomia-en-mercado-norte-2.jpg?w=736\" src=\"http:\/\/nuevacordoba.net\/wp-content\/uploads\/2023\/03\/musica-en-vivo-feria-y-gastronomia-en-mercado-norte.jpg\" class=\"wp-image-7876\" srcset=\"http:\/\/nuevacordoba.net\/wp-content\/uploads\/2023\/03\/musica-en-vivo-feria-y-gastronomia-en-mercado-norte-2.jpg 768w, http:\/\/nuevacordoba.net\/wp-content\/uploads\/2023\/03\/musica-en-vivo-feria-y-gastronomia-en-mercado-norte-2.jpg?w=150 150w, http:\/\/nuevacordoba.net\/wp-content\/uploads\/2023\/03\/musica-en-vivo-feria-y-gastronomia-en-mercado-norte-2.jpg?w=300 300w\" sizes=\"(max-width: 768px) 100vw, 768px\"><\/figure>\n<p>Ser\u00e1 durante todo el d\u00eda.<\/p>\n<div class=\"wordads-ad-wrapper\">\n<div class=\"wordads-ad\">\n<p>Anuncio publicitario<\/p>\n<p><span onclick=\"javascript:__tcfapi( 'showUi' );\">Ajustes de privacidad<\/span><\/p>\n<\/div>\n<\/div>\n<div id=\"jp-post-flair\" class=\"sharedaddy sd-like-enabled sd-sharing-enabled\">\n<div class=\"sharedaddy sd-sharing-enabled\">\n<div class=\"robots-nocontent sd-block sd-social sd-social-icon-text sd-sharing\">\n<h3 class=\"sd-title\">Share this:<\/h3>\n<\/div>\n<\/div>\n<div class=\"sharedaddy sd-block sd-like jetpack-likes-widget-wrapper jetpack-likes-widget-unloaded\" id=\"like-post-wrapper-143108178-7877-6425324b92a38\" data-src=\"\/\/widgets.wp.com\/likes\/index.html?ver=20230309#blog_id=143108178&amp;post_id=7877&amp;origin=cordobanewsnet.wordpress.com&amp;obj_id=143108178-7877-6425324b92a38\" data-name=\"like-post-frame-143108178-7877-6425324b92a38\" data-title=\"Me gusta o Compartir\">\n<h3 class=\"sd-title\">Me gusta esto:<\/h3>\n<p><span class=\"button\"><span>Me gusta<\/span><\/span> <span class=\"loading\">Cargando&#8230;<\/span><\/p>\n<p><span class=\"sd-text-color\"><\/span><\/div>\n<p><h3 class=\"jp-relatedposts-headline\"><em>Relacionado<\/em><\/h3>\n<\/p>\n<\/div><\/div>\n<p><!--\/.post-content--> <\/p>\n<footer class=\"post-meta-container clear\" readability=\"0.72432432432432\">\n<div class=\"entry-author author-avatar-show\" readability=\"14.031746031746\">\n<div class=\"author-avatar\"> <img loading=\"lazy\" alt src=\"http:\/\/nuevacordoba.net\/wp-content\/uploads\/2023\/03\/musica-en-vivo-feria-y-gastronomia-en-mercado-norte-1.jpg\" class=\"avatar avatar-90\" height=\"90\" width=\"90\"> <\/div>\n<p><!-- .author-avatar --> <\/p>\n<p><h2 class=\"author-title\">Publicado por <span class=\"author-name\">angelaponso<\/span><\/h2>\n<\/p>\n<p><!-- .author-heading --> <\/p>\n<p class=\"author-bio\"> <a class=\"author-link\" href=\"https:\/\/cordobanewsnet.wordpress.com\/author\/angelaponso\/\" rel=\"author\"> Ver todas las entradas de angelaponso <\/a> <\/p>\n<p><!-- .author-bio --> <\/div>\n<p><!-- .entry-auhtor --> <\/footer>\n<p> <!-- \/post-meta-container --> <!-- #respond --> <\/p>\n","protected":false},"excerpt":{"rendered":"<p>El viernes 31 de marzo habr\u00e1 diversas propuestas gratuitas, ferias de econom\u00eda social, intervenciones art\u00edsticas, m\u00fasica, y gastronom\u00eda en el Mercado Norte. En el marco de la segunda edici\u00f3n de \u201cSanto Abril\u201d, podr\u00e1s disfrutar de una jornada cultural en la Supermanzana cordobesa. Ser\u00e1 durante todo el d\u00eda. Anuncio publicitario Ajustes de privacidad Share this: Me [&hellip;]<\/p>\n","protected":false},"author":1,"featured_media":30682,"comment_status":"closed","ping_status":"closed","sticky":false,"template":"","format":"standard","meta":[],"categories":[14],"tags":[],"_links":{"self":[{"href":"http:\/\/nuevacordoba.net\/index.php\/wp-json\/wp\/v2\/posts\/30681"}],"collection":[{"href":"http:\/\/nuevacordoba.net\/index.php\/wp-json\/wp\/v2\/posts"}],"about":[{"href":"http:\/\/nuevacordoba.net\/index.php\/wp-json\/wp\/v2\/types\/post"}],"author":[{"embeddable":true,"href":"http:\/\/nuevacordoba.net\/index.php\/wp-json\/wp\/v2\/users\/1"}],"replies":[{"embeddable":true,"href":"http:\/\/nuevacordoba.net\/index.php\/wp-json\/wp\/v2\/comments?post=30681"}],"version-history":[{"count":0,"href":"http:\/\/nuevacordoba.net\/index.php\/wp-json\/wp\/v2\/posts\/30681\/revisions"}],"wp:featuredmedia":[{"embeddable":true,"href":"http:\/\/nuevacordoba.net\/index.php\/wp-json\/wp\/v2\/media\/30682"}],"wp:attachment":[{"href":"http:\/\/nuevacordoba.net\/index.php\/wp-json\/wp\/v2\/media?parent=30681"}],"wp:term":[{"taxonomy":"category","embeddable":true,"href":"http:\/\/nuevacordoba.net\/index.php\/wp-json\/wp\/v2\/categories?post=30681"},{"taxonomy":"post_tag","embeddable":true,"href":"http:\/\/nuevacordoba.net\/index.php\/wp-json\/wp\/v2\/tags?post=30681"}],"curies":[{"name":"wp","href":"https:\/\/api.w.org\/{rel}","templated":true}]}}