{"id":30693,"date":"2023-03-30T11:05:31","date_gmt":"2023-03-30T11:05:31","guid":{"rendered":"https:\/\/www.espinof.com\/actores-y-actrices\/muere-a-48-anos-laura-gomez-lacueva-actriz-conocida-que-se-avecina-pueblo"},"modified":"2023-03-30T11:05:31","modified_gmt":"2023-03-30T11:05:31","slug":"muere-a-los-48-anos-laura-gomez-lacueva-actriz-conocida-por-la-que-se-avecina-y-el-pueblo","status":"publish","type":"post","link":"http:\/\/nuevacordoba.net\/index.php\/2023\/03\/30\/muere-a-los-48-anos-laura-gomez-lacueva-actriz-conocida-por-la-que-se-avecina-y-el-pueblo\/","title":{"rendered":"Muere a los 48 a\u00f1os Laura G\u00f3mez-Lacueva, actriz conocida por &#8216;La que se avecina&#8217; y &#8216;El pueblo&#8217;"},"content":{"rendered":"<p>La actriz aragonesa<strong> Laura G\u00f3mez-Lacueva ha fallecido este jueves a los 48 a\u00f1os<\/strong> de edad seg\u00fan han informado varios medios aragoneses, prominentemente Arag\u00f3n TV, cadena en la que ha trabajado durante a\u00f1os. La causa de la muerte parece ser el c\u00e1ncer con el que llevaba luchando durante a\u00f1os.<\/p>\n<p><!-- BREAK 1 --><\/p>\n<p>Nacida en Zaragoza, a Laura G\u00f3mez-Lacueva la hemos estado viendo en los \u00faltimos a\u00f1os <strong>en algunas de las series m\u00e1s populares de la televisi\u00f3<\/strong>n espa\u00f1ola como por ejemplo &#8216;<a href=\"https:\/\/www.espinof.com\/criticas\/pueblo-nueva-comedia-creador-que-se-avecina-llega-a-telecinco-acertado-tono-optimista-humor-blanco\">El pueblo<\/a>&#8216;, donde interpretaba a Mariajo, o &#8216;<a href=\"https:\/\/www.espinof.com\/fecha-de-estreno\/que-se-avecina-temporada-14-2023-trailer-fecha-estreno-reparto-todos-detalles-serie-telecinco-amazon-prime-video\">La que se avecina<\/a>&#8216;, en el que se pon\u00eda en la piel de la presidente de la comunidad Greta Garmendia.<\/p>\n<p><!-- BREAK 2 --> <\/p>\n<div class=\"article-asset article-asset-normal article-asset-center\">\n<div class=\"desvio-container\">\n<div class=\"desvio\">\n<div class=\"desvio-figure js-desvio-figure\"> <a href=\"https:\/\/www.espinof.com\/listas\/intocables-que-se-avecina-estos-5-personajes-a-que-serie-telecinco-amazon-prime-video-nunca-ha-podido-renunciar\"> <img alt=\"Los intocables de 'La que se avecina': estos son los 5 personajes a los que la serie de Telecinco en Amazon Prime Video nunca ha podido renunciar\" src=\"http:\/\/nuevacordoba.net\/wp-content\/uploads\/2023\/03\/muere-a-los-48-anos-laura-gomez-lacueva-actriz-conocida-por-la-que-se-avecina-y-el-pueblo.jpg\"> <\/a> <\/div><\/div><\/div>\n<\/div>\n<h2>C\u00f3mica de teatro y televisi\u00f3n<\/h2>\n<p>Con formaci\u00f3n teatral, <strong>la actriz empez\u00f3 sus pinitos en el teatro creando su primera compa\u00f1\u00eda<\/strong> en los a\u00f1os 90 antes de saltar al cine y la televisi\u00f3n y participar en varias pel\u00edculas. En los \u00faltimos tiempos la hemos visto en &#8216;<a href=\"https:\/\/www.espinof.com\/criticas\/historias-lamentables-tronchante-comedia-javier-fesser-amazon-donde-cada-relato-mejor-que-anterior\">Historias lamentables<\/a>&#8216; de Javier Fesser o &#8216;<a href=\"https:\/\/www.espinof.com\/criticas\/reino-torbellino-caos-crispacion-buen-cine-que-extrae-oro-cloacas-nuestra-clase-politica\">El reino<\/a>&#8216; de Rodrigo Sorogoyen, entre muchas otras pel\u00edculas.<\/p>\n<p><!-- BREAK 3 --><\/p>\n<p>En el campo televisivo<strong> llevaba casi veinte a\u00f1os siendo toda una personalidad en Arag\u00f3n TV<\/strong>, la cadena auton\u00f3mica, sobre todo con su participaci\u00f3n en el programa c\u00f3mico Oreg\u00f3n TV donde destacaba cada s\u00e1bado como imitadora de artistas entre otros muchos sketches.<\/p>\n<p><!-- BREAK 4 --><\/p>\n<p>Descanse en Paz<\/p>\n<p>En Espinof | <a href=\"https:\/\/www.espinof.com\/criticas\/ultimo-show-llega-a-hbo-melancolica-deconstruccion-marianico-corto-miguel-sorpresas-2020\">El \u00faltimo show: una melanc\u00f3lica deconstrucci\u00f3n de Marianico el Corto<\/a><\/p>\n<p><!-- BREAK 5 --> <\/p>\n","protected":false},"excerpt":{"rendered":"<p>La actriz aragonesa Laura G\u00f3mez-Lacueva ha fallecido este jueves a los 48 a\u00f1os de edad seg\u00fan han informado varios medios aragoneses, prominentemente Arag\u00f3n TV, cadena en la que ha trabajado durante a\u00f1os. La causa de la muerte parece ser el c\u00e1ncer con el que llevaba luchando durante a\u00f1os. Nacida en Zaragoza, a Laura G\u00f3mez-Lacueva la [&hellip;]<\/p>\n","protected":false},"author":1,"featured_media":30694,"comment_status":"closed","ping_status":"closed","sticky":false,"template":"","format":"standard","meta":[],"categories":[6],"tags":[],"_links":{"self":[{"href":"http:\/\/nuevacordoba.net\/index.php\/wp-json\/wp\/v2\/posts\/30693"}],"collection":[{"href":"http:\/\/nuevacordoba.net\/index.php\/wp-json\/wp\/v2\/posts"}],"about":[{"href":"http:\/\/nuevacordoba.net\/index.php\/wp-json\/wp\/v2\/types\/post"}],"author":[{"embeddable":true,"href":"http:\/\/nuevacordoba.net\/index.php\/wp-json\/wp\/v2\/users\/1"}],"replies":[{"embeddable":true,"href":"http:\/\/nuevacordoba.net\/index.php\/wp-json\/wp\/v2\/comments?post=30693"}],"version-history":[{"count":0,"href":"http:\/\/nuevacordoba.net\/index.php\/wp-json\/wp\/v2\/posts\/30693\/revisions"}],"wp:featuredmedia":[{"embeddable":true,"href":"http:\/\/nuevacordoba.net\/index.php\/wp-json\/wp\/v2\/media\/30694"}],"wp:attachment":[{"href":"http:\/\/nuevacordoba.net\/index.php\/wp-json\/wp\/v2\/media?parent=30693"}],"wp:term":[{"taxonomy":"category","embeddable":true,"href":"http:\/\/nuevacordoba.net\/index.php\/wp-json\/wp\/v2\/categories?post=30693"},{"taxonomy":"post_tag","embeddable":true,"href":"http:\/\/nuevacordoba.net\/index.php\/wp-json\/wp\/v2\/tags?post=30693"}],"curies":[{"name":"wp","href":"https:\/\/api.w.org\/{rel}","templated":true}]}}