{"id":30719,"date":"2023-03-31T10:36:13","date_gmt":"2023-03-31T10:36:13","guid":{"rendered":"http:\/\/nuevacordoba.net\/index.php\/2023\/03\/31\/defensa-y-velez-igualaron-sin-goles-en-el-inicio-de-la-novena-fecha\/"},"modified":"2023-03-31T10:36:13","modified_gmt":"2023-03-31T10:36:13","slug":"defensa-y-velez-igualaron-sin-goles-en-el-inicio-de-la-novena-fecha","status":"publish","type":"post","link":"http:\/\/nuevacordoba.net\/index.php\/2023\/03\/31\/defensa-y-velez-igualaron-sin-goles-en-el-inicio-de-la-novena-fecha\/","title":{"rendered":"Defensa y V\u00e9lez igualaron sin goles en el inicio de la novena fecha"},"content":{"rendered":"<figure class=\"mb-3\"><img loading=\"lazy\" data-src=\"http:\/\/nuevacordoba.net\/wp-content\/uploads\/2023\/03\/defensa-y-velez-igualaron-sin-goles-en-el-inicio-de-la-novena-fecha.jpg\" src=\"https:\/\/www.telam.com.ar\/assets\/img\/not_image.png\" class=\" lazy \" width=\"100%\" height=\"100%\" alt=\"Foto Cris Sille\"><figcaption> Foto: Cris Sille. <\/figcaption><\/figure>\n<p>Defensa y Justicia y V\u00e9lez igualaron este jueves por la noche 0 a 0 en Florencio Varela, en el partido que abri\u00f3 la novena fecha de la Liga Profesional de F\u00fatbol.<\/p>\n<p><strong>El encuentro enfrent\u00f3 a dos equipos con ideas similares, aunque en momentos diferentes, ya que Defensa y Justicia lleva ocho meses con la direcci\u00f3n t\u00e9cnica de Julio Vaccari, justamente ex V\u00e9lez, mientras que en Liniers reci\u00e9n se inicia una nueva gesti\u00f3n de Ricardo Gareca.<\/strong><\/p>\n<figure class=\"mb-3\"><img loading=\"lazy\" data-src=\"http:\/\/nuevacordoba.net\/wp-content\/uploads\/2023\/03\/defensa-y-velez-igualaron-sin-goles-en-el-inicio-de-la-novena-fecha-1.jpg\" src=\"https:\/\/www.telam.com.ar\/assets\/img\/not_image.png\" class=\" lazy \" width=\"100%\" height=\"100%\" alt=\"Foto Cris Sille\"><figcaption> Foto: Cris Sille. <\/figcaption><\/figure>\n<p>Pero ambos conjuntos tienen propuestas ofensivas, buscan el arco rival, aunque la presi\u00f3n alta de los locales marca la diferencia al igual que el ritmo veloz que acompa\u00f1a cada movida de los de Vaccari.<\/p>\n<p>En el primer tiempo la t\u00e1ctica se comi\u00f3 al juego y las llegadas a ambos arcos, porque lo que termin\u00f3 sin que se abriera el marcador.<\/p>\n<p>En el segundo tiempo Gareca orden\u00f3 a los suyos, que salieron con una actitud m\u00e1s agresiva y con mejores pases desde un mediocampo que se hab\u00eda mostrado impreciso.<\/p>\n<figure class=\"mb-3\"><img loading=\"lazy\" data-src=\"http:\/\/nuevacordoba.net\/wp-content\/uploads\/2023\/03\/defensa-y-velez-igualaron-sin-goles-en-el-inicio-de-la-novena-fecha-2.jpg\" src=\"https:\/\/www.telam.com.ar\/assets\/img\/not_image.png\" class=\" lazy \" width=\"100%\" height=\"100%\" alt=\"Foto Cris Sille\"><figcaption> Foto: Cris Sille. <\/figcaption><\/figure>\n<p>Con el paso de los minutos hubo llegadas frente a los arcos, Ezequiel Unsain y Leonardo Buri\u00e1n debieron trabajar, pero a ambos conjuntos les falt\u00f3 la estocada final. Los delanteros de Defensa y V\u00e9lez participaron m\u00e1s en la presi\u00f3n y en la recuperaci\u00f3n que en la creaci\u00f3n de jugadas.<\/p>\n<p><strong>Ni siquiera la expulsi\u00f3n del paraguayo Jos\u00e9 Florent\u00edn, de V\u00e9lez, abri\u00f3 las puertas para que alguno de los dos pudiera vencer el arco rival, por lo que todo se diluy\u00f3 en un 0 a 0.<\/strong><\/p>\n","protected":false},"excerpt":{"rendered":"<p>Foto: Cris Sille. Defensa y Justicia y V\u00e9lez igualaron este jueves por la noche 0 a 0 en Florencio Varela, en el partido que abri\u00f3 la novena fecha de la Liga Profesional de F\u00fatbol. El encuentro enfrent\u00f3 a dos equipos con ideas similares, aunque en momentos diferentes, ya que Defensa y Justicia lleva ocho meses [&hellip;]<\/p>\n","protected":false},"author":1,"featured_media":30720,"comment_status":"closed","ping_status":"closed","sticky":false,"template":"","format":"standard","meta":[],"categories":[10],"tags":[],"_links":{"self":[{"href":"http:\/\/nuevacordoba.net\/index.php\/wp-json\/wp\/v2\/posts\/30719"}],"collection":[{"href":"http:\/\/nuevacordoba.net\/index.php\/wp-json\/wp\/v2\/posts"}],"about":[{"href":"http:\/\/nuevacordoba.net\/index.php\/wp-json\/wp\/v2\/types\/post"}],"author":[{"embeddable":true,"href":"http:\/\/nuevacordoba.net\/index.php\/wp-json\/wp\/v2\/users\/1"}],"replies":[{"embeddable":true,"href":"http:\/\/nuevacordoba.net\/index.php\/wp-json\/wp\/v2\/comments?post=30719"}],"version-history":[{"count":0,"href":"http:\/\/nuevacordoba.net\/index.php\/wp-json\/wp\/v2\/posts\/30719\/revisions"}],"wp:featuredmedia":[{"embeddable":true,"href":"http:\/\/nuevacordoba.net\/index.php\/wp-json\/wp\/v2\/media\/30720"}],"wp:attachment":[{"href":"http:\/\/nuevacordoba.net\/index.php\/wp-json\/wp\/v2\/media?parent=30719"}],"wp:term":[{"taxonomy":"category","embeddable":true,"href":"http:\/\/nuevacordoba.net\/index.php\/wp-json\/wp\/v2\/categories?post=30719"},{"taxonomy":"post_tag","embeddable":true,"href":"http:\/\/nuevacordoba.net\/index.php\/wp-json\/wp\/v2\/tags?post=30719"}],"curies":[{"name":"wp","href":"https:\/\/api.w.org\/{rel}","templated":true}]}}