{"id":30777,"date":"2023-04-01T13:31:58","date_gmt":"2023-04-01T13:31:58","guid":{"rendered":"http:\/\/cordobanewsnet.wordpress.com\/2023\/04\/01\/arranca-hoy-un-ciclo-de-sunsets-en-plaza-espana-con-djs-y-danza-urbana-al-aire-libre\/"},"modified":"2023-04-01T13:31:58","modified_gmt":"2023-04-01T13:31:58","slug":"arranca-hoy-un-ciclo-de-sunsets-en-plaza-espana-con-djs-y-danza-urbana-al-aire-libre","status":"publish","type":"post","link":"http:\/\/nuevacordoba.net\/index.php\/2023\/04\/01\/arranca-hoy-un-ciclo-de-sunsets-en-plaza-espana-con-djs-y-danza-urbana-al-aire-libre\/","title":{"rendered":"Arranca hoy un ciclo de \u201cSunsets\u201d en Plaza Espa\u00f1a, con DJs y danza urbana al aire libre"},"content":{"rendered":"<p><!-- \/featured-media --> <\/p>\n<div class=\"post-content clear\" readability=\"42.02124430956\">\n<p>Comienzan las propuestas culturales en la renovada Plaza Espa\u00f1a como parte de las propuestas de la actual gesti\u00f3n municipal, en el marco de la puesta en valor del espacio p\u00fablico.<\/p>\n<p>La moderna infraestructura externa permite la realizaci\u00f3n de eventos al aire libre y en esta oportunidad, desde la Secretar\u00eda de Cultura de la Municipalidad de C\u00f3rdoba invitaron al \u201cSunset Plaza Espa\u00f1a\u201d.<\/p>\n<figure class=\"wp-block-image size-large\"><img data-attachment-id=\"7881\" data-permalink=\"https:\/\/cordobanewsnet.wordpress.com\/2023\/04\/01\/arranca-hoy-un-ciclo-de-sunsets-en-plaza-espana-con-djs-y-danza-urbana-al-aire-libre\/img_5474\/\" data-orig-file=\"http:\/\/nuevacordoba.net\/wp-content\/uploads\/2023\/04\/arranca-hoy-un-ciclo-de-sunsets-en-plaza-espana-con-djs-y-danza-urbana-al-aire-libre-2.jpg\" data-orig-size=\"750,499\" data-comments-opened=\"1\" data-image-meta=\"{&quot;aperture&quot;:&quot;0&quot;,&quot;credit&quot;:&quot;&quot;,&quot;camera&quot;:&quot;&quot;,&quot;caption&quot;:&quot;&quot;,&quot;created_timestamp&quot;:&quot;0&quot;,&quot;copyright&quot;:&quot;&quot;,&quot;focal_length&quot;:&quot;0&quot;,&quot;iso&quot;:&quot;0&quot;,&quot;shutter_speed&quot;:&quot;0&quot;,&quot;title&quot;:&quot;&quot;,&quot;orientation&quot;:&quot;1&quot;}\" data-image-title=\"img_5474\" data-image-description data-image-caption data-medium-file=\"http:\/\/nuevacordoba.net\/wp-content\/uploads\/2023\/04\/arranca-hoy-un-ciclo-de-sunsets-en-plaza-espana-con-djs-y-danza-urbana-al-aire-libre-2.jpg?w=300\" data-large-file=\"http:\/\/nuevacordoba.net\/wp-content\/uploads\/2023\/04\/arranca-hoy-un-ciclo-de-sunsets-en-plaza-espana-con-djs-y-danza-urbana-al-aire-libre-2.jpg?w=736\" src=\"http:\/\/nuevacordoba.net\/wp-content\/uploads\/2023\/04\/arranca-hoy-un-ciclo-de-sunsets-en-plaza-espana-con-djs-y-danza-urbana-al-aire-libre.jpg\" class=\"wp-image-7881\" srcset=\"http:\/\/nuevacordoba.net\/wp-content\/uploads\/2023\/04\/arranca-hoy-un-ciclo-de-sunsets-en-plaza-espana-con-djs-y-danza-urbana-al-aire-libre-2.jpg 750w, http:\/\/nuevacordoba.net\/wp-content\/uploads\/2023\/04\/arranca-hoy-un-ciclo-de-sunsets-en-plaza-espana-con-djs-y-danza-urbana-al-aire-libre-2.jpg?w=150 150w, http:\/\/nuevacordoba.net\/wp-content\/uploads\/2023\/04\/arranca-hoy-un-ciclo-de-sunsets-en-plaza-espana-con-djs-y-danza-urbana-al-aire-libre-2.jpg?w=300 300w\" sizes=\"(max-width: 750px) 100vw, 750px\"><\/figure>\n<p>Se trata de un nuevo ciclo para vivir este espacio con m\u00fasica y danza urbana y electr\u00f3nica, con acceso libre y gratuito en el horario de 18 a 22 hs.<\/p>\n<div class=\"wordads-ad-wrapper\">\n<div class=\"wordads-ad\">\n<p>Anuncio publicitario<\/p>\n<p><span onclick=\"javascript:__tcfapi( 'showUi' );\">Ajustes de privacidad<\/span><\/p>\n<\/div>\n<\/div>\n<div id=\"jp-post-flair\" class=\"sharedaddy sd-like-enabled sd-sharing-enabled\">\n<div class=\"sharedaddy sd-sharing-enabled\">\n<div class=\"robots-nocontent sd-block sd-social sd-social-icon-text sd-sharing\">\n<h3 class=\"sd-title\">Share this:<\/h3>\n<\/div>\n<\/div>\n<div class=\"sharedaddy sd-block sd-like jetpack-likes-widget-wrapper jetpack-likes-widget-unloaded\" id=\"like-post-wrapper-143108178-7882-6428d03c5e809\" data-src=\"\/\/widgets.wp.com\/likes\/index.html?ver=20230309#blog_id=143108178&amp;post_id=7882&amp;origin=cordobanewsnet.wordpress.com&amp;obj_id=143108178-7882-6428d03c5e809\" data-name=\"like-post-frame-143108178-7882-6428d03c5e809\" data-title=\"Me gusta o Compartir\">\n<h3 class=\"sd-title\">Me gusta esto:<\/h3>\n<p><span class=\"button\"><span>Me gusta<\/span><\/span> <span class=\"loading\">Cargando&#8230;<\/span><\/p>\n<p><span class=\"sd-text-color\"><\/span><\/div>\n<p><h3 class=\"jp-relatedposts-headline\"><em>Relacionado<\/em><\/h3>\n<\/p>\n<\/div><\/div>\n<p><!--\/.post-content--> <\/p>\n<footer class=\"post-meta-container clear\" readability=\"0.71351351351351\">\n<div class=\"entry-author author-avatar-show\" readability=\"14.031746031746\">\n<div class=\"author-avatar\"> <img loading=\"lazy\" alt src=\"http:\/\/nuevacordoba.net\/wp-content\/uploads\/2023\/04\/arranca-hoy-un-ciclo-de-sunsets-en-plaza-espana-con-djs-y-danza-urbana-al-aire-libre-1.jpg\" class=\"avatar avatar-90\" height=\"90\" width=\"90\"> <\/div>\n<p><!-- .author-avatar --> <\/p>\n<p><h2 class=\"author-title\">Publicado por <span class=\"author-name\">angelaponso<\/span><\/h2>\n<\/p>\n<p><!-- .author-heading --> <\/p>\n<p class=\"author-bio\"> <a class=\"author-link\" href=\"https:\/\/cordobanewsnet.wordpress.com\/author\/angelaponso\/\" rel=\"author\"> Ver todas las entradas de angelaponso <\/a> <\/p>\n<p><!-- .author-bio --> <\/div>\n<p><!-- .entry-auhtor --> <\/footer>\n<p> <!-- \/post-meta-container --> <!-- #respond --> <\/p>\n","protected":false},"excerpt":{"rendered":"<p>Comienzan las propuestas culturales en la renovada Plaza Espa\u00f1a como parte de las propuestas de la actual gesti\u00f3n municipal, en el marco de la puesta en valor del espacio p\u00fablico. La moderna infraestructura externa permite la realizaci\u00f3n de eventos al aire libre y en esta oportunidad, desde la Secretar\u00eda de Cultura de la Municipalidad de [&hellip;]<\/p>\n","protected":false},"author":1,"featured_media":30778,"comment_status":"closed","ping_status":"closed","sticky":false,"template":"","format":"standard","meta":[],"categories":[14],"tags":[],"_links":{"self":[{"href":"http:\/\/nuevacordoba.net\/index.php\/wp-json\/wp\/v2\/posts\/30777"}],"collection":[{"href":"http:\/\/nuevacordoba.net\/index.php\/wp-json\/wp\/v2\/posts"}],"about":[{"href":"http:\/\/nuevacordoba.net\/index.php\/wp-json\/wp\/v2\/types\/post"}],"author":[{"embeddable":true,"href":"http:\/\/nuevacordoba.net\/index.php\/wp-json\/wp\/v2\/users\/1"}],"replies":[{"embeddable":true,"href":"http:\/\/nuevacordoba.net\/index.php\/wp-json\/wp\/v2\/comments?post=30777"}],"version-history":[{"count":0,"href":"http:\/\/nuevacordoba.net\/index.php\/wp-json\/wp\/v2\/posts\/30777\/revisions"}],"wp:featuredmedia":[{"embeddable":true,"href":"http:\/\/nuevacordoba.net\/index.php\/wp-json\/wp\/v2\/media\/30778"}],"wp:attachment":[{"href":"http:\/\/nuevacordoba.net\/index.php\/wp-json\/wp\/v2\/media?parent=30777"}],"wp:term":[{"taxonomy":"category","embeddable":true,"href":"http:\/\/nuevacordoba.net\/index.php\/wp-json\/wp\/v2\/categories?post=30777"},{"taxonomy":"post_tag","embeddable":true,"href":"http:\/\/nuevacordoba.net\/index.php\/wp-json\/wp\/v2\/tags?post=30777"}],"curies":[{"name":"wp","href":"https:\/\/api.w.org\/{rel}","templated":true}]}}