{"id":3081,"date":"2021-04-11T01:50:15","date_gmt":"2021-04-11T01:50:15","guid":{"rendered":"http:\/\/nuevacordoba.net\/index.php\/2021\/04\/11\/paso-detras-de-la-pelea-asoma-el-acuerdo-para-postergarlas\/"},"modified":"2021-04-11T01:50:15","modified_gmt":"2021-04-11T01:50:15","slug":"paso-detras-de-la-pelea-asoma-el-acuerdo-para-postergarlas","status":"publish","type":"post","link":"http:\/\/nuevacordoba.net\/index.php\/2021\/04\/11\/paso-detras-de-la-pelea-asoma-el-acuerdo-para-postergarlas\/","title":{"rendered":"Paso: detr\u00e1s de la pelea, asoma el acuerdo para postergarlas"},"content":{"rendered":"<div><img src=\"http:\/\/nuevacordoba.net\/wp-content\/uploads\/2021\/04\/paso-detras-de-la-pelea-asoma-el-acuerdo-para-postergarlas.jpg\" class=\"ff-og-image-inserted\"><\/div>\n<p>Es una negociaci\u00f3n dif\u00edcil, porque ambas partes se desconf\u00edan. El Gobierno nacional inici\u00f3 el di\u00e1logo formal con Juntos por el Cambio para postergar las Paso por un mes.<\/p>\n<p>El acuerdo est\u00e1 m\u00e1s cerca, pero, como se trata de dos sectores pol\u00edticos que se detestan, nada puede darse por seguro.<\/p>\n<p>A riesgo de ser reiterativo, en la pol\u00edtica argentina nada es lo que parece.<\/p>\n<p>Desde la Casa Rosada, argumentan que el Gobierno nacional nunca se interes\u00f3 por las primarias. \u00abEs un problema del Congreso\u00bb, insiste el presidente Alberto Fern\u00e1ndez cada vez que habla del tema.<\/p>\n<blockquote readability=\"9\">\n<p>\u00abEs una iniciativa de los gobernadores, de la cual el Gobierno no tiene nada que ver\u00bb, remarc\u00f3 hasta pocos d\u00edas atr\u00e1s el ministro del Interior, Eduardo \u00abWado\u00bb de Pedro.<\/p>\n<\/blockquote>\n<p>Fue la respuesta del cristinista titular de la cartera pol\u00edtica nacional cuando en el verano pasado, con el apoyo de todos los gobernadores peronistas (incluido Juan Schiaretti), el diputado tucumano Pablo Yedlin present\u00f3 un proyecto para suspender este a\u00f1o las Paso \u00abpor \u00fanica vez\u00bb.<\/p>\n<p class=\"SubTitulo\">Discurso y realidad<\/p>\n<p>Una vez m\u00e1s, la realidad le hizo una gambeta a las declaraciones oficiales.<\/p>\n<p>El jueves pasado, fue el ministro De Pedro quien se sent\u00f3 a negociar con los titulares de los bloques de Juntos por el Cambio.<\/p>\n<div class=\"block-ad-node\">\n<div>\n<p> <span>Publicidad<\/span> <\/p>\n<\/div>\n<\/div>\n<p>Lo acompa\u00f1\u00f3 Sergio Massa, como ya veremos otro protagonista de esta novela de enredos y verdades a medias.<\/p>\n<p>No hay dudas de que el primer interesado en eliminar las Paso es el Gobierno nacional. Como no puede, ahora va por la postergaci\u00f3n.<\/p>\n<div class=\"block-ad-node\">\n<div>\n<p> <span>Publicidad<\/span> <\/p>\n<\/div>\n<\/div>\n<p>El intento de quitar las primarias no fue frustrado por la oposici\u00f3n. El golpe de gracia vino del propio oficialismo.<\/p>\n<p>Cuando en la Casa Rosada \u00abporoteaban\u00bb los votos que ten\u00edan en la C\u00e1mara de Diputados para suspenderlas, en un almuerzo en la Casa Rosada, que fue informado en esta columna, M\u00e1ximo Kirchner fue tajante con el Presidente y Massa: las Paso se hacen, porque fue una herramienta que inventaron su padre y su madre.<\/p>\n<p>Adem\u00e1s, hay una raz\u00f3n pol\u00edtica: La C\u00e1mpora, agrupaci\u00f3n que lidera el hijo de los creadores del kirchnerismo, aspira a disputarles poder en las primarias a los barones del conurbano bonaerense, en el distrito electoral decisivo del pa\u00eds.<\/p>\n<p>El Presidente descifr\u00f3 r\u00e1pido el mensaje. Detr\u00e1s de la negativa del diputado, estaba la opini\u00f3n de la vicepresidenta Cristina Fern\u00e1ndez.<\/p>\n<p>Fue entonces que el Gobierno nacional puso en marcha el plan B: la postergaci\u00f3n.<\/p>\n<p class=\"SubTitulo\">Di\u00e1logo<\/p>\n<p>A Massa le desconf\u00edan albertistas y cristinistas. Los opositores comparten ese sentimiento. Pero es un hombre que dialoga con todos los sectores en la C\u00e1mara de Diputados que preside.<\/p>\n<p>Ven\u00eda conversando el tema de manera informal con los legisladores opositores. Massa quer\u00eda llevarle al Presidente el trofeo de un acuerdo con la oposici\u00f3n para postergar las Paso.<\/p>\n<p>Todo parec\u00eda encaminado, pero 10 d\u00edas atr\u00e1s hubo una reuni\u00f3n en la Casa Rosada de la que participaron encumbrados oficialistas y los macristas Cristian Ritondo \u2013diputado nacional\u2013 y Jorge Macri, intendente de Vicente L\u00f3pez.<\/p>\n<p>Luego de ese encuentro, se filtr\u00f3 que hab\u00eda un acuerdo con la oposici\u00f3n para llevar a septiembre las Paso y las generales a noviembre. Entonces estall\u00f3 la pol\u00e9mica.<\/p>\n<p>Los referentes de Juntos por el Cambio reaccionaron negando un acuerdo y las conversaciones se empantanaron.<\/p>\n<p>Hubo versiones cruzadas sobre qui\u00e9n filtr\u00f3 el dato de un supuesto acuerdo, que no era tal. Ritondo y Jorge Macri no representan ni por asomo a Juntos por el Cambio.<\/p>\n<p>Para los opositores, fue una operaci\u00f3n que naci\u00f3 en la Casa Rosada con el objetivo de frustrar las negociaciones por la postergaci\u00f3n.<\/p>\n<p>Seg\u00fan esta versi\u00f3n, el Gobierno no quiere postergar las primarias: mantiene su deseo de suspenderlas.<\/p>\n<p class=\"TextoDestacado\">Desde la vereda oficialista, en cambio, culpan al macrismo por la filtraci\u00f3n. Est\u00e1n convencidos de que el expresidente Mauricio Macri no quiere negociar nada con el Gobierno.<\/p>\n<p>M\u00e1s all\u00e1 de la aprensi\u00f3n que se dispensan oficialistas y opositores, el acuerdo para postergar por un mes las elecciones est\u00e1 encaminado.<\/p>\n<p>Para el Gobierno, es el mal menor. Y los opositores lo \u00fanico que persiguen es que haya Paso, en cualquier fecha, pero que se vote antes de las generales para elegir a los candidatos a legisladores.<\/p>\n<p>En la interna siempre en ebullici\u00f3n que se vive en Juntos por el Cambio, las primarias son el \u00fanico camino para conseguir la unidad. En los pr\u00f3ximos d\u00edas, puede alumbrar el acuerdo.<\/p>\n<p>Aunque en la Casa Rosada conf\u00edan en una \u00faltima carta que pocos tienen en cuenta: el Presidente cree que la Justicia electoral terminar\u00e1 suspendiendo totalmente las Paso si la ola de contagios de Covid no da un respiro.<\/p>\n<div class=\"ctaNewsNotaContainer\" readability=\"6.5\">\n<div class=\"newsletterTextContainer\" readability=\"33\">\n<p> S\u00cdNTESIS POL\u00cdTICA<\/p>\n<p> Informaci\u00f3n exclusiva y el mejor an\u00e1lisis, los lunes en tu correo.<\/p>\n<form method=\"post\" action-xhr=\"https:\/\/www.lavoz.com.ar\/newsletters\/sintesis-politica\/signup\" id=\"newsletter-signup\" class=\"newsletterForm\" target=\"_blank\" custom-validation-reporting=\"as-you-go\" on=\"submit:AMP.setState({formLoading:true});submit-success:AMP.setState({formSuccess:true})\">\n<div submit-success class=\"is-paddingless-l\" readability=\"6\"> <template type=\"amp-mustache\" readability=\"2\"><\/p>\n<p> <strong>\u00a1Gracias por suscribirte!<\/strong><\/p>\n<p> <\/template><\/div>\n<div submit-error class=\"is-paddingless-l\" readability=\"6.5\"> <template type=\"amp-mustache\" readability=\"3\"><\/p>\n<p> <strong>Ha ocurrido un error, por favor intente nuevamente m\u00e1s tarde.<\/strong><\/p>\n<p> <\/template><\/div>\n<\/form>\n<\/div>\n<\/div>\n<div class=\"column is-inline-block\" readability=\"5.1111111111111\">\n<div class=\"notification is-padding-lr\" readability=\"5.962962962963\"> <a class=\"no-decoration is-font-bold\" href=\"https:\/\/www.lavoz.com.ar\/edicion-impresa\">Edici\u00f3n Impresa<\/a><\/p>\n<p class=\"is-font-sans-serif\">El texto original de este art\u00edculo fue publicado el 10\/04\/2021 en nuestra edici\u00f3n impresa.<\/p>\n<\/div>\n<\/div>\n<div>\n<p> <span>Publicidad<\/span> <\/p>\n<\/div>\n","protected":false},"excerpt":{"rendered":"<p>Es una negociaci\u00f3n dif\u00edcil, porque ambas partes se desconf\u00edan. El Gobierno nacional inici\u00f3 el di\u00e1logo formal con Juntos por el Cambio para postergar las Paso por un mes. El acuerdo est\u00e1 m\u00e1s cerca, pero, como se trata de dos sectores pol\u00edticos que se detestan, nada puede darse por seguro. A riesgo de ser reiterativo, en [&hellip;]<\/p>\n","protected":false},"author":1,"featured_media":3082,"comment_status":"closed","ping_status":"closed","sticky":false,"template":"","format":"standard","meta":[],"categories":[12],"tags":[],"_links":{"self":[{"href":"http:\/\/nuevacordoba.net\/index.php\/wp-json\/wp\/v2\/posts\/3081"}],"collection":[{"href":"http:\/\/nuevacordoba.net\/index.php\/wp-json\/wp\/v2\/posts"}],"about":[{"href":"http:\/\/nuevacordoba.net\/index.php\/wp-json\/wp\/v2\/types\/post"}],"author":[{"embeddable":true,"href":"http:\/\/nuevacordoba.net\/index.php\/wp-json\/wp\/v2\/users\/1"}],"replies":[{"embeddable":true,"href":"http:\/\/nuevacordoba.net\/index.php\/wp-json\/wp\/v2\/comments?post=3081"}],"version-history":[{"count":0,"href":"http:\/\/nuevacordoba.net\/index.php\/wp-json\/wp\/v2\/posts\/3081\/revisions"}],"wp:featuredmedia":[{"embeddable":true,"href":"http:\/\/nuevacordoba.net\/index.php\/wp-json\/wp\/v2\/media\/3082"}],"wp:attachment":[{"href":"http:\/\/nuevacordoba.net\/index.php\/wp-json\/wp\/v2\/media?parent=3081"}],"wp:term":[{"taxonomy":"category","embeddable":true,"href":"http:\/\/nuevacordoba.net\/index.php\/wp-json\/wp\/v2\/categories?post=3081"},{"taxonomy":"post_tag","embeddable":true,"href":"http:\/\/nuevacordoba.net\/index.php\/wp-json\/wp\/v2\/tags?post=3081"}],"curies":[{"name":"wp","href":"https:\/\/api.w.org\/{rel}","templated":true}]}}