{"id":30812,"date":"2023-03-29T13:53:10","date_gmt":"2023-03-29T13:53:10","guid":{"rendered":"https:\/\/www.checkinmag.com\/?p=2932"},"modified":"2023-03-29T13:53:10","modified_gmt":"2023-03-29T13:53:10","slug":"este-viernes-llega-la-segunda-edicion-de-mercado-santo","status":"publish","type":"post","link":"http:\/\/nuevacordoba.net\/index.php\/2023\/03\/29\/este-viernes-llega-la-segunda-edicion-de-mercado-santo\/","title":{"rendered":"Este viernes llega la segunda edici\u00f3n de \u201cMercado Santo\u201d"},"content":{"rendered":"<div><img src=\"http:\/\/nuevacordoba.net\/wp-content\/uploads\/2023\/04\/este-viernes-llega-la-segunda-edicion-de-mercado-santo.jpg\" class=\"ff-og-image-inserted\"><\/div>\n<p>En Semana Santa y durante todo el mes de abril, la ciudad se prepara para vivir un amplio abanico de propuestas vinculadas con los credos y la religi\u00f3n. En el marco de la segunda edici\u00f3n de \u201cSanto Abril\u201d, el Mercado Norte&nbsp;invitar\u00e1a vecinos, vecinas y turistas a una jornada especial.<\/p>\n<p>Este viernes 31 de marzo desde la ma\u00f1ana y hasta el anochecer en la Supermanzana del Mercado Norte habr\u00e1 m\u00fasica en vivo, de la mano de grupos y Djs cordobeses como Misty Soul, The otros, y el ensamble de vientos \u201cAires\u201d, entre otros. Por su parte, Grupo Popular Danzante presentar\u00e1 una obra art\u00edstica coreogr\u00e1fica alusiva, titulada: \u201cHistoria Sagrada\u201d.<\/p>\n<p>La gastronom\u00eda tambi\u00e9n se har\u00e1 presente con la participaci\u00f3n de los chefs Dante y Dar\u00edo, quienes deleitar\u00e1n con sus recetas alusivas de Semana Santa. Como ya es habitual, estar\u00e1 presente la feria de econom\u00eda social aportando colorido a la ma\u00f1ana.<\/p>\n<p>Cabe destacar que las jornadas de ferias, m\u00fasica, gastronom\u00eda y diferentes manifestaciones art\u00edsticas en el Mercado Norte y su Supermanzana son un cl\u00e1sico que ya tiene m\u00e1s de 17 ediciones ininterrumpidas, y por las que han pasado gran cantidad de m\u00fasicos, cuerpos de baile, humoristas, reconocidos cocineros, cocineras y feriantes.<br \/>Una oportunidad para valorar, cuidar y disfrutar de este emblema de la ciudad, que, adem\u00e1s de 136 locales de alimentos perecederos y un Centro de Participaci\u00f3n Comunal (CPC), ofrece una interesante oferta gastron\u00f3mica con variedad de restaurantes.<\/p>\n<p>La iniciativa desarrollada por la Municipalidad de C\u00f3rdoba, forma parte de las acciones y programas tendientes a promocionar el patrimonio tangible e intangible de la ciudad.<\/p>\n","protected":false},"excerpt":{"rendered":"<p>En Semana Santa y durante todo el mes de abril, la ciudad se prepara para vivir un amplio abanico de propuestas vinculadas con los credos y la religi\u00f3n. En el marco de la segunda edici\u00f3n de \u201cSanto Abril\u201d, el Mercado Norte&nbsp;invitar\u00e1a vecinos, vecinas y turistas a una jornada especial. Este viernes 31 de marzo desde [&hellip;]<\/p>\n","protected":false},"author":1,"featured_media":30813,"comment_status":"closed","ping_status":"closed","sticky":false,"template":"","format":"standard","meta":[],"categories":[11],"tags":[],"_links":{"self":[{"href":"http:\/\/nuevacordoba.net\/index.php\/wp-json\/wp\/v2\/posts\/30812"}],"collection":[{"href":"http:\/\/nuevacordoba.net\/index.php\/wp-json\/wp\/v2\/posts"}],"about":[{"href":"http:\/\/nuevacordoba.net\/index.php\/wp-json\/wp\/v2\/types\/post"}],"author":[{"embeddable":true,"href":"http:\/\/nuevacordoba.net\/index.php\/wp-json\/wp\/v2\/users\/1"}],"replies":[{"embeddable":true,"href":"http:\/\/nuevacordoba.net\/index.php\/wp-json\/wp\/v2\/comments?post=30812"}],"version-history":[{"count":0,"href":"http:\/\/nuevacordoba.net\/index.php\/wp-json\/wp\/v2\/posts\/30812\/revisions"}],"wp:featuredmedia":[{"embeddable":true,"href":"http:\/\/nuevacordoba.net\/index.php\/wp-json\/wp\/v2\/media\/30813"}],"wp:attachment":[{"href":"http:\/\/nuevacordoba.net\/index.php\/wp-json\/wp\/v2\/media?parent=30812"}],"wp:term":[{"taxonomy":"category","embeddable":true,"href":"http:\/\/nuevacordoba.net\/index.php\/wp-json\/wp\/v2\/categories?post=30812"},{"taxonomy":"post_tag","embeddable":true,"href":"http:\/\/nuevacordoba.net\/index.php\/wp-json\/wp\/v2\/tags?post=30812"}],"curies":[{"name":"wp","href":"https:\/\/api.w.org\/{rel}","templated":true}]}}