{"id":30943,"date":"2023-04-06T11:30:59","date_gmt":"2023-04-06T11:30:59","guid":{"rendered":"http:\/\/cordobanewsnet.wordpress.com\/2023\/04\/06\/imputaran-a-lideres-de-los-piquetes-en-cordoba\/"},"modified":"2023-04-06T11:30:59","modified_gmt":"2023-04-06T11:30:59","slug":"imputaran-a-lideres-de-los-piquetes-en-cordoba","status":"publish","type":"post","link":"http:\/\/nuevacordoba.net\/index.php\/2023\/04\/06\/imputaran-a-lideres-de-los-piquetes-en-cordoba\/","title":{"rendered":"Imputar\u00e1n a l\u00edderes de los piquetes en C\u00f3rdoba"},"content":{"rendered":"<p><!-- \/featured-media --> <\/p>\n<div class=\"post-content clear\" readability=\"39.001663893511\">\n<p>La Justicia confirm\u00f3 que en las pr\u00f3ximas horas imputar\u00e1n a l\u00edderes de los piquetes que se desarrollaron este mi\u00e9rcoles en C\u00f3rdoba.<\/p>\n<p>La medida tiene que ver con que no se respet\u00f3 el fallo que garantiza la circulaci\u00f3n durante las manifestaciones.<\/p>\n<figure class=\"wp-block-image size-large\"><img data-attachment-id=\"7890\" data-permalink=\"https:\/\/cordobanewsnet.wordpress.com\/2023\/04\/06\/imputaran-a-lideres-de-los-piquetes-en-cordoba\/img_5688\/\" data-orig-file=\"http:\/\/nuevacordoba.net\/wp-content\/uploads\/2023\/04\/imputaran-a-lideres-de-los-piquetes-en-cordoba.jpg\" data-orig-size=\"791,445\" data-comments-opened=\"1\" data-image-meta=\"{&quot;aperture&quot;:&quot;0&quot;,&quot;credit&quot;:&quot;&quot;,&quot;camera&quot;:&quot;&quot;,&quot;caption&quot;:&quot;&quot;,&quot;created_timestamp&quot;:&quot;0&quot;,&quot;copyright&quot;:&quot;&quot;,&quot;focal_length&quot;:&quot;0&quot;,&quot;iso&quot;:&quot;0&quot;,&quot;shutter_speed&quot;:&quot;0&quot;,&quot;title&quot;:&quot;&quot;,&quot;orientation&quot;:&quot;1&quot;}\" data-image-title=\"img_5688\" data-image-description data-image-caption data-medium-file=\"http:\/\/nuevacordoba.net\/wp-content\/uploads\/2023\/04\/imputaran-a-lideres-de-los-piquetes-en-cordoba.jpg?w=300\" data-large-file=\"http:\/\/nuevacordoba.net\/wp-content\/uploads\/2023\/04\/imputaran-a-lideres-de-los-piquetes-en-cordoba.jpg?w=736\" src=\"http:\/\/nuevacordoba.net\/wp-content\/uploads\/2023\/04\/imputaran-a-lideres-de-los-piquetes-en-cordoba.jpg\" class=\"wp-image-7890\" srcset=\"http:\/\/nuevacordoba.net\/wp-content\/uploads\/2023\/04\/imputaran-a-lideres-de-los-piquetes-en-cordoba.jpg 791w, http:\/\/nuevacordoba.net\/wp-content\/uploads\/2023\/04\/imputaran-a-lideres-de-los-piquetes-en-cordoba.jpg?w=150 150w, http:\/\/nuevacordoba.net\/wp-content\/uploads\/2023\/04\/imputaran-a-lideres-de-los-piquetes-en-cordoba.jpg?w=300 300w, http:\/\/nuevacordoba.net\/wp-content\/uploads\/2023\/04\/imputaran-a-lideres-de-los-piquetes-en-cordoba.jpg?w=768 768w\" sizes=\"(max-width: 791px) 100vw, 791px\"><\/figure>\n<p>El fiscal Ernesto De Arag\u00f3n inform\u00f3 que ya identificaron \u00aba al menos seis referentes de organizaciones sociales\u00bb. Explic\u00f3 que las protestas de la jornada \u00abtuvieron la intenci\u00f3n de obstruir los ingresos a la ciudad de C\u00f3rdoba\u00bb.<\/p>\n<div class=\"wordads-ad-wrapper\">\n<div class=\"wordads-ad\">\n<p>Anuncio publicitario<\/p>\n<p><span onclick=\"javascript:__tcfapi( 'showUi' );\">Ajustes de privacidad<\/span><\/p>\n<\/div>\n<\/div>\n<div id=\"jp-post-flair\" class=\"sharedaddy sd-like-enabled sd-sharing-enabled\">\n<div class=\"sharedaddy sd-sharing-enabled\">\n<div class=\"robots-nocontent sd-block sd-social sd-social-icon-text sd-sharing\">\n<h3 class=\"sd-title\">Share this:<\/h3>\n<\/div>\n<\/div>\n<div class=\"sharedaddy sd-block sd-like jetpack-likes-widget-wrapper jetpack-likes-widget-unloaded\" id=\"like-post-wrapper-143108178-7891-642f23b0b766b\" data-src=\"\/\/widgets.wp.com\/likes\/index.html?ver=20230309#blog_id=143108178&amp;post_id=7891&amp;origin=cordobanewsnet.wordpress.com&amp;obj_id=143108178-7891-642f23b0b766b\" data-name=\"like-post-frame-143108178-7891-642f23b0b766b\" data-title=\"Me gusta o Compartir\">\n<h3 class=\"sd-title\">Me gusta esto:<\/h3>\n<p><span class=\"button\"><span>Me gusta<\/span><\/span> <span class=\"loading\">Cargando&#8230;<\/span><\/p>\n<p><span class=\"sd-text-color\"><\/span><\/div>\n<p><h3 class=\"jp-relatedposts-headline\"><em>Relacionado<\/em><\/h3>\n<\/p>\n<\/div><\/div>\n<p><!--\/.post-content--> <\/p>\n<footer class=\"post-meta-container clear\" readability=\"0.70212765957447\">\n<div class=\"entry-author author-avatar-show\" readability=\"14.031746031746\">\n<div class=\"author-avatar\"> <img loading=\"lazy\" alt src=\"http:\/\/nuevacordoba.net\/wp-content\/uploads\/2023\/04\/imputaran-a-lideres-de-los-piquetes-en-cordoba-1.jpg\" class=\"avatar avatar-90\" height=\"90\" width=\"90\"> <\/div>\n<p><!-- .author-avatar --> <\/p>\n<p><h2 class=\"author-title\">Publicado por <span class=\"author-name\">angelaponso<\/span><\/h2>\n<\/p>\n<p><!-- .author-heading --> <\/p>\n<p class=\"author-bio\"> <a class=\"author-link\" href=\"https:\/\/cordobanewsnet.wordpress.com\/author\/angelaponso\/\" rel=\"author\"> Ver todas las entradas de angelaponso <\/a> <\/p>\n<p><!-- .author-bio --> <\/div>\n<p><!-- .entry-auhtor --> <\/footer>\n<p> <!-- \/post-meta-container --> <!-- #respond --> <\/p>\n","protected":false},"excerpt":{"rendered":"<p>La Justicia confirm\u00f3 que en las pr\u00f3ximas horas imputar\u00e1n a l\u00edderes de los piquetes que se desarrollaron este mi\u00e9rcoles en C\u00f3rdoba. La medida tiene que ver con que no se respet\u00f3 el fallo que garantiza la circulaci\u00f3n durante las manifestaciones. El fiscal Ernesto De Arag\u00f3n inform\u00f3 que ya identificaron \u00aba al menos seis referentes de [&hellip;]<\/p>\n","protected":false},"author":1,"featured_media":30944,"comment_status":"closed","ping_status":"closed","sticky":false,"template":"","format":"standard","meta":[],"categories":[14],"tags":[],"_links":{"self":[{"href":"http:\/\/nuevacordoba.net\/index.php\/wp-json\/wp\/v2\/posts\/30943"}],"collection":[{"href":"http:\/\/nuevacordoba.net\/index.php\/wp-json\/wp\/v2\/posts"}],"about":[{"href":"http:\/\/nuevacordoba.net\/index.php\/wp-json\/wp\/v2\/types\/post"}],"author":[{"embeddable":true,"href":"http:\/\/nuevacordoba.net\/index.php\/wp-json\/wp\/v2\/users\/1"}],"replies":[{"embeddable":true,"href":"http:\/\/nuevacordoba.net\/index.php\/wp-json\/wp\/v2\/comments?post=30943"}],"version-history":[{"count":0,"href":"http:\/\/nuevacordoba.net\/index.php\/wp-json\/wp\/v2\/posts\/30943\/revisions"}],"wp:featuredmedia":[{"embeddable":true,"href":"http:\/\/nuevacordoba.net\/index.php\/wp-json\/wp\/v2\/media\/30944"}],"wp:attachment":[{"href":"http:\/\/nuevacordoba.net\/index.php\/wp-json\/wp\/v2\/media?parent=30943"}],"wp:term":[{"taxonomy":"category","embeddable":true,"href":"http:\/\/nuevacordoba.net\/index.php\/wp-json\/wp\/v2\/categories?post=30943"},{"taxonomy":"post_tag","embeddable":true,"href":"http:\/\/nuevacordoba.net\/index.php\/wp-json\/wp\/v2\/tags?post=30943"}],"curies":[{"name":"wp","href":"https:\/\/api.w.org\/{rel}","templated":true}]}}