{"id":31058,"date":"2023-04-09T15:53:44","date_gmt":"2023-04-09T15:53:44","guid":{"rendered":"http:\/\/cordobanewsnet.wordpress.com\/2023\/04\/09\/ulises-bueno-cancelo-sus-shows-y-su-salud-genero-preocupacion\/"},"modified":"2023-04-09T15:53:44","modified_gmt":"2023-04-09T15:53:44","slug":"ulises-bueno-cancelo-sus-shows-y-su-salud-genero-preocupacion","status":"publish","type":"post","link":"http:\/\/nuevacordoba.net\/index.php\/2023\/04\/09\/ulises-bueno-cancelo-sus-shows-y-su-salud-genero-preocupacion\/","title":{"rendered":"Ulises Bueno cancel\u00f3 sus shows y su salud gener\u00f3 preocupaci\u00f3n"},"content":{"rendered":"<p><!-- \/featured-media --> <\/p>\n<div class=\"post-content clear\" readability=\"43.059829059829\">\n<p>Ulises Bueno cancel\u00f3 los shows que dar\u00eda este fin de semana debido a problemas de salud.<\/p>\n<p>El anuncio fue realizado a trav\u00e9s de las redes oficiales del artista, en donde comentaron que se encuentra haciendo reposo debido a un cuadro de bronconeumopat\u00eda aguda.<\/p>\n<figure class=\"wp-block-image size-large\"><img data-attachment-id=\"7892\" data-permalink=\"https:\/\/cordobanewsnet.wordpress.com\/2023\/04\/09\/ulises-bueno-cancelo-sus-shows-y-su-salud-genero-preocupacion\/img_5904\/\" data-orig-file=\"http:\/\/nuevacordoba.net\/wp-content\/uploads\/2023\/04\/ulises-bueno-cancelo-sus-shows-y-su-salud-genero-preocupacion-2.jpg\" data-orig-size=\"770,416\" data-comments-opened=\"1\" data-image-meta=\"{&quot;aperture&quot;:&quot;0&quot;,&quot;credit&quot;:&quot;&quot;,&quot;camera&quot;:&quot;&quot;,&quot;caption&quot;:&quot;&quot;,&quot;created_timestamp&quot;:&quot;0&quot;,&quot;copyright&quot;:&quot;&quot;,&quot;focal_length&quot;:&quot;0&quot;,&quot;iso&quot;:&quot;0&quot;,&quot;shutter_speed&quot;:&quot;0&quot;,&quot;title&quot;:&quot;&quot;,&quot;orientation&quot;:&quot;1&quot;}\" data-image-title=\"img_5904\" data-image-description data-image-caption data-medium-file=\"http:\/\/nuevacordoba.net\/wp-content\/uploads\/2023\/04\/ulises-bueno-cancelo-sus-shows-y-su-salud-genero-preocupacion-2.jpg?w=300\" data-large-file=\"http:\/\/nuevacordoba.net\/wp-content\/uploads\/2023\/04\/ulises-bueno-cancelo-sus-shows-y-su-salud-genero-preocupacion-2.jpg?w=736\" src=\"http:\/\/nuevacordoba.net\/wp-content\/uploads\/2023\/04\/ulises-bueno-cancelo-sus-shows-y-su-salud-genero-preocupacion.jpg\" class=\"wp-image-7892\" srcset=\"http:\/\/nuevacordoba.net\/wp-content\/uploads\/2023\/04\/ulises-bueno-cancelo-sus-shows-y-su-salud-genero-preocupacion-2.jpg 770w, http:\/\/nuevacordoba.net\/wp-content\/uploads\/2023\/04\/ulises-bueno-cancelo-sus-shows-y-su-salud-genero-preocupacion-2.jpg?w=150 150w, http:\/\/nuevacordoba.net\/wp-content\/uploads\/2023\/04\/ulises-bueno-cancelo-sus-shows-y-su-salud-genero-preocupacion-2.jpg?w=300 300w\" sizes=\"(max-width: 770px) 100vw, 770px\"><\/figure>\n<p>\u201cQueremos agradecer a todos los que se comunicaron\/consultaron por el estado de saluda de Ulises Bueno. \u00c9l se encuentra cursando una bronconeumopat\u00eda aguda con s\u00edndrome febril, disnea con baja saturaci\u00f3n de ox\u00edgeno, por lo que requiere de ox\u00edgeno domiciliario\u201d, reza el comunicado posteado en su cuenta de Instagram. <\/p>\n<div class=\"wordads-ad-wrapper\">\n<div class=\"wordads-ad\">\n<p>Anuncio publicitario<\/p>\n<p><span onclick=\"javascript:__tcfapi( 'showUi' );\">Ajustes de privacidad<\/span><\/p>\n<\/div>\n<\/div>\n<div id=\"jp-post-flair\" class=\"sharedaddy sd-like-enabled sd-sharing-enabled\">\n<div class=\"sharedaddy sd-sharing-enabled\">\n<div class=\"robots-nocontent sd-block sd-social sd-social-icon-text sd-sharing\">\n<h3 class=\"sd-title\">Share this:<\/h3>\n<\/div>\n<\/div>\n<div class=\"sharedaddy sd-block sd-like jetpack-likes-widget-wrapper jetpack-likes-widget-unloaded\" id=\"like-post-wrapper-143108178-7893-6433a7d7313d8\" data-src=\"\/\/widgets.wp.com\/likes\/index.html?ver=20230309#blog_id=143108178&amp;post_id=7893&amp;origin=cordobanewsnet.wordpress.com&amp;obj_id=143108178-7893-6433a7d7313d8\" data-name=\"like-post-frame-143108178-7893-6433a7d7313d8\" data-title=\"Me gusta o Compartir\">\n<h3 class=\"sd-title\">Me gusta esto:<\/h3>\n<p><span class=\"button\"><span>Me gusta<\/span><\/span> <span class=\"loading\">Cargando&#8230;<\/span><\/p>\n<p><span class=\"sd-text-color\"><\/span><\/div>\n<p><h3 class=\"jp-relatedposts-headline\"><em>Relacionado<\/em><\/h3>\n<\/p>\n<\/div><\/div>\n<p><!--\/.post-content--> <\/p>\n<footer class=\"post-meta-container clear\" readability=\"0.79518072289157\">\n<div class=\"entry-author author-avatar-show\" readability=\"14.031746031746\">\n<div class=\"author-avatar\"> <img loading=\"lazy\" alt src=\"http:\/\/nuevacordoba.net\/wp-content\/uploads\/2023\/04\/ulises-bueno-cancelo-sus-shows-y-su-salud-genero-preocupacion-1.jpg\" class=\"avatar avatar-90\" height=\"90\" width=\"90\"> <\/div>\n<p><!-- .author-avatar --> <\/p>\n<p><h2 class=\"author-title\">Publicado por <span class=\"author-name\">angelaponso<\/span><\/h2>\n<\/p>\n<p><!-- .author-heading --> <\/p>\n<p class=\"author-bio\"> <a class=\"author-link\" href=\"https:\/\/cordobanewsnet.wordpress.com\/author\/angelaponso\/\" rel=\"author\"> Ver todas las entradas de angelaponso <\/a> <\/p>\n<p><!-- .author-bio --> <\/div>\n<p><!-- .entry-auhtor --> <\/footer>\n<p> <!-- \/post-meta-container --> <!-- #respond --> <\/p>\n","protected":false},"excerpt":{"rendered":"<p>Ulises Bueno cancel\u00f3 los shows que dar\u00eda este fin de semana debido a problemas de salud. El anuncio fue realizado a trav\u00e9s de las redes oficiales del artista, en donde comentaron que se encuentra haciendo reposo debido a un cuadro de bronconeumopat\u00eda aguda. \u201cQueremos agradecer a todos los que se comunicaron\/consultaron por el estado de [&hellip;]<\/p>\n","protected":false},"author":1,"featured_media":31059,"comment_status":"closed","ping_status":"closed","sticky":false,"template":"","format":"standard","meta":[],"categories":[14],"tags":[],"_links":{"self":[{"href":"http:\/\/nuevacordoba.net\/index.php\/wp-json\/wp\/v2\/posts\/31058"}],"collection":[{"href":"http:\/\/nuevacordoba.net\/index.php\/wp-json\/wp\/v2\/posts"}],"about":[{"href":"http:\/\/nuevacordoba.net\/index.php\/wp-json\/wp\/v2\/types\/post"}],"author":[{"embeddable":true,"href":"http:\/\/nuevacordoba.net\/index.php\/wp-json\/wp\/v2\/users\/1"}],"replies":[{"embeddable":true,"href":"http:\/\/nuevacordoba.net\/index.php\/wp-json\/wp\/v2\/comments?post=31058"}],"version-history":[{"count":0,"href":"http:\/\/nuevacordoba.net\/index.php\/wp-json\/wp\/v2\/posts\/31058\/revisions"}],"wp:featuredmedia":[{"embeddable":true,"href":"http:\/\/nuevacordoba.net\/index.php\/wp-json\/wp\/v2\/media\/31059"}],"wp:attachment":[{"href":"http:\/\/nuevacordoba.net\/index.php\/wp-json\/wp\/v2\/media?parent=31058"}],"wp:term":[{"taxonomy":"category","embeddable":true,"href":"http:\/\/nuevacordoba.net\/index.php\/wp-json\/wp\/v2\/categories?post=31058"},{"taxonomy":"post_tag","embeddable":true,"href":"http:\/\/nuevacordoba.net\/index.php\/wp-json\/wp\/v2\/tags?post=31058"}],"curies":[{"name":"wp","href":"https:\/\/api.w.org\/{rel}","templated":true}]}}