{"id":31083,"date":"2023-04-10T12:50:55","date_gmt":"2023-04-10T12:50:55","guid":{"rendered":"http:\/\/cordobanewsnet.wordpress.com\/2023\/04\/10\/uepc-preve-rechazo-a-la-oferta-salarial-y-anuncia-paro-de-48-horas-esta-semana\/"},"modified":"2023-04-10T12:50:55","modified_gmt":"2023-04-10T12:50:55","slug":"uepc-preve-rechazo-a-la-oferta-salarial-y-anuncia-paro-de-48-horas-esta-semana","status":"publish","type":"post","link":"http:\/\/nuevacordoba.net\/index.php\/2023\/04\/10\/uepc-preve-rechazo-a-la-oferta-salarial-y-anuncia-paro-de-48-horas-esta-semana\/","title":{"rendered":"Uepc prev\u00e9 rechazo a la oferta salarial y anuncia paro de 48 horas esta semana"},"content":{"rendered":"<p><!-- \/featured-media --> <\/p>\n<div class=\"post-content clear\" readability=\"37.904494382022\">\n<p>El gremio que representa a los docentes de la provincia de C\u00f3rdoba (UEPC) votar\u00e1 este lunes en una asamblea departamental la \u00faltima propuesta del Gobierno de la Provincia respecto del incremento salarial para la primera parte del a\u00f1o.<\/p>\n<figure class=\"wp-block-image size-large\"><img data-attachment-id=\"7895\" data-permalink=\"https:\/\/cordobanewsnet.wordpress.com\/2023\/04\/10\/uepc-preve-rechazo-a-la-oferta-salarial-y-anuncia-paro-de-48-horas-esta-semana\/img_5916\/\" data-orig-file=\"http:\/\/nuevacordoba.net\/wp-content\/uploads\/2023\/04\/uepc-preve-rechazo-a-la-oferta-salarial-y-anuncia-paro-de-48-horas-esta-semana-2.jpg\" data-orig-size=\"768,576\" data-comments-opened=\"1\" data-image-meta=\"{&quot;aperture&quot;:&quot;0&quot;,&quot;credit&quot;:&quot;&quot;,&quot;camera&quot;:&quot;&quot;,&quot;caption&quot;:&quot;&quot;,&quot;created_timestamp&quot;:&quot;0&quot;,&quot;copyright&quot;:&quot;&quot;,&quot;focal_length&quot;:&quot;0&quot;,&quot;iso&quot;:&quot;0&quot;,&quot;shutter_speed&quot;:&quot;0&quot;,&quot;title&quot;:&quot;&quot;,&quot;orientation&quot;:&quot;1&quot;}\" data-image-title=\"img_5916\" data-image-description data-image-caption data-medium-file=\"http:\/\/nuevacordoba.net\/wp-content\/uploads\/2023\/04\/uepc-preve-rechazo-a-la-oferta-salarial-y-anuncia-paro-de-48-horas-esta-semana-2.jpg?w=300\" data-large-file=\"http:\/\/nuevacordoba.net\/wp-content\/uploads\/2023\/04\/uepc-preve-rechazo-a-la-oferta-salarial-y-anuncia-paro-de-48-horas-esta-semana-2.jpg?w=736\" src=\"http:\/\/nuevacordoba.net\/wp-content\/uploads\/2023\/04\/uepc-preve-rechazo-a-la-oferta-salarial-y-anuncia-paro-de-48-horas-esta-semana.jpg\" class=\"wp-image-7895\" srcset=\"http:\/\/nuevacordoba.net\/wp-content\/uploads\/2023\/04\/uepc-preve-rechazo-a-la-oferta-salarial-y-anuncia-paro-de-48-horas-esta-semana-2.jpg 768w, http:\/\/nuevacordoba.net\/wp-content\/uploads\/2023\/04\/uepc-preve-rechazo-a-la-oferta-salarial-y-anuncia-paro-de-48-horas-esta-semana-2.jpg?w=150 150w, http:\/\/nuevacordoba.net\/wp-content\/uploads\/2023\/04\/uepc-preve-rechazo-a-la-oferta-salarial-y-anuncia-paro-de-48-horas-esta-semana-2.jpg?w=300 300w\" sizes=\"(max-width: 768px) 100vw, 768px\"><\/figure>\n<p>En la sede de calle 25 de Mayo al 400 se decidir\u00e1 con el voto de los representantes de cada departamento si se acepta la proposici\u00f3n salarial o si, por el contrario, es rechazada.<\/p>\n<div class=\"wordads-ad-wrapper\">\n<div class=\"wordads-ad\">\n<p>Anuncio publicitario<\/p>\n<p><span onclick=\"javascript:__tcfapi( 'showUi' );\">Ajustes de privacidad<\/span><\/p>\n<\/div>\n<\/div>\n<div id=\"jp-post-flair\" class=\"sharedaddy sd-like-enabled sd-sharing-enabled\">\n<div class=\"sharedaddy sd-sharing-enabled\">\n<div class=\"robots-nocontent sd-block sd-social sd-social-icon-text sd-sharing\">\n<h3 class=\"sd-title\">Share this:<\/h3>\n<\/div>\n<\/div>\n<div class=\"sharedaddy sd-block sd-like jetpack-likes-widget-wrapper jetpack-likes-widget-unloaded\" id=\"like-post-wrapper-143108178-7896-64348f12214f9\" data-src=\"\/\/widgets.wp.com\/likes\/index.html?ver=20230309#blog_id=143108178&amp;post_id=7896&amp;origin=cordobanewsnet.wordpress.com&amp;obj_id=143108178-7896-64348f12214f9\" data-name=\"like-post-frame-143108178-7896-64348f12214f9\" data-title=\"Me gusta o Compartir\">\n<h3 class=\"sd-title\">Me gusta esto:<\/h3>\n<p><span class=\"button\"><span>Me gusta<\/span><\/span> <span class=\"loading\">Cargando&#8230;<\/span><\/p>\n<p><span class=\"sd-text-color\"><\/span><\/div>\n<p><h3 class=\"jp-relatedposts-headline\"><em>Relacionado<\/em><\/h3>\n<\/p>\n<\/div><\/div>\n<p><!--\/.post-content--> <\/p>\n<footer class=\"post-meta-container clear\" readability=\"0.73626373626374\">\n<div class=\"entry-author author-avatar-show\" readability=\"14.031746031746\">\n<div class=\"author-avatar\"> <img loading=\"lazy\" alt src=\"http:\/\/nuevacordoba.net\/wp-content\/uploads\/2023\/04\/uepc-preve-rechazo-a-la-oferta-salarial-y-anuncia-paro-de-48-horas-esta-semana-1.jpg\" class=\"avatar avatar-90\" height=\"90\" width=\"90\"> <\/div>\n<p><!-- .author-avatar --> <\/p>\n<p><h2 class=\"author-title\">Publicado por <span class=\"author-name\">angelaponso<\/span><\/h2>\n<\/p>\n<p><!-- .author-heading --> <\/p>\n<p class=\"author-bio\"> <a class=\"author-link\" href=\"https:\/\/cordobanewsnet.wordpress.com\/author\/angelaponso\/\" rel=\"author\"> Ver todas las entradas de angelaponso <\/a> <\/p>\n<p><!-- .author-bio --> <\/div>\n<p><!-- .entry-auhtor --> <\/footer>\n<p> <!-- \/post-meta-container --> <!-- #respond --> <\/p>\n","protected":false},"excerpt":{"rendered":"<p>El gremio que representa a los docentes de la provincia de C\u00f3rdoba (UEPC) votar\u00e1 este lunes en una asamblea departamental la \u00faltima propuesta del Gobierno de la Provincia respecto del incremento salarial para la primera parte del a\u00f1o. En la sede de calle 25 de Mayo al 400 se decidir\u00e1 con el voto de los [&hellip;]<\/p>\n","protected":false},"author":1,"featured_media":31084,"comment_status":"closed","ping_status":"closed","sticky":false,"template":"","format":"standard","meta":[],"categories":[14],"tags":[],"_links":{"self":[{"href":"http:\/\/nuevacordoba.net\/index.php\/wp-json\/wp\/v2\/posts\/31083"}],"collection":[{"href":"http:\/\/nuevacordoba.net\/index.php\/wp-json\/wp\/v2\/posts"}],"about":[{"href":"http:\/\/nuevacordoba.net\/index.php\/wp-json\/wp\/v2\/types\/post"}],"author":[{"embeddable":true,"href":"http:\/\/nuevacordoba.net\/index.php\/wp-json\/wp\/v2\/users\/1"}],"replies":[{"embeddable":true,"href":"http:\/\/nuevacordoba.net\/index.php\/wp-json\/wp\/v2\/comments?post=31083"}],"version-history":[{"count":0,"href":"http:\/\/nuevacordoba.net\/index.php\/wp-json\/wp\/v2\/posts\/31083\/revisions"}],"wp:featuredmedia":[{"embeddable":true,"href":"http:\/\/nuevacordoba.net\/index.php\/wp-json\/wp\/v2\/media\/31084"}],"wp:attachment":[{"href":"http:\/\/nuevacordoba.net\/index.php\/wp-json\/wp\/v2\/media?parent=31083"}],"wp:term":[{"taxonomy":"category","embeddable":true,"href":"http:\/\/nuevacordoba.net\/index.php\/wp-json\/wp\/v2\/categories?post=31083"},{"taxonomy":"post_tag","embeddable":true,"href":"http:\/\/nuevacordoba.net\/index.php\/wp-json\/wp\/v2\/tags?post=31083"}],"curies":[{"name":"wp","href":"https:\/\/api.w.org\/{rel}","templated":true}]}}