{"id":31140,"date":"2023-04-12T13:19:20","date_gmt":"2023-04-12T13:19:20","guid":{"rendered":"https:\/\/cordoba.gob.ar\/?p=43158"},"modified":"2023-04-12T13:19:20","modified_gmt":"2023-04-12T13:19:20","slug":"la-37o-fiesta-nacional-de-teatro-se-vive-en-la-ciudad-de-cordoba","status":"publish","type":"post","link":"http:\/\/nuevacordoba.net\/index.php\/2023\/04\/12\/la-37o-fiesta-nacional-de-teatro-se-vive-en-la-ciudad-de-cordoba\/","title":{"rendered":"La 37\u00ba Fiesta Nacional de Teatro se vive en la ciudad de C\u00f3rdoba\u00a0"},"content":{"rendered":"<div><img src=\"http:\/\/nuevacordoba.net\/wp-content\/uploads\/2023\/04\/la-37o-fiesta-nacional-de-teatro-se-vive-en-la-ciudad-de-cordoba.jpg\" class=\"ff-og-image-inserted\"><\/div>\n<ul>\n<li><strong>La propuesta cuenta con el apoyo de la Municipalidad de C\u00f3rdoba, con aportes y programaci\u00f3n espec\u00edfica en centros culturales municipales, salas de teatro independiente, el Paseo Sobremonte y otros espacios.<\/strong><\/li>\n<li><strong>En la ciudad se desarrollar\u00e1 la grilla desde el 16 al 20 de abril, que se puede conocer <a href=\"https:\/\/inteatro.ar\/novedades\/fiesta-cordoba-2023\/\">aqu\u00ed<\/a><\/strong><\/li>\n<li><strong>Las obras se podr\u00e1n disfrutar con una entrada accesible de 700 pesos, mientras que las actividades paralelas son gratuitas.<\/strong><\/li>\n<\/ul>\n<hr>\n<p>Ayer se llev\u00f3 a cabo el lanzamiento de una nueva edici\u00f3n de la Fiesta Provincial del Teatro de C\u00f3rdoba, propuesta que cuenta con el apoyo de la Municipalidad a trav\u00e9s de su Secretar\u00eda de Cultura.<\/p>\n<p>Durante cinco d\u00edas consecutivos la ciudad de C\u00f3rdoba ofrecer\u00e1 una programaci\u00f3n en diferentes espacios p\u00fablicos al aire libre y en el centro cultural Alta C\u00f3rdoba y la Casona Municipal.<\/p>\n<p>Del encuentro particip\u00f3 el secretario de Cultura municipal, Mariano Almada junto a Franco Mor\u00e1n, representante provincial del Instituto Nacional de Teatro; el presidente de la Agencia C\u00f3rdoba Cultura, Ra\u00fal Sansica y miembros de la comunidad art\u00edstica e instituciones organizadoras.<\/p>\n<p>En la oportunidad, Almada defini\u00f3 el trabajo con el sector teatral a trav\u00e9s de la cogesti\u00f3n cultural: <em>\u201cNos ayuda que haya una Red de Salas, con permanentes iniciativas para que podamos seguir ampliando el enfoque y trabajar desde las y los espectadores\u201d.<\/em><\/p>\n<p>El funcionario tambi\u00e9n subray\u00f3 la importancia de que sea el segundo a\u00f1o que la ciudad es sede de este evento: <em>\u201cEs una propuesta que tiene que ver con la mirada de nuestro intendente Llaryora al ver la producci\u00f3n cultural y creativa general, y en particular, al teatro local que hoy nos convoca\u201d.<\/em><\/p>\n<p>Dentro del contexto de la Fiesta, el cuerpo art\u00edstico municipal se presentar\u00e1 al aire libre con su obra m\u00e1s reciente \u201cProyecto Tunga\u201d, dirigida por David Picotto. Ser\u00e1 este domingo 16 de abril a las 19.30 hs, en el Paseo Sobremonte (27 de Abril 500).<\/p>\n<p>En el Centro Cultural Alta C\u00f3rdoba se podr\u00e1 disfrutar de la funci\u00f3n de \u201cChiquero. \u00bfPor qu\u00e9 si Dios vive en mis sue\u00f1os siento tanta verg\u00fcenza?, el jueves 20 a las 20 hs, en Rodr\u00edguez Pe\u00f1a 1600.<\/p>\n<p>Por su parte, en la Casona Municipal se realizar\u00e1 \u201cDesmontajes de obras del d\u00eda anterior\u201d a partir de las 10 hs, desde el 18 al 21 de abril (Av. Gral. Paz 395).<\/p>\n<p>Por su parte, R\u00e1ul Sansica, titular de la Agencia C\u00f3rdoba Cultura, resalt\u00f3 que esta Fiesta es un momento oportuno para celebrar el teatro de C\u00f3rdoba, que permite la visibilizaci\u00f3n de las obras a partir del encuentro con los espectadores.<\/p>\n<p>Franco Mor\u00e1n, representante provincial del Instituto Nacional de Teatro (ITN), se\u00f1al\u00f3 la idea de concretar un modelo participativo: <em>\u201cQueremos que esta Fiesta se viva, se sienta y sean protagonista las ciudades de la provincia\u201d.<\/em><\/p>\n<p><strong>Programaci\u00f3n en la ciudad<\/strong><\/p>\n<p>En C\u00f3rdoba ciudad, la programaci\u00f3n incluye 12 obras teatrales y 10 actividades paralelas como desmontajes, obras invitadas, charlas, una variet\u00e9 y m\u00e1s propuestas de entrada gratuita.<\/p>\n<p>Algunos de los t\u00edtulos son: \u201cYo me nazco, relatos de Infancias\u201d, \u201cTemporada de huracanes\u201d, \u201cRaro ser\u00eda no amarte\u201d; \u201cLas brujas de Shakespeare\u201d; \u201cDos se\u00f1oritas Julia en ca\u00edda\u201d; \u201cUn punto azul p\u00e1lido en la oscuridad. Una distop\u00eda cercana\u201d; \u201cAnt\u00edgona de S\u00f3focles\u201d; \u201cNo le pidas todo al se\u00f1or\u201d; \u201cCoriolano a plena luz, un drama ponzo\u00f1oso\u201d; \u201cEl silencio. Palabra- cuerpo\u201d; \u201cChiquero. \u00bfPor qu\u00e9 si Dios vive en mis sue\u00f1os siento tanta verg\u00fcenza?\u201d; y \u201cSin \u00e1nimos de ofender\u201d.<\/p>\n<p>Se podr\u00e1n disfrutar con una entrada accesible de 700 pesos en el Centro Cultural Alta C\u00f3rdoba, Casona Municipal, salas independientes de teatro como La Balsa, Quinto Deva, La Nave Esc\u00e9nica, Cirulaxia, Blick, Medida x Medida, Teatro La Cochera y El Cuenco, entre otras.<\/p>\n<p>El programa tambi\u00e9n se desarrollar\u00e1 en el Teatro Real, Centro Cultural Villa Libertador y m\u00e1s espacios.<\/p>\n<p><strong>Sobre la Fiesta Nacional<\/strong><\/p>\n<p>La Fiesta comienza este viernes 14 y se extiende hasta el 23 de abril en C\u00f3rdoba, R\u00edo Cuarto, Las Varillas y Villa Mar\u00eda, en calidad de cogestoras. General Cabrera y Villa Las Rosas, como localidades invitadas.<\/p>\n<p>Durante 10 d\u00edas subir\u00e1n a escena 30 obras que participan de la instancia competitiva de la cual saldr\u00e1n los representantes de C\u00f3rdoba para la pr\u00f3xima Fiesta Nacional del Teatro. Los elencos que se presentan llegan tras una preselecci\u00f3n realizada por un jurado que convoc\u00f3 obras de toda la provincia.<\/p>\n<p>La Fiesta tiene como objetivo favorecer la participaci\u00f3n de diversas propuestas teatrales y del p\u00fablico de toda la provincia, permitiendo as\u00ed espacios de encuentros y reflexi\u00f3n entre hacedores de las artes esc\u00e9nicas. A su vez, visibilizar las diferentes l\u00edneas de apoyo que desarrolla el Instituto Nacional del Teatro en C\u00f3rdoba.<\/p>\n<p>La actividad es producto del trabajo en cogesti\u00f3n del Instituto Nacional del Teatro junto a la Agencia C\u00f3rdoba Cultura, los municipios de C\u00f3rdoba, R\u00edo Cuarto, Villa Mar\u00eda, Las Varillas, adem\u00e1s del Instituto de Extensi\u00f3n de la Universidad Nacional de Villa Mar\u00eda y la Fundaci\u00f3n Para la Cultura.<\/p>\n","protected":false},"excerpt":{"rendered":"<p>La propuesta cuenta con el apoyo de la Municipalidad de C\u00f3rdoba, con aportes y programaci\u00f3n espec\u00edfica en centros culturales municipales, salas de teatro independiente, el Paseo Sobremonte y otros espacios. En la ciudad se desarrollar\u00e1 la grilla desde el 16 al 20 de abril, que se puede conocer aqu\u00ed Las obras se podr\u00e1n disfrutar con [&hellip;]<\/p>\n","protected":false},"author":1,"featured_media":31141,"comment_status":"closed","ping_status":"closed","sticky":false,"template":"","format":"standard","meta":[],"categories":[14],"tags":[],"_links":{"self":[{"href":"http:\/\/nuevacordoba.net\/index.php\/wp-json\/wp\/v2\/posts\/31140"}],"collection":[{"href":"http:\/\/nuevacordoba.net\/index.php\/wp-json\/wp\/v2\/posts"}],"about":[{"href":"http:\/\/nuevacordoba.net\/index.php\/wp-json\/wp\/v2\/types\/post"}],"author":[{"embeddable":true,"href":"http:\/\/nuevacordoba.net\/index.php\/wp-json\/wp\/v2\/users\/1"}],"replies":[{"embeddable":true,"href":"http:\/\/nuevacordoba.net\/index.php\/wp-json\/wp\/v2\/comments?post=31140"}],"version-history":[{"count":0,"href":"http:\/\/nuevacordoba.net\/index.php\/wp-json\/wp\/v2\/posts\/31140\/revisions"}],"wp:featuredmedia":[{"embeddable":true,"href":"http:\/\/nuevacordoba.net\/index.php\/wp-json\/wp\/v2\/media\/31141"}],"wp:attachment":[{"href":"http:\/\/nuevacordoba.net\/index.php\/wp-json\/wp\/v2\/media?parent=31140"}],"wp:term":[{"taxonomy":"category","embeddable":true,"href":"http:\/\/nuevacordoba.net\/index.php\/wp-json\/wp\/v2\/categories?post=31140"},{"taxonomy":"post_tag","embeddable":true,"href":"http:\/\/nuevacordoba.net\/index.php\/wp-json\/wp\/v2\/tags?post=31140"}],"curies":[{"name":"wp","href":"https:\/\/api.w.org\/{rel}","templated":true}]}}