{"id":3119,"date":"2021-04-12T01:05:46","date_gmt":"2021-04-12T01:05:46","guid":{"rendered":"http:\/\/cordobanewsnet.wordpress.com\/?p=5277"},"modified":"2021-04-12T01:05:46","modified_gmt":"2021-04-12T01:05:46","slug":"fallecio-el-periodista-mauro-viale","status":"publish","type":"post","link":"http:\/\/nuevacordoba.net\/index.php\/2021\/04\/12\/fallecio-el-periodista-mauro-viale\/","title":{"rendered":"Falleci\u00f3 el periodista Mauro Viale"},"content":{"rendered":"<p><!-- \/featured-media --> <\/p>\n<div class=\"post-content clear\" readability=\"44.123376623377\">\n<p>El periodista<strong>&nbsp;Mauro Viale falleci\u00f3 este domingo a la noche con 73 a\u00f1os<\/strong>. El periodista hab\u00eda dado positivo de coronavirus, apenas unos d\u00edas despu\u00e9s de haberse vacunado con la primera dosis.&nbsp;<\/p>\n<p>Viale hab\u00eda sido internado este s\u00e1bado luego de que su cuadro de Covid-19 se haya agravado. Estaba hospitalizado en el Sanatorio Los Arcos y<strong>&nbsp;sufri\u00f3 un paro card\u00edaco<\/strong>&nbsp;en las \u00faltimas horas. Adem\u00e1s, presentaba una neumon\u00eda bilateral.&nbsp;<\/p>\n<p>El conductor de&nbsp;<em>A24<\/em>&nbsp;y<em>&nbsp;Am\u00e9rica<\/em>&nbsp;<strong>hab\u00eda recibido la primera dosis de la vacuna<\/strong>&nbsp;contra la enfermedad el jueves pasado.Dos d\u00edas despu\u00e9s, el s\u00e1bado, se conoci\u00f3 la noticia que hab\u00eda dado positivo tras hisoparse por presentar algunos s\u00edntomas compatibles.<\/p>\n<div id=\"jp-post-flair\" class=\"sharedaddy sd-like-enabled sd-sharing-enabled\">\n<div class=\"sharedaddy sd-sharing-enabled\">\n<div class=\"robots-nocontent sd-block sd-social sd-social-icon-text sd-sharing\">\n<h3 class=\"sd-title\">Share this:<\/h3>\n<\/div>\n<\/div>\n<div class=\"sharedaddy sd-block sd-like jetpack-likes-widget-wrapper jetpack-likes-widget-unloaded\" id=\"like-post-wrapper-143108178-5277-60742f0facb0c\" data-src=\"\/\/widgets.wp.com\/likes\/index.html?ver=20210317#blog_id=143108178&amp;post_id=5277&amp;origin=cordobanewsnet.wordpress.com&amp;obj_id=143108178-5277-60742f0facb0c\" data-name=\"like-post-frame-143108178-5277-60742f0facb0c\">\n<h3 class=\"sd-title\">Me gusta esto:<\/h3>\n<p><span class=\"button\"><span>Me gusta<\/span><\/span> <span class=\"loading\">Cargando&#8230;<\/span><\/p>\n<p><span class=\"sd-text-color\"><\/span><\/div>\n<p><h3 class=\"jp-relatedposts-headline\"><em>Relacionado<\/em><\/h3>\n<\/p>\n<\/div><\/div>\n<p><!--\/.post-content--> <\/p>\n<footer class=\"post-meta-container clear\" readability=\"0.37078651685393\">\n<div class=\"entry-author author-avatar-show\" readability=\"13.114754098361\">\n<div class=\"author-avatar\"> <img loading=\"lazy\" alt src=\"http:\/\/nuevacordoba.net\/wp-content\/uploads\/2021\/04\/fallecio-el-periodista-mauro-viale.png\" class=\"avatar avatar-90\" height=\"90\" width=\"90\"> <\/div>\n<p><!-- .author-avatar --> <\/p>\n<p><h2 class=\"author-title\">Publicado por <span class=\"author-name\">Redacci\u00f3n<\/span><\/h2>\n<\/p>\n<p><!-- .author-heading --> <\/p>\n<p class=\"author-bio\"> <a class=\"author-link\" href=\"https:\/\/cordobanewsnet.wordpress.com\/author\/prettomatias\/\" rel=\"author\"> Ver todas las entradas de Redacci\u00f3n <\/a> <\/p>\n<p><!-- .author-bio --> <\/div>\n<p><!-- .entry-auhtor --> <\/footer>\n<p> <!-- \/post-meta-container --> <!-- #respond --> <\/p>\n","protected":false},"excerpt":{"rendered":"<p>El periodista&nbsp;Mauro Viale falleci\u00f3 este domingo a la noche con 73 a\u00f1os. El periodista hab\u00eda dado positivo de coronavirus, apenas unos d\u00edas despu\u00e9s de haberse vacunado con la primera dosis.&nbsp; Viale hab\u00eda sido internado este s\u00e1bado luego de que su cuadro de Covid-19 se haya agravado. Estaba hospitalizado en el Sanatorio Los Arcos y&nbsp;sufri\u00f3 un [&hellip;]<\/p>\n","protected":false},"author":1,"featured_media":3120,"comment_status":"closed","ping_status":"closed","sticky":false,"template":"","format":"standard","meta":[],"categories":[14],"tags":[],"_links":{"self":[{"href":"http:\/\/nuevacordoba.net\/index.php\/wp-json\/wp\/v2\/posts\/3119"}],"collection":[{"href":"http:\/\/nuevacordoba.net\/index.php\/wp-json\/wp\/v2\/posts"}],"about":[{"href":"http:\/\/nuevacordoba.net\/index.php\/wp-json\/wp\/v2\/types\/post"}],"author":[{"embeddable":true,"href":"http:\/\/nuevacordoba.net\/index.php\/wp-json\/wp\/v2\/users\/1"}],"replies":[{"embeddable":true,"href":"http:\/\/nuevacordoba.net\/index.php\/wp-json\/wp\/v2\/comments?post=3119"}],"version-history":[{"count":0,"href":"http:\/\/nuevacordoba.net\/index.php\/wp-json\/wp\/v2\/posts\/3119\/revisions"}],"wp:featuredmedia":[{"embeddable":true,"href":"http:\/\/nuevacordoba.net\/index.php\/wp-json\/wp\/v2\/media\/3120"}],"wp:attachment":[{"href":"http:\/\/nuevacordoba.net\/index.php\/wp-json\/wp\/v2\/media?parent=3119"}],"wp:term":[{"taxonomy":"category","embeddable":true,"href":"http:\/\/nuevacordoba.net\/index.php\/wp-json\/wp\/v2\/categories?post=3119"},{"taxonomy":"post_tag","embeddable":true,"href":"http:\/\/nuevacordoba.net\/index.php\/wp-json\/wp\/v2\/tags?post=3119"}],"curies":[{"name":"wp","href":"https:\/\/api.w.org\/{rel}","templated":true}]}}