{"id":31228,"date":"2023-04-15T11:56:45","date_gmt":"2023-04-15T11:56:45","guid":{"rendered":"http:\/\/nuevacordoba.net\/index.php\/2023\/04\/15\/paris-saint-germain-con-messi-recibe-a-su-escolta-lens-en-un-partidazo\/"},"modified":"2023-04-15T11:56:45","modified_gmt":"2023-04-15T11:56:45","slug":"paris-saint-germain-con-messi-recibe-a-su-escolta-lens-en-un-partidazo","status":"publish","type":"post","link":"http:\/\/nuevacordoba.net\/index.php\/2023\/04\/15\/paris-saint-germain-con-messi-recibe-a-su-escolta-lens-en-un-partidazo\/","title":{"rendered":"Paris Saint Germain, con Messi, recibe a su escolta Lens en un partidazo"},"content":{"rendered":"<p><head> <meta charset=\"UTF-8\"> <meta http-equiv=\"X-UA-Compatible\" content=\"IE=edge\"> <meta name=\"viewport\" content=\"width=device-width, initial-scale=1.0\"> <link rel=\"preconnect\" href=\"https:\/\/fonts.gstatic.com\"> <link href=\"https:\/\/fonts.googleapis.com\/css2?family=Montserrat:ital,wght@0,100;0,400;0,500;0,600;0,700;0,800;0,900;1,400&amp;display=swap\" rel=\"stylesheet\"> <title>Paris Saint Germain, con Messi, recibe a su escolta Lens en un partidazo<\/title> <link rel=\"canonical\" href=\"https:\/\/www.telam.com.ar\/notas\/202304\/625594-paris-saint-germain-lens-futbol-lionel-messi-ligue-1-francia.html\"> <meta http-equiv=\"Content-Type\" content=\"text\/html; charset=UTF-8\"> <meta http-equiv=\"Content-Language\" content=\"es\"> <meta http-equiv=\"Cache-Control\" content=\"no-cache, no-store, must-revalidate\"> <meta http-equiv=\"Pragma\" content=\"no-cache\"> <meta http-equiv=\"Expires\" content=\"0\"> <meta name=\"LANGUAGE\" content=\"es\"> <meta name=\"robots\" content=\"all\"> <meta name=\"application-name\" content=\"Telam SE\"> <meta name=\"description\" content=\"El l\u00edder del torneo, con el astro capit\u00e1n del seleccionado argentino, y su escolta, con su compatriota Facundo Medina, se enfrentan desde las 16 en el cotejo saliente de este s\u00e1bado por la fecha 31 del torneo galo.\"> <meta name=\"author\" content=\"T\u00c9LAM\"> <meta name=\"copyright\" content=\"T\u00c9LAM SE\"> <meta property=\"og:url\" content=\"https:\/\/www.telam.com.ar\/notas\/202304\/625594-paris-saint-germain-lens-futbol-lionel-messi-ligue-1-francia.html\"> <meta property=\"og:type\" content=\"website\"> <meta property=\"og:title\" content=\"Paris Saint Germain, con Messi, recibe a su escolta Lens en un partidazo\"> <meta property=\"og:description\" content=\"El l\u00edder del torneo, con el astro capit\u00e1n del seleccionado argentino, y su escolta, con su compatriota Facundo Medina, se enfrentan desde las 16 en el cotejo saliente de este s\u00e1bado por la fecha 31 del torneo galo.\"> <meta property=\"og:image\" content=\"https:\/\/www.telam.com.ar\/thumbs\/bluesteel\/advf\/imagenes\/2023\/04\/6431d7278d976_450.jpg\"> <meta property=\"fb:app_id\" content=\"140586622674265\"> <meta property=\"fb:admins\" content> <meta property=\"fb:page_id\" content> <meta property=\"fb:pages\" content=\"161243707242002\"> <meta name=\"twitter:card\" content=\"summary_large_image\"> <meta name=\"twitter:site\" content=\"@agenciatelam\"> <meta name=\"twitter:creator\" content=\"@agenciatelam\"> <meta name=\"twitter:image\" content=\"https:\/\/www.telam.com.ar\/thumbs\/bluesteel\/advf\/imagenes\/2023\/04\/6431d7278d976_450.jpg\"> <meta http-equiv=\"X-UA-Compatible\" content=\"IE=edge\"> <meta name=\"viewport\" content=\"width=device-width, initial-scale=1\"> <meta name=\"theme-color\" content=\"#03469d\"> <meta name=\"msapplication-navbutton-color\" content=\"#03469d\"> <meta name=\"apple-mobile-web-app-status-bar-style\" content=\"black-translucent\"> <meta name=\"apple-mobile-web-app-capable\" content=\"yes\"> <link rel=\"icon\" href=\"https:\/\/www.telam.com.ar\/assets\/skins\/bluesteel\/img\/favicon.ico\" type=\"image\/x-icon\"> <meta name=\"MobileOptimized\" content=\"width\"> <meta name=\"HandheldFriendly\" content=\"true\"> <meta name=\"X-TRACKING-TOKEN\" content=\"da614d8f911c1ca22beaec81075c9f2ae57d0a53\"> <meta name=\"facebook-domain-verification\" content=\"i5urmb48utwl55zru2obz048cgjo9r\"> <meta name=\"X-CSRF-TOKEN\" content=\"bed05daa19908f9f99c22373a5ab1c7a\"> <link href=\"https:\/\/www.telam.com.ar\/ccss\/6f483083e246a1e34234640b8c488fde.css?r=1681558892\" rel=\"stylesheet\" type=\"text\/css\"> <\/head><body class=\"body_note\" id=\"readabilityBody\"> <\/p>\n<div class=\"wrapper-sections\">\n<section id=\"_c4kw0vqy6\" c telam_original=\"_c4kw0vqy6\" telam_content=\"true\" class=\"sec_c4kw0vqy6_ext\">\n<div class=\"container-xl sec_c4kw0vqy6_int\">\n<div class=\"t-blk fix-row-overlay row\">\n<div class=\"col-md-8\">\n<div class=\"row \">\n<div class=\"content_section wrapper-sections py-3\">\n<article class=\"note-content\">\n<div class=\"wrapper-editable-content\">\n<div class=\"wrapper-info-note\">\n<div class=\"col-md-12\">\n<div class=\"wrapper-author-social\">\n<div class=\"author-box mb-4\">\n<div class=\"image\"> <img loading=\"lazy\" src=\"http:\/\/nuevacordoba.net\/wp-content\/uploads\/2023\/04\/paris-saint-germain-con-messi-recibe-a-su-escolta-lens-en-un-partidazo.png\" width=\"450\" height=\"100%\" alt=\"Telam SE\"> <\/div>\n<div class=\"info\">\n<p>15-04-2023 | 07:39<\/p>\n<\/p><\/div><\/div><\/div><\/div><\/div>\n<div>\n<div class=\"wrapper-editable-content\">\n<div>\n<div class=\"container-md\">\n<div class=\"row\">\n<div class=\"col-md-12 speak\">\n<div class=\"paragraph\">\n<figure class=\"mb-3\"><img loading=\"lazy\" data-src=\"http:\/\/nuevacordoba.net\/wp-content\/uploads\/2023\/04\/paris-saint-germain-con-messi-recibe-a-su-escolta-lens-en-un-partidazo.jpg\" src=\"http:\/\/nuevacordoba.net\/wp-content\/uploads\/2023\/04\/paris-saint-germain-con-messi-recibe-a-su-escolta-lens-en-un-partidazo.png\" class=\" lazy \" width=\"100%\" height=\"100%\" alt=\"Foto AFP\"><figcaption> Foto: AFP <\/figcaption><\/figure>\n<\/div><\/div><\/div><\/div><\/div><\/div><\/div>\n<\/div>\n<\/article><\/div><\/div><\/div>\n<div class=\"col-md-4\">\n<div class=\"row\">\n<div class=\"wrapper-mininota pt-4 mt-3\">\n<div class=\"bg-mininota\">\n<h3>Posiciones<\/h3>\n<\/p><\/div><\/div>\n<div class=\"wrapper-mininota pt-4 mt-3\">\n<div class=\"bg-mininota\">\n<h3>Goleadores<\/h3>\n<\/p><\/div><\/div>\n<div class=\"col-md-12 my-4\">\n<div>\n<h4 class=\"module-title pt-2\">Relacionadas<\/h4>\n<\/p><\/div><\/div>\n<div class=\"t-blk mostread col-md-12 pl-3 pr-3\">\n<h3 class=\"module-title\"><span>M\u00e1s le\u00eddas<\/span><\/h3>\n<\/p><\/div>\n<div class=\"t-blk html col-md-12 pl-3 pr-3\">\n<h3 class=\"module-title\"><span>Newsletter<\/span><\/h3>\n<div class=\"content\">\n<div class=\"d-flex justify-content-center\"><a href=\"https:\/\/www.telam.com.ar\/newsletter\"><img class=\"img-fluid\" src=\"http:\/\/nuevacordoba.net\/wp-content\/uploads\/2023\/04\/paris-saint-germain-con-messi-recibe-a-su-escolta-lens-en-un-partidazo-1.jpg\"><\/a><\/div>\n<\/div><\/div><\/div><\/div><\/div><\/div>\n<\/section>\n<section id=\"_p56ukt1hk\" c telam_original=\"_p56ukt1hk\" class=\"sec_p56ukt1hk_ext light\">\n<div class=\"container-xl sec_p56ukt1hk_int\">\n<div class=\"fix-row-overlay col-lg-12 p-0\">\n<div class=\"row\">\n<div class=\"t-blk infinite col-md-12 pl-3 pr-3\">\n<h3 class=\"module-title\"><span>Tambi\u00e9n te puede interesar<\/span><\/h3>\n<\/p><\/div><\/div><\/div><\/div>\n<\/section><\/div>\n<p> <a href=\"javascript:void();\" class=\"sto_page stp\"><i class=\"fas fa-chevron-up\"><\/i><\/a> <\/p>\n<footer> <\/footer>\n<p> <\/body> <static><\/static><\/p>\n","protected":false},"excerpt":{"rendered":"<p>Paris Saint Germain, con Messi, recibe a su escolta Lens en un partidazo 15-04-2023 | 07:39 Foto: AFP Posiciones Goleadores Relacionadas M\u00e1s le\u00eddas Newsletter Tambi\u00e9n te puede interesar<\/p>\n","protected":false},"author":1,"featured_media":31229,"comment_status":"closed","ping_status":"closed","sticky":false,"template":"","format":"standard","meta":[],"categories":[10],"tags":[],"_links":{"self":[{"href":"http:\/\/nuevacordoba.net\/index.php\/wp-json\/wp\/v2\/posts\/31228"}],"collection":[{"href":"http:\/\/nuevacordoba.net\/index.php\/wp-json\/wp\/v2\/posts"}],"about":[{"href":"http:\/\/nuevacordoba.net\/index.php\/wp-json\/wp\/v2\/types\/post"}],"author":[{"embeddable":true,"href":"http:\/\/nuevacordoba.net\/index.php\/wp-json\/wp\/v2\/users\/1"}],"replies":[{"embeddable":true,"href":"http:\/\/nuevacordoba.net\/index.php\/wp-json\/wp\/v2\/comments?post=31228"}],"version-history":[{"count":0,"href":"http:\/\/nuevacordoba.net\/index.php\/wp-json\/wp\/v2\/posts\/31228\/revisions"}],"wp:featuredmedia":[{"embeddable":true,"href":"http:\/\/nuevacordoba.net\/index.php\/wp-json\/wp\/v2\/media\/31229"}],"wp:attachment":[{"href":"http:\/\/nuevacordoba.net\/index.php\/wp-json\/wp\/v2\/media?parent=31228"}],"wp:term":[{"taxonomy":"category","embeddable":true,"href":"http:\/\/nuevacordoba.net\/index.php\/wp-json\/wp\/v2\/categories?post=31228"},{"taxonomy":"post_tag","embeddable":true,"href":"http:\/\/nuevacordoba.net\/index.php\/wp-json\/wp\/v2\/tags?post=31228"}],"curies":[{"name":"wp","href":"https:\/\/api.w.org\/{rel}","templated":true}]}}