{"id":3125,"date":"2021-04-12T22:40:50","date_gmt":"2021-04-12T22:40:50","guid":{"rendered":"http:\/\/www.bbc.com\/mundo\/noticias-america-latina-56715672"},"modified":"2021-04-12T22:40:50","modified_gmt":"2021-04-12T22:40:50","slug":"elecciones-ecuador-2021-4-claves-para-entender-la-derrota-del-correismo","status":"publish","type":"post","link":"http:\/\/nuevacordoba.net\/index.php\/2021\/04\/12\/elecciones-ecuador-2021-4-claves-para-entender-la-derrota-del-correismo\/","title":{"rendered":"Elecciones Ecuador 2021: 4 claves para entender la derrota del corre\u00edsmo"},"content":{"rendered":"<div dir=\"ltr\" class=\"e1j2237y6 bbc-q4ibpr e57qer20\">\n<div class=\"bbc-1atl7vu e1c9i7u14\">\n<ul role=\"list\" class=\"bbc-cdrraw e1c9i7u12\">\n<li role=\"listitem\" class=\"bbc-1a3w4ok e1c9i7u11\">Mat\u00edas Zibell<\/li>\n<li role=\"listitem\" class=\"bbc-1p92jtu e1c9i7u10\">BBC News Mundo, Ecuador<\/li>\n<\/ul>\n<\/div>\n<\/div>\n<p><time datetime=\"2021-04-12\" class=\"bbc-14xtggo e4zesg50\">9 horas<\/time><\/p>\n<div dir=\"ltr\" class=\"bbc-1ka88fa e57qer20\">\n<figure class=\"bbc-1qdcvv9 e6bmn90\">\n<div dir=\"ltr\" class=\"bbc-172p16q e57qer20\">\n<div dir=\"ltr\" class=\"bbc-189y18v e57qer20\" readability=\"6.5\">\n<div data-e2e=\"image-placeholder\" class=\"bbc-1k5hvrj e1whu0\" readability=\"8\"><img srcset=\"http:\/\/nuevacordoba.net\/wp-content\/uploads\/2021\/04\/elecciones-ecuador-2021-4-claves-para-entender-la-derrota-del-correismo-6.jpg 240w, http:\/\/nuevacordoba.net\/wp-content\/uploads\/2021\/04\/elecciones-ecuador-2021-4-claves-para-entender-la-derrota-del-correismo-7.jpg 320w, http:\/\/nuevacordoba.net\/wp-content\/uploads\/2021\/04\/elecciones-ecuador-2021-4-claves-para-entender-la-derrota-del-correismo-8.jpg 480w, http:\/\/nuevacordoba.net\/wp-content\/uploads\/2021\/04\/elecciones-ecuador-2021-4-claves-para-entender-la-derrota-del-correismo-9.jpg 624w, http:\/\/nuevacordoba.net\/wp-content\/uploads\/2021\/04\/elecciones-ecuador-2021-4-claves-para-entender-la-derrota-del-correismo-10.jpg 800w\" alt=\"Rafael Correa\" src=\"http:\/\/nuevacordoba.net\/wp-content\/uploads\/2021\/04\/elecciones-ecuador-2021-4-claves-para-entender-la-derrota-del-correismo.jpg\" width=\"976\" class=\"bbc-fat2bc e1enwo3v0\"><\/p>\n<p role=\"text\" class=\"bbc-1s1cxbv etq3yw90\"><span class=\"bbc-1gnhmg2 e1yt7oin0\">Fuente de la imagen, <\/span><span lang=\"en-GB\">Getty Images<\/span><\/p>\n<\/div>\n<\/div>\n<div dir=\"ltr\" class=\"bbc-3edg7g e57qer20\" readability=\"7.5\"><figcaption dir=\"ltr\" class=\"bbc-1t9zlwf eede9f50\" readability=\"5\"><span class=\"bbc-1gnhmg2 e1yt7oin0\">Pie de foto, <\/span><\/p>\n<p>Rafael Correa, dentro o fuera de la papeleta, protagoniz\u00f3 las ultimas cinco elecciones presidenciales en Ecuador.<\/p>\n<\/figcaption><\/div>\n<\/div>\n<\/figure>\n<\/div>\n<div dir=\"ltr\" class=\"bbc-19j92fr e57qer20\" readability=\"8\">\n<p dir=\"ltr\" class=\"bbc-bm53ic e1cc2ql70\"><b>La victoria de Guillermo Lasso en la segunda vuelta electoral de Ecuador constituye la primera derrota en unos comicios presidenciales del movimiento del exmandatario Rafael Correa en casi 15 a\u00f1os. <\/b><\/p>\n<\/div>\n<div dir=\"ltr\" class=\"bbc-19j92fr e57qer20\" readability=\"13\">\n<p dir=\"ltr\" class=\"bbc-bm53ic e1cc2ql70\">El expresidente ha protagonizado las \u00faltimas cinco elecciones presidenciales, <b>sea dentro o fuera de la papeleta<\/b>, y de su apellido han nacido los sustantivos \u00abcorre\u00edsmo\u00bb y \u00abanticorre\u00edsmo\u00bb, los adjetivos \u00abcorre\u00edsta\u00bb y \u00abanticorre\u00edsta\u00bb, y hasta el verbo \u00abdescorreizar\u00bb. <\/p>\n<\/div>\n<div dir=\"ltr\" class=\"bbc-19j92fr e57qer20\" readability=\"12\">\n<p dir=\"ltr\" class=\"bbc-bm53ic e1cc2ql70\">En octubre de 2006, el economista de entonces 43 a\u00f1os qued\u00f3 segundo en los primeros comicios en los que se present\u00f3, pero derrot\u00f3 al empresario \u00c1lvaro Noboa en la segunda vuelta un mes despu\u00e9s, para comenzar as\u00ed un mandato que durar\u00eda una d\u00e9cada. <\/p>\n<\/div>\n<div dir=\"ltr\" class=\"bbc-19j92fr e57qer20\" readability=\"11\">\n<p dir=\"ltr\" class=\"bbc-bm53ic e1cc2ql70\">En 2008 (tras el cambio de la Constituci\u00f3n) Correa vencer\u00eda en primera vuelta y repetir\u00eda esta victoria en 2013, derrotando en ese momento al banquero <b>Guillermo Lasso<\/b>, en su primer intento por llegar a la presidencia con el movimiento CREO.<\/p>\n<\/div>\n<div dir=\"ltr\" class=\"bbc-19j92fr e57qer20\" readability=\"11\">\n<p dir=\"ltr\" class=\"bbc-bm53ic e1cc2ql70\">Lasso volver\u00eda a ser derrotado en 2017 por Len\u00edn Moreno, el candidato elegido por Correa para perpetuar al corre\u00edsmo en el poder. No corri\u00f3 la misma suerte <b>Andr\u00e9s Arauz<\/b> este 11 de abril, al convertirse en el primer corre\u00edsta en perder unas presidenciales en las urnas. <\/p>\n<\/div>\n<div dir=\"ltr\" class=\"bbc-19j92fr e57qer20\" readability=\"8\">\n<p dir=\"ltr\" class=\"bbc-bm53ic e1cc2ql70\">\u00bfPor qu\u00e9 tuvo lugar esta derrota casi una d\u00e9cada y media despu\u00e9s? BBC Mundo explora cuatro causas que pueden explicar el traspi\u00e9 corre\u00edsta. <\/p>\n<\/div>\n<p><h2 id=\"1-La-figura-de-Correa\" tabindex=\"-1\" class=\"bbc-l3e97o e14hemmw0\">1. La figura de Correa<\/h2>\n<\/p>\n<div dir=\"ltr\" class=\"bbc-19j92fr e57qer20\" readability=\"11\">\n<p dir=\"ltr\" class=\"bbc-bm53ic e1cc2ql70\">\u00abCorrea es la principal fortaleza del corre\u00edsmo, porque sin Correa no hay corre\u00edsmo, pero a la vez es su limitante\u00bb, explica el analista pol\u00edtico Jacobo Garc\u00eda.<\/p>\n<\/div>\n<div dir=\"ltr\" class=\"bbc-19j92fr e57qer20\" readability=\"10\">\n<p dir=\"ltr\" class=\"bbc-bm53ic e1cc2ql70\">\u00abEl corre\u00edsmo nace con Correa y de \u00e9l depende, no viene de antes, es <b>un proyecto muy personalista<\/b> y no muy org\u00e1nico\u00bb.<\/p>\n<\/div>\n<div dir=\"ltr\" class=\"bbc-19j92fr e57qer20\" readability=\"10\">\n<p dir=\"ltr\" class=\"bbc-bm53ic e1cc2ql70\">Para Garc\u00eda el corre\u00edsmo fue muy exitoso para ganar elecciones y para ir al calor de la gesti\u00f3n p\u00fablica, pero fue incapaz de lograr una mayor institucionalizaci\u00f3n como movimiento m\u00e1s all\u00e1 de su l\u00edder. <\/p>\n<\/div>\n<div dir=\"ltr\" class=\"bbc-19j92fr e57qer20\" readability=\"15\">\n<p dir=\"ltr\" class=\"bbc-bm53ic e1cc2ql70\">\u00abCuando todo descansa en un l\u00edder, si no lo suples con alianzas, aperturas, nuevos cuadros, con nuevas cosas que van dando pintura al proyecto, como que todo se queda ah\u00ed; no es f\u00e1cil, pero es la realidad\u00bb.<\/p>\n<\/div>\n<div dir=\"ltr\" class=\"bbc-19j92fr e57qer20\" readability=\"10\">\n<p dir=\"ltr\" class=\"bbc-bm53ic e1cc2ql70\">El analista pol\u00edtico sostiene que la primera transici\u00f3n que intent\u00f3 este movimiento m\u00e1s all\u00e1 de su l\u00edder fue <b>el mandatario saliente Len\u00edn Moreno<\/b> pero fall\u00f3, y eso hizo un da\u00f1o en el corre\u00edsmo que ha llegado hasta hoy. <\/p>\n<\/div>\n<div dir=\"ltr\" class=\"bbc-19j92fr e57qer20\" readability=\"9\">\n<p dir=\"ltr\" class=\"bbc-bm53ic e1cc2ql70\">\u00abY hasta hoy no logran generar una confianza que en el movimiento hay algo m\u00e1s que el liderazgo de Correa y lo que \u00e9l diga o a qui\u00e9n elija\u00bb, se\u00f1al\u00f3 el analista.<\/p>\n<\/div>\n<div dir=\"ltr\" class=\"bbc-1ka88fa e57qer20\">\n<figure class=\"bbc-1qdcvv9 e6bmn90\">\n<div dir=\"ltr\" class=\"bbc-172p16q e57qer20\">\n<div dir=\"ltr\" class=\"bbc-189y18v e57qer20\" readability=\"6.5\">\n<div data-e2e=\"image-placeholder\" class=\"bbc-1k5hvrj e1whu0\" readability=\"8\"><noscript><img srcset=\"http:\/\/nuevacordoba.net\/wp-content\/uploads\/2021\/04\/elecciones-ecuador-2021-4-claves-para-entender-la-derrota-del-correismo-11.jpg 240w, http:\/\/nuevacordoba.net\/wp-content\/uploads\/2021\/04\/elecciones-ecuador-2021-4-claves-para-entender-la-derrota-del-correismo-12.jpg 320w, http:\/\/nuevacordoba.net\/wp-content\/uploads\/2021\/04\/elecciones-ecuador-2021-4-claves-para-entender-la-derrota-del-correismo-13.jpg 480w, http:\/\/nuevacordoba.net\/wp-content\/uploads\/2021\/04\/elecciones-ecuador-2021-4-claves-para-entender-la-derrota-del-correismo-14.jpg 624w, http:\/\/nuevacordoba.net\/wp-content\/uploads\/2021\/04\/elecciones-ecuador-2021-4-claves-para-entender-la-derrota-del-correismo-15.jpg 800w\" alt=\"Len\u00edn Moreno.\" src=\"http:\/\/nuevacordoba.net\/wp-content\/uploads\/2021\/04\/elecciones-ecuador-2021-4-claves-para-entender-la-derrota-del-correismo-1.jpg\" width=\"976\" class=\"bbc-fat2bc e1enwo3v0\"><\/noscript><\/p>\n<p role=\"text\" class=\"bbc-1s1cxbv etq3yw90\"><span class=\"bbc-1gnhmg2 e1yt7oin0\">Fuente de la imagen, <\/span><span lang=\"en-GB\">Getty Images<\/span><\/p>\n<\/div>\n<\/div>\n<div dir=\"ltr\" class=\"bbc-3edg7g e57qer20\" readability=\"6.5\"><figcaption dir=\"ltr\" class=\"bbc-1t9zlwf eede9f50\" readability=\"3\"><span class=\"bbc-1gnhmg2 e1yt7oin0\">Pie de foto, <\/span><\/p>\n<p>Len\u00edn Moreno llev\u00f3 adelante un proceso de \u00abdescorreizaci\u00f3n\u00bb, seg\u00fan los analistas.<\/p>\n<\/figcaption><\/div>\n<\/div>\n<\/figure>\n<\/div>\n<div dir=\"ltr\" class=\"bbc-19j92fr e57qer20\" readability=\"10\">\n<p dir=\"ltr\" class=\"bbc-bm53ic e1cc2ql70\">Antes de la elecci\u00f3n de este domingo, el consultor pol\u00edtico Carlos Ferr\u00edn se\u00f1al\u00f3 a BBC Mundo que la campa\u00f1a de Arauz detect\u00f3 en la segunda vuelta que Correa \u00abera un tipo<b> muy ruidoso<\/b> para los indecisos\u00bb. <\/p>\n<\/div>\n<div dir=\"ltr\" class=\"bbc-19j92fr e57qer20\" readability=\"17\">\n<p dir=\"ltr\" class=\"bbc-bm53ic e1cc2ql70\">\u00abTrataron de esconderlo un poco, pero es imposible esconder a Correa, es como tapar el sol con un dedo, Correa se les escabulle, Correa tiene una cuenta de Twitter, Correa pone videos, Correa termina siendo el tipo inc\u00f3modo de la fiesta que no tiene reparos en decir cualquier cosa y se puede comer la elecci\u00f3n de su candidato\u00bb, dijo Ferr\u00edn. <\/p>\n<\/div>\n<div dir=\"ltr\" class=\"bbc-19j92fr e57qer20\" readability=\"13\">\n<p dir=\"ltr\" class=\"bbc-bm53ic e1cc2ql70\">La tambi\u00e9n consultora pol\u00edtica Wendy Reyes se\u00f1al\u00f3 que en la primera vuelta Arauz necesitaba de Correa, la campa\u00f1a necesitaba identificar a Arauz con Correa para que los corre\u00edstas votaran por Arauz, \u00abpero en la segunda vuelta eso no era necesario, necesitaban desmarcarse del corre\u00edsmo y el anticorre\u00edsmo e ir a enamorar\u00bb. <\/p>\n<\/div>\n<div dir=\"ltr\" class=\"bbc-19j92fr e57qer20\" readability=\"9\">\n<p dir=\"ltr\" class=\"bbc-bm53ic e1cc2ql70\">Reyes coincide que \u00abes dif\u00edcil callar a Correa, porque <b>es uno de esos l\u00edderes que quieres o detestas<\/b>; es lo que significa Donald Trump en Estados Unidos o Hugo Ch\u00e1vez en Venezuela\u00bb. <\/p>\n<\/div>\n<p><h2 id=\"2-Incapacidad-de-aglutinar-a-la-izquierda\" tabindex=\"-1\" class=\"bbc-l3e97o e14hemmw0\">2. Incapacidad de aglutinar a la izquierda<\/h2>\n<\/p>\n<div dir=\"ltr\" class=\"bbc-19j92fr e57qer20\" readability=\"12\">\n<p dir=\"ltr\" class=\"bbc-bm53ic e1cc2ql70\">En la primera vuelta del 7 de febrero, las fuerzas consideradas de izquierda -el corre\u00edsmo (Uni\u00f3n por la Esperanza -UNES-), el brazo pol\u00edtico del movimiento ind\u00edgena (Pachakutik) liderado por <b>Yaku P\u00e9rez<\/b> y la Izquierda Democr\u00e1tica encabezada por Xavier Hervas- obtuvieron casi el 67% de los votos. <\/p>\n<\/div>\n<div dir=\"ltr\" class=\"bbc-19j92fr e57qer20\" readability=\"10\">\n<p dir=\"ltr\" class=\"bbc-bm53ic e1cc2ql70\">\u00bfPor qu\u00e9 el corre\u00edsmo, que en primera vuelta obtuvo el 32% de los sufragios, solo sum\u00f3 15% m\u00e1s en esta segunda vuelta? <\/p>\n<\/div>\n<div dir=\"ltr\" class=\"bbc-19j92fr e57qer20\" readability=\"8\">\n<p dir=\"ltr\" class=\"bbc-bm53ic e1cc2ql70\">Una respuesta es que <b>ninguno de los otros dos l\u00edderes de izquierda llam\u00f3 a votar por el movimiento de Correa. <\/b><\/p>\n<\/div>\n<div dir=\"ltr\" class=\"bbc-19j92fr e57qer20\" readability=\"11\">\n<p dir=\"ltr\" class=\"bbc-bm53ic e1cc2ql70\">Yaku P\u00e9rez y la Confederaci\u00f3n de Nacionalidades Ind\u00edgenas (CONAIE) pidieron a sus electores el voto nulo y, mientras Izquierda Democr\u00e1tica dej\u00f3 en libertad a los suyos, Hervas dijo que \u00e9l votar\u00eda por Lasso. <\/p>\n<\/div>\n<div dir=\"ltr\" class=\"bbc-1ka88fa e57qer20\">\n<figure class=\"bbc-1qdcvv9 e6bmn90\">\n<div dir=\"ltr\" class=\"bbc-172p16q e57qer20\">\n<div dir=\"ltr\" class=\"bbc-189y18v e57qer20\" readability=\"6.5\">\n<div data-e2e=\"image-placeholder\" class=\"bbc-1k5hvrj e1whu0\" readability=\"8\"><noscript><img srcset=\"http:\/\/nuevacordoba.net\/wp-content\/uploads\/2021\/04\/elecciones-ecuador-2021-4-claves-para-entender-la-derrota-del-correismo-16.jpg 240w, http:\/\/nuevacordoba.net\/wp-content\/uploads\/2021\/04\/elecciones-ecuador-2021-4-claves-para-entender-la-derrota-del-correismo-17.jpg 320w, http:\/\/nuevacordoba.net\/wp-content\/uploads\/2021\/04\/elecciones-ecuador-2021-4-claves-para-entender-la-derrota-del-correismo-18.jpg 480w, http:\/\/nuevacordoba.net\/wp-content\/uploads\/2021\/04\/elecciones-ecuador-2021-4-claves-para-entender-la-derrota-del-correismo-19.jpg 624w, http:\/\/nuevacordoba.net\/wp-content\/uploads\/2021\/04\/elecciones-ecuador-2021-4-claves-para-entender-la-derrota-del-correismo-20.jpg 800w\" alt=\"Yaku P\u00e9rez\" src=\"http:\/\/nuevacordoba.net\/wp-content\/uploads\/2021\/04\/elecciones-ecuador-2021-4-claves-para-entender-la-derrota-del-correismo-2.jpg\" width=\"976\" class=\"bbc-fat2bc e1enwo3v0\"><\/noscript><\/p>\n<p role=\"text\" class=\"bbc-1s1cxbv etq3yw90\"><span class=\"bbc-1gnhmg2 e1yt7oin0\">Fuente de la imagen, <\/span><span lang=\"en-GB\">Getty Images<\/span><\/p>\n<\/div>\n<\/div>\n<div dir=\"ltr\" class=\"bbc-3edg7g e57qer20\" readability=\"6\"><figcaption dir=\"ltr\" class=\"bbc-1t9zlwf eede9f50\" readability=\"2\"><span class=\"bbc-1gnhmg2 e1yt7oin0\">Pie de foto, <\/span><\/p>\n<p>Yaku P\u00e9rez llam\u00f3 al voto nulo.<\/p>\n<\/figcaption><\/div>\n<\/div>\n<\/figure>\n<\/div>\n<div dir=\"ltr\" class=\"bbc-19j92fr e57qer20\" readability=\"8\">\n<p dir=\"ltr\" class=\"bbc-bm53ic e1cc2ql70\">BBC Mundo les pregunt\u00f3 a ambos l\u00edderes cu\u00e1l era su opini\u00f3n del corre\u00edsmo. Sus respuestas no dejaron lugar a la duda: <\/p>\n<\/div>\n<div dir=\"ltr\" class=\"bbc-19j92fr e57qer20\" readability=\"14\">\n<p dir=\"ltr\" class=\"bbc-bm53ic e1cc2ql70\">\u00abEl corre\u00edsmo es una tendencia populista que se adorna con un mensaje antiimperialista, pero se arrodilla ante el imperio chino; predica la ecolog\u00eda, pero desangra la Pachamama; dice ser socialista y privatiza puertos, telef\u00f3nicas, campos petroleros y mineros\u00bb, dijo P\u00e9rez. <\/p>\n<\/div>\n<div dir=\"ltr\" class=\"bbc-19j92fr e57qer20\" readability=\"11\">\n<p dir=\"ltr\" class=\"bbc-bm53ic e1cc2ql70\">\u00abEl modelo corre\u00edsta coart\u00f3 las libertades en el pa\u00eds, coopt\u00f3 las diferentes instancias de poder y manej\u00f3 mal los fondos p\u00fablicos; pero lo m\u00e1s preocupante es c\u00f3mo nos dividi\u00f3 con un discurso de fractura y de odio durante pr\u00e1cticamente 14 a\u00f1os\u00bb, a\u00f1adi\u00f3 Hervas.<\/p>\n<\/div>\n<p><h2 id=\"3-La-campa\u00f1a-\" tabindex=\"-1\" class=\"bbc-l3e97o e14hemmw0\">3. La campa\u00f1a <\/h2>\n<\/p>\n<div dir=\"ltr\" class=\"bbc-19j92fr e57qer20\" readability=\"9\">\n<p dir=\"ltr\" class=\"bbc-bm53ic e1cc2ql70\">Seg\u00fan la polit\u00f3loga Ang\u00e9lica Abad, el buen desempe\u00f1o de Hervas y de P\u00e9rez en la primera vuelta fue \u00abun baldazo de agua fr\u00eda\u00bb para los candidatos del corre\u00edsmo y el anticorre\u00edsmo. <\/p>\n<\/div>\n<div dir=\"ltr\" class=\"bbc-1ka88fa e57qer20\">\n<figure class=\"bbc-1qdcvv9 e6bmn90\">\n<div dir=\"ltr\" class=\"bbc-172p16q e57qer20\">\n<div dir=\"ltr\" class=\"bbc-189y18v e57qer20\" readability=\"6.5\">\n<div data-e2e=\"image-placeholder\" class=\"bbc-1k5hvrj e1whu0\" readability=\"8\"><noscript><img srcset=\"http:\/\/nuevacordoba.net\/wp-content\/uploads\/2021\/04\/elecciones-ecuador-2021-4-claves-para-entender-la-derrota-del-correismo-21.jpg 240w, http:\/\/nuevacordoba.net\/wp-content\/uploads\/2021\/04\/elecciones-ecuador-2021-4-claves-para-entender-la-derrota-del-correismo-22.jpg 320w, http:\/\/nuevacordoba.net\/wp-content\/uploads\/2021\/04\/elecciones-ecuador-2021-4-claves-para-entender-la-derrota-del-correismo-23.jpg 480w, http:\/\/nuevacordoba.net\/wp-content\/uploads\/2021\/04\/elecciones-ecuador-2021-4-claves-para-entender-la-derrota-del-correismo-24.jpg 624w, http:\/\/nuevacordoba.net\/wp-content\/uploads\/2021\/04\/elecciones-ecuador-2021-4-claves-para-entender-la-derrota-del-correismo-25.jpg 800w\" alt=\"Guillermo Lasso, tras ganar las elecciones.\" src=\"http:\/\/nuevacordoba.net\/wp-content\/uploads\/2021\/04\/elecciones-ecuador-2021-4-claves-para-entender-la-derrota-del-correismo-3.jpg\" width=\"976\" class=\"bbc-fat2bc e1enwo3v0\"><\/noscript><\/p>\n<p role=\"text\" class=\"bbc-1s1cxbv etq3yw90\"><span class=\"bbc-1gnhmg2 e1yt7oin0\">Fuente de la imagen, <\/span><span lang=\"en-GB\">Getty Images<\/span><\/p>\n<\/div>\n<\/div>\n<div dir=\"ltr\" class=\"bbc-3edg7g e57qer20\" readability=\"7\"><figcaption dir=\"ltr\" class=\"bbc-1t9zlwf eede9f50\" readability=\"4\"><span class=\"bbc-1gnhmg2 e1yt7oin0\">Pie de foto, <\/span><\/p>\n<p>Tras haber perdido dos veces frente al corre\u00edsmo, Guillermo Lasso venci\u00f3 en la segunda vuelta este 11 de abril y ser\u00e1 el pr\u00f3ximo presidente de Ecuador.<\/p>\n<\/figcaption><\/div>\n<\/div>\n<\/figure>\n<\/div>\n<div dir=\"ltr\" class=\"bbc-19j92fr e57qer20\" readability=\"10\">\n<p dir=\"ltr\" class=\"bbc-bm53ic e1cc2ql70\">Esto oblig\u00f3 a los asesores de Arauz y de Lasso a <b>modificar sus estrategias<\/b> para, luego de consolidar los votos obtenidos, ir a la caza de los que no hab\u00edan votado por ellos el 7 de febrero. <\/p>\n<\/div>\n<div dir=\"ltr\" class=\"bbc-19j92fr e57qer20\" readability=\"12\">\n<p dir=\"ltr\" class=\"bbc-bm53ic e1cc2ql70\">\u00abEn la segunda vuelta Arauz trat\u00f3 de encontrar una identidad propia, pero se qued\u00f3 en tratar de identificar a Lasso con el gobierno de Moreno y en decir que es banquero, cuando Lasso ya lleva tres campa\u00f1as presidenciales y todo el mundo sabe que es banquero\u00bb, dice Wendy Reyes a BBC Mundo. <\/p>\n<\/div>\n<div dir=\"ltr\" class=\"bbc-19j92fr e57qer20\" readability=\"12\">\n<p dir=\"ltr\" class=\"bbc-bm53ic e1cc2ql70\">En cambio, a\u00f1ade la consultora, Lasso se desmarc\u00f3 de la pelea pol\u00edtica y convenci\u00f3 m\u00e1s a los votos que se hab\u00edan ido con otras fuerzas pol\u00edticas, \u00abremontando los 13 puntos que le hab\u00eda sacado Arauz en la primera vuelta\u00bb. <\/p>\n<\/div>\n<div dir=\"ltr\" class=\"bbc-19j92fr e57qer20\" readability=\"7\">\n<p dir=\"ltr\" class=\"bbc-bm53ic e1cc2ql70\">Jacobo Garc\u00eda coincide en que<b> la campa\u00f1a de Lasso fue m\u00e1s efectiva<\/b>. <\/p>\n<\/div>\n<div dir=\"ltr\" class=\"bbc-19j92fr e57qer20\" readability=\"13\">\n<p dir=\"ltr\" class=\"bbc-bm53ic e1cc2ql70\">\u00abEn un pa\u00eds fragmentado, donde no hay un camino claro para salir del atolladero, el que logr\u00f3 pegar pedacitos del cristal roto fue Lasso con su lema de &#8216;El Ecuador del encuentro&#8217;; no es un tema muy profundo e ideol\u00f3gico, es m\u00e1s pospol\u00edtico, m\u00e1s buena onda\u00bb. <\/p>\n<\/div>\n<p><h2 id=\"4-Un-contexto-de-crisis\" tabindex=\"-1\" class=\"bbc-l3e97o e14hemmw0\">4. Un contexto de crisis<\/h2>\n<\/p>\n<div dir=\"ltr\" class=\"bbc-19j92fr e57qer20\" readability=\"11\">\n<p dir=\"ltr\" class=\"bbc-bm53ic e1cc2ql70\">Para consultora pol\u00edtica Wendy Reyes, el corre\u00edsmo y el anticorre\u00edsmo, como voto ideol\u00f3gico, no influy\u00f3 tanto en el resultado final como el contexto.<\/p>\n<\/div>\n<div dir=\"ltr\" class=\"bbc-1ka88fa e57qer20\">\n<figure class=\"bbc-1qdcvv9 e6bmn90\">\n<div dir=\"ltr\" class=\"bbc-172p16q e57qer20\">\n<div dir=\"ltr\" class=\"bbc-189y18v e57qer20\" readability=\"6.5\">\n<div data-e2e=\"image-placeholder\" class=\"bbc-1k5hvrj e1whu0\" readability=\"8\"><noscript><img srcset=\"http:\/\/nuevacordoba.net\/wp-content\/uploads\/2021\/04\/elecciones-ecuador-2021-4-claves-para-entender-la-derrota-del-correismo-26.jpg 240w, http:\/\/nuevacordoba.net\/wp-content\/uploads\/2021\/04\/elecciones-ecuador-2021-4-claves-para-entender-la-derrota-del-correismo-27.jpg 320w, http:\/\/nuevacordoba.net\/wp-content\/uploads\/2021\/04\/elecciones-ecuador-2021-4-claves-para-entender-la-derrota-del-correismo-28.jpg 480w, http:\/\/nuevacordoba.net\/wp-content\/uploads\/2021\/04\/elecciones-ecuador-2021-4-claves-para-entender-la-derrota-del-correismo-29.jpg 624w, http:\/\/nuevacordoba.net\/wp-content\/uploads\/2021\/04\/elecciones-ecuador-2021-4-claves-para-entender-la-derrota-del-correismo-30.jpg 800w\" alt=\"Andr\u00e9s Arauz\" src=\"http:\/\/nuevacordoba.net\/wp-content\/uploads\/2021\/04\/elecciones-ecuador-2021-4-claves-para-entender-la-derrota-del-correismo-4.jpg\" width=\"976\" class=\"bbc-fat2bc e1enwo3v0\"><\/noscript><\/p>\n<p role=\"text\" class=\"bbc-1s1cxbv etq3yw90\"><span class=\"bbc-1gnhmg2 e1yt7oin0\">Fuente de la imagen, <\/span><span lang=\"en-GB\">Getty Images<\/span><\/p>\n<\/div>\n<\/div>\n<div dir=\"ltr\" class=\"bbc-3edg7g e57qer20\" readability=\"7\"><figcaption dir=\"ltr\" class=\"bbc-1t9zlwf eede9f50\" readability=\"4\"><span class=\"bbc-1gnhmg2 e1yt7oin0\">Pie de foto, <\/span><\/p>\n<p>Andr\u00e9s Arauz, candidato del corre\u00edsmo, perdi\u00f3 en la segunda vuelta frente a Guillermo Lasso.<\/p>\n<\/figcaption><\/div>\n<\/div>\n<\/figure>\n<\/div>\n<div dir=\"ltr\" class=\"bbc-19j92fr e57qer20\" readability=\"8\">\n<p dir=\"ltr\" class=\"bbc-bm53ic e1cc2ql70\">La profesora de la Universidad George Washington destac\u00f3 que el pa\u00eds est\u00e1 inmerso en <b>tres crisis<\/b>: <\/p>\n<\/div>\n<div dir=\"ltr\" class=\"bbc-19j92fr e57qer20\" readability=\"15\">\n<p dir=\"ltr\" class=\"bbc-bm53ic e1cc2ql70\">\u00abUna crisis <b>sanitaria<\/b>, de las peores en Am\u00e9rica Latina por la pandemia; una <b>econ\u00f3mica<\/b>, con un aumento del desempleo y casi seis millones m\u00e1s de pobres, y una <b>de gobernanza<\/b>, con un gobierno (de Len\u00edn Moreno) que no llega al 10% de credibilidad\u00bb, le dijo Reyes a BBC Mundo tras la victoria de Lasso.<\/p>\n<\/div>\n<div dir=\"ltr\" class=\"bbc-19j92fr e57qer20\" readability=\"10\">\n<p dir=\"ltr\" class=\"bbc-bm53ic e1cc2ql70\">Por eso, Aunque Ecuador se caracteriz\u00f3 a fines del siglo XX y comienzos de este siglo por su inestabilidad pol\u00edtica, pocos escenarios pueden ser tan adversos como el actual. <\/p>\n<\/div>\n<div dir=\"ltr\" class=\"bbc-19j92fr e57qer20\" readability=\"11\">\n<p dir=\"ltr\" class=\"bbc-bm53ic e1cc2ql70\">\u00abNo fue un voto ideol\u00f3gico sino emocional: esto de qu\u00e9 tipo de sistema quieres, la banca o el Estado, se debate en la Academia; al ecuatoriano -en momentos en que la salud y la econom\u00eda est\u00e1n en juego- lo que le importa es qui\u00e9n le va a resolver los problemas\u00bb. <\/p>\n<\/div>\n<div dir=\"ltr\" class=\"bbc-19j92fr e57qer20\" readability=\"10\">\n<p dir=\"ltr\" class=\"bbc-bm53ic e1cc2ql70\">Como le dijo antes de la segunda vuelta a BBC Mundo el analista Pedro Donoso, nunca ha existido tal nivel de pesimismo entre los ecuatorianos \u00aby el pesimismo es una cancha donde todo puede sembrarse\u00bb. <\/p>\n<\/div>\n<div dir=\"ltr\" class=\"bbc-1ka88fa e57qer20\">\n<figure class=\"bbc-1qdcvv9 e6bmn90\">\n<div dir=\"ltr\" class=\"bbc-172p16q e57qer20\">\n<div dir=\"ltr\" class=\"bbc-189y18v e57qer20\">\n<div data-e2e=\"image-placeholder\" class=\"bbc-367mqz e1whu0\"><noscript><img srcset=\"http:\/\/nuevacordoba.net\/wp-content\/uploads\/2021\/04\/elecciones-ecuador-2021-4-claves-para-entender-la-derrota-del-correismo-31.jpg 240w, http:\/\/nuevacordoba.net\/wp-content\/uploads\/2021\/04\/elecciones-ecuador-2021-4-claves-para-entender-la-derrota-del-correismo-32.jpg 320w, http:\/\/nuevacordoba.net\/wp-content\/uploads\/2021\/04\/elecciones-ecuador-2021-4-claves-para-entender-la-derrota-del-correismo-33.jpg 464w\" alt=\"L\u00ednea\" src=\"http:\/\/nuevacordoba.net\/wp-content\/uploads\/2021\/04\/elecciones-ecuador-2021-4-claves-para-entender-la-derrota-del-correismo-5.jpg\" width=\"464\" class=\"bbc-fat2bc e1enwo3v0\"><\/noscript><\/div>\n<\/div>\n<\/div>\n<\/figure>\n<\/div>\n<div dir=\"ltr\" class=\"bbc-19j92fr e57qer20\" readability=\"8\">\n<p dir=\"ltr\" class=\"bbc-bm53ic e1cc2ql70\"><i class=\"bbc-h1y5j7 ewc4zcb0\">Ahora puedes recibir notificaciones de BBC Mundo. Descarga la nueva versi\u00f3n de nuestra app y act\u00edvalas para no perderte nuestro mejor contenido.<\/i><\/p>\n<\/div>\n","protected":false},"excerpt":{"rendered":"<p>Mat\u00edas Zibell BBC News Mundo, Ecuador 9 horas Fuente de la imagen, Getty Images Pie de foto, Rafael Correa, dentro o fuera de la papeleta, protagoniz\u00f3 las ultimas cinco elecciones presidenciales en Ecuador. La victoria de Guillermo Lasso en la segunda vuelta electoral de Ecuador constituye la primera derrota en unos comicios presidenciales del movimiento [&hellip;]<\/p>\n","protected":false},"author":1,"featured_media":3126,"comment_status":"closed","ping_status":"closed","sticky":false,"template":"","format":"standard","meta":[],"categories":[13],"tags":[],"_links":{"self":[{"href":"http:\/\/nuevacordoba.net\/index.php\/wp-json\/wp\/v2\/posts\/3125"}],"collection":[{"href":"http:\/\/nuevacordoba.net\/index.php\/wp-json\/wp\/v2\/posts"}],"about":[{"href":"http:\/\/nuevacordoba.net\/index.php\/wp-json\/wp\/v2\/types\/post"}],"author":[{"embeddable":true,"href":"http:\/\/nuevacordoba.net\/index.php\/wp-json\/wp\/v2\/users\/1"}],"replies":[{"embeddable":true,"href":"http:\/\/nuevacordoba.net\/index.php\/wp-json\/wp\/v2\/comments?post=3125"}],"version-history":[{"count":0,"href":"http:\/\/nuevacordoba.net\/index.php\/wp-json\/wp\/v2\/posts\/3125\/revisions"}],"wp:featuredmedia":[{"embeddable":true,"href":"http:\/\/nuevacordoba.net\/index.php\/wp-json\/wp\/v2\/media\/3126"}],"wp:attachment":[{"href":"http:\/\/nuevacordoba.net\/index.php\/wp-json\/wp\/v2\/media?parent=3125"}],"wp:term":[{"taxonomy":"category","embeddable":true,"href":"http:\/\/nuevacordoba.net\/index.php\/wp-json\/wp\/v2\/categories?post=3125"},{"taxonomy":"post_tag","embeddable":true,"href":"http:\/\/nuevacordoba.net\/index.php\/wp-json\/wp\/v2\/tags?post=3125"}],"curies":[{"name":"wp","href":"https:\/\/api.w.org\/{rel}","templated":true}]}}