{"id":31250,"date":"2023-04-15T13:40:06","date_gmt":"2023-04-15T13:40:06","guid":{"rendered":"http:\/\/cordobanewsnet.wordpress.com\/2023\/04\/15\/rige-el-aumento-del-4-en-los-combustibles\/"},"modified":"2023-04-15T13:40:06","modified_gmt":"2023-04-15T13:40:06","slug":"rige-el-aumento-del-4-en-los-combustibles","status":"publish","type":"post","link":"http:\/\/nuevacordoba.net\/index.php\/2023\/04\/15\/rige-el-aumento-del-4-en-los-combustibles\/","title":{"rendered":"Rige el aumento del 4% en los combustibles"},"content":{"rendered":"<p><!-- \/featured-media --> <\/p>\n<div class=\"post-content clear\" readability=\"47.933236574746\">\n<p>A partir de este s\u00e1bado, los precios de los combustibles volver\u00e1n a subir un 4%, seg\u00fan acord\u00f3 la industria nuevamente con el Ministerio de Econom\u00eda, en el marco de un nuevo programa de Precios Justos.<\/p>\n<p>Id\u00e9ntico porcentaje de aumento se ir\u00e1 aplicando todos los meses entre mayo y agosto.<\/p>\n<figure class=\"wp-block-image size-large\"><img data-attachment-id=\"7903\" data-permalink=\"https:\/\/cordobanewsnet.wordpress.com\/2023\/04\/15\/rige-el-aumento-del-4-en-los-combustibles\/img_6009\/\" data-orig-file=\"http:\/\/nuevacordoba.net\/wp-content\/uploads\/2023\/04\/rige-el-aumento-del-4-en-los-combustibles-2.jpg\" data-orig-size=\"290,174\" data-comments-opened=\"1\" data-image-meta=\"{&quot;aperture&quot;:&quot;0&quot;,&quot;credit&quot;:&quot;&quot;,&quot;camera&quot;:&quot;&quot;,&quot;caption&quot;:&quot;&quot;,&quot;created_timestamp&quot;:&quot;0&quot;,&quot;copyright&quot;:&quot;&quot;,&quot;focal_length&quot;:&quot;0&quot;,&quot;iso&quot;:&quot;0&quot;,&quot;shutter_speed&quot;:&quot;0&quot;,&quot;title&quot;:&quot;&quot;,&quot;orientation&quot;:&quot;1&quot;}\" data-image-title=\"img_6009\" data-image-description data-image-caption data-medium-file=\"http:\/\/nuevacordoba.net\/wp-content\/uploads\/2023\/04\/rige-el-aumento-del-4-en-los-combustibles.jpg\" data-large-file=\"http:\/\/nuevacordoba.net\/wp-content\/uploads\/2023\/04\/rige-el-aumento-del-4-en-los-combustibles.jpg\" src=\"http:\/\/nuevacordoba.net\/wp-content\/uploads\/2023\/04\/rige-el-aumento-del-4-en-los-combustibles.jpg\" class=\"wp-image-7903\" srcset=\"http:\/\/nuevacordoba.net\/wp-content\/uploads\/2023\/04\/rige-el-aumento-del-4-en-los-combustibles-2.jpg 290w, http:\/\/nuevacordoba.net\/wp-content\/uploads\/2023\/04\/rige-el-aumento-del-4-en-los-combustibles-2.jpg?w=150 150w\" sizes=\"(max-width: 290px) 100vw, 290px\"><\/figure>\n<p>Hoy por la tarde se reunieron en el Palacio de Hacienda los referentes de YPF, Raizen (a cargo de las estaciones de servicio Shell), Axion (de la familia Bulgheroni) y Trafigura (Puma Energy, con la secretaria de Energ\u00eda, Flavia Roy\u00f3n, y con su par de Comercio, Mat\u00edas Tombolini.<\/p>\n<div class=\"wordads-ad-wrapper\">\n<div class=\"wordads-ad\">\n<p>Anuncio publicitario<\/p>\n<p><span onclick=\"javascript:__tcfapi( 'showUi' );\">Ajustes de privacidad<\/span><\/p>\n<\/div>\n<\/div>\n<div id=\"jp-post-flair\" class=\"sharedaddy sd-like-enabled sd-sharing-enabled\">\n<div class=\"sharedaddy sd-sharing-enabled\">\n<div class=\"robots-nocontent sd-block sd-social sd-social-icon-text sd-sharing\">\n<h3 class=\"sd-title\">Share this:<\/h3>\n<\/div>\n<\/div>\n<div class=\"sharedaddy sd-block sd-like jetpack-likes-widget-wrapper jetpack-likes-widget-unloaded\" id=\"like-post-wrapper-143108178-7904-643adb9991043\" data-src=\"\/\/widgets.wp.com\/likes\/index.html?ver=20230309#blog_id=143108178&amp;post_id=7904&amp;origin=cordobanewsnet.wordpress.com&amp;obj_id=143108178-7904-643adb9991043\" data-name=\"like-post-frame-143108178-7904-643adb9991043\" data-title=\"Me gusta o Compartir\">\n<h3 class=\"sd-title\">Me gusta esto:<\/h3>\n<p><span class=\"button\"><span>Me gusta<\/span><\/span> <span class=\"loading\">Cargando&#8230;<\/span><\/p>\n<p><span class=\"sd-text-color\"><\/span><\/div>\n<p><h3 class=\"jp-relatedposts-headline\"><em>Relacionado<\/em><\/h3>\n<\/p>\n<\/div><\/div>\n<p><!--\/.post-content--> <\/p>\n<footer class=\"post-meta-container clear\" readability=\"0.82208588957055\">\n<div class=\"entry-author author-avatar-show\" readability=\"14.031746031746\">\n<div class=\"author-avatar\"> <img loading=\"lazy\" alt src=\"http:\/\/nuevacordoba.net\/wp-content\/uploads\/2023\/04\/rige-el-aumento-del-4-en-los-combustibles-1.jpg\" class=\"avatar avatar-90\" height=\"90\" width=\"90\"> <\/div>\n<p><!-- .author-avatar --> <\/p>\n<p><h2 class=\"author-title\">Publicado por <span class=\"author-name\">angelaponso<\/span><\/h2>\n<\/p>\n<p><!-- .author-heading --> <\/p>\n<p class=\"author-bio\"> <a class=\"author-link\" href=\"https:\/\/cordobanewsnet.wordpress.com\/author\/angelaponso\/\" rel=\"author\"> Ver todas las entradas de angelaponso <\/a> <\/p>\n<p><!-- .author-bio --> <\/div>\n<p><!-- .entry-auhtor --> <\/footer>\n<p> <!-- \/post-meta-container --> <!-- #respond --> <\/p>\n","protected":false},"excerpt":{"rendered":"<p>A partir de este s\u00e1bado, los precios de los combustibles volver\u00e1n a subir un 4%, seg\u00fan acord\u00f3 la industria nuevamente con el Ministerio de Econom\u00eda, en el marco de un nuevo programa de Precios Justos. Id\u00e9ntico porcentaje de aumento se ir\u00e1 aplicando todos los meses entre mayo y agosto. Hoy por la tarde se reunieron [&hellip;]<\/p>\n","protected":false},"author":1,"featured_media":31251,"comment_status":"closed","ping_status":"closed","sticky":false,"template":"","format":"standard","meta":[],"categories":[14],"tags":[],"_links":{"self":[{"href":"http:\/\/nuevacordoba.net\/index.php\/wp-json\/wp\/v2\/posts\/31250"}],"collection":[{"href":"http:\/\/nuevacordoba.net\/index.php\/wp-json\/wp\/v2\/posts"}],"about":[{"href":"http:\/\/nuevacordoba.net\/index.php\/wp-json\/wp\/v2\/types\/post"}],"author":[{"embeddable":true,"href":"http:\/\/nuevacordoba.net\/index.php\/wp-json\/wp\/v2\/users\/1"}],"replies":[{"embeddable":true,"href":"http:\/\/nuevacordoba.net\/index.php\/wp-json\/wp\/v2\/comments?post=31250"}],"version-history":[{"count":0,"href":"http:\/\/nuevacordoba.net\/index.php\/wp-json\/wp\/v2\/posts\/31250\/revisions"}],"wp:featuredmedia":[{"embeddable":true,"href":"http:\/\/nuevacordoba.net\/index.php\/wp-json\/wp\/v2\/media\/31251"}],"wp:attachment":[{"href":"http:\/\/nuevacordoba.net\/index.php\/wp-json\/wp\/v2\/media?parent=31250"}],"wp:term":[{"taxonomy":"category","embeddable":true,"href":"http:\/\/nuevacordoba.net\/index.php\/wp-json\/wp\/v2\/categories?post=31250"},{"taxonomy":"post_tag","embeddable":true,"href":"http:\/\/nuevacordoba.net\/index.php\/wp-json\/wp\/v2\/tags?post=31250"}],"curies":[{"name":"wp","href":"https:\/\/api.w.org\/{rel}","templated":true}]}}