{"id":31282,"date":"2023-04-16T16:31:24","date_gmt":"2023-04-16T16:31:24","guid":{"rendered":"http:\/\/cordobanewsnet.wordpress.com\/2023\/04\/16\/domingo-nuboso-y-maxima-de-21-en-cordoba\/"},"modified":"2023-04-16T16:31:24","modified_gmt":"2023-04-16T16:31:24","slug":"domingo-nuboso-y-maxima-de-21-en-cordoba","status":"publish","type":"post","link":"http:\/\/nuevacordoba.net\/index.php\/2023\/04\/16\/domingo-nuboso-y-maxima-de-21-en-cordoba\/","title":{"rendered":"Domingo nuboso y m\u00e1xima de 21\u00b0 en C\u00f3rdoba"},"content":{"rendered":"<p><!-- \/featured-media --> <\/p>\n<div class=\"post-content clear\" readability=\"43.269230769231\">\n<p>Luego de una semana que inici\u00f3 con temperaturas c\u00e1lidas, cuyas m\u00e1ximas han alcanzado los 32\u00b0 el lunes y el martes, desde el mi\u00e9rcoles ingres\u00f3 un frente de aire fr\u00edo a la provincia de <a href=\"https:\/\/www.cadena3.com\/pagina\/tag\/?q=C%C3%B3rdoba\">C\u00f3rdoba<\/a> que redujeron la temperatura m\u00e1xima a 15\u00b0 el viernes.<\/p>\n<figure class=\"wp-block-image size-large\"><img data-attachment-id=\"7905\" data-permalink=\"https:\/\/cordobanewsnet.wordpress.com\/2023\/04\/16\/domingo-nuboso-y-maxima-de-21-en-cordoba\/img_6035\/\" data-orig-file=\"http:\/\/nuevacordoba.net\/wp-content\/uploads\/2023\/04\/domingo-nuboso-y-maxima-de-21-en-cordoba-2.jpg\" data-orig-size=\"600,365\" data-comments-opened=\"1\" data-image-meta=\"{&quot;aperture&quot;:&quot;0&quot;,&quot;credit&quot;:&quot;&quot;,&quot;camera&quot;:&quot;&quot;,&quot;caption&quot;:&quot;&quot;,&quot;created_timestamp&quot;:&quot;0&quot;,&quot;copyright&quot;:&quot;&quot;,&quot;focal_length&quot;:&quot;0&quot;,&quot;iso&quot;:&quot;0&quot;,&quot;shutter_speed&quot;:&quot;0&quot;,&quot;title&quot;:&quot;&quot;,&quot;orientation&quot;:&quot;1&quot;}\" data-image-title=\"img_6035\" data-image-description data-image-caption data-medium-file=\"http:\/\/nuevacordoba.net\/wp-content\/uploads\/2023\/04\/domingo-nuboso-y-maxima-de-21-en-cordoba-2.jpg?w=300\" data-large-file=\"http:\/\/nuevacordoba.net\/wp-content\/uploads\/2023\/04\/domingo-nuboso-y-maxima-de-21-en-cordoba.jpg\" src=\"http:\/\/nuevacordoba.net\/wp-content\/uploads\/2023\/04\/domingo-nuboso-y-maxima-de-21-en-cordoba.jpg\" class=\"wp-image-7905\" srcset=\"http:\/\/nuevacordoba.net\/wp-content\/uploads\/2023\/04\/domingo-nuboso-y-maxima-de-21-en-cordoba-2.jpg 600w, http:\/\/nuevacordoba.net\/wp-content\/uploads\/2023\/04\/domingo-nuboso-y-maxima-de-21-en-cordoba-2.jpg?w=150 150w, http:\/\/nuevacordoba.net\/wp-content\/uploads\/2023\/04\/domingo-nuboso-y-maxima-de-21-en-cordoba-2.jpg?w=300 300w\" sizes=\"(max-width: 600px) 100vw, 600px\"><\/figure>\n<p>Para esta semana que inicia, seg\u00fan inform\u00f3 el Servicio Meteorol\u00f3gico Nacional (<a href=\"https:\/\/www.cadena3.com\/pagina\/tag\/?q=SMN\">SMN<\/a>), podr\u00eda haber algunas lluvias aisladas en la ciudad de C\u00f3rdoba, con leves mejoramientos hacia el lunes, aunque nuevamente hacia la noche y madrugada del martes podr\u00edan registrarse algunas lluvias y tormentas aisladas.<\/p>\n<div class=\"wordads-ad-wrapper\">\n<div class=\"wordads-ad\">\n<p>Anuncio publicitario<\/p>\n<p><span onclick=\"javascript:__tcfapi( 'showUi' );\">Ajustes de privacidad<\/span><\/p>\n<\/div>\n<\/div>\n<div id=\"jp-post-flair\" class=\"sharedaddy sd-like-enabled sd-sharing-enabled\">\n<div class=\"sharedaddy sd-sharing-enabled\">\n<div class=\"robots-nocontent sd-block sd-social sd-social-icon-text sd-sharing\">\n<h3 class=\"sd-title\">Share this:<\/h3>\n<\/div>\n<\/div>\n<div class=\"sharedaddy sd-block sd-like jetpack-likes-widget-wrapper jetpack-likes-widget-unloaded\" id=\"like-post-wrapper-143108178-7906-643ca747cce7a\" data-src=\"\/\/widgets.wp.com\/likes\/index.html?ver=20230309#blog_id=143108178&amp;post_id=7906&amp;origin=cordobanewsnet.wordpress.com&amp;obj_id=143108178-7906-643ca747cce7a\" data-name=\"like-post-frame-143108178-7906-643ca747cce7a\" data-title=\"Me gusta o Compartir\">\n<h3 class=\"sd-title\">Me gusta esto:<\/h3>\n<p><span class=\"button\"><span>Me gusta<\/span><\/span> <span class=\"loading\">Cargando&#8230;<\/span><\/p>\n<p><span class=\"sd-text-color\"><\/span><\/div>\n<p><h3 class=\"jp-relatedposts-headline\"><em>Relacionado<\/em><\/h3>\n<\/p>\n<\/div><\/div>\n<p><!--\/.post-content--> <\/p>\n<footer class=\"post-meta-container clear\" readability=\"0.8375\">\n<div class=\"entry-author author-avatar-show\" readability=\"14.031746031746\">\n<div class=\"author-avatar\"> <img loading=\"lazy\" alt src=\"http:\/\/nuevacordoba.net\/wp-content\/uploads\/2023\/04\/domingo-nuboso-y-maxima-de-21-en-cordoba-1.jpg\" class=\"avatar avatar-90\" height=\"90\" width=\"90\"> <\/div>\n<p><!-- .author-avatar --> <\/p>\n<p><h2 class=\"author-title\">Publicado por <span class=\"author-name\">angelaponso<\/span><\/h2>\n<\/p>\n<p><!-- .author-heading --> <\/p>\n<p class=\"author-bio\"> <a class=\"author-link\" href=\"https:\/\/cordobanewsnet.wordpress.com\/author\/angelaponso\/\" rel=\"author\"> Ver todas las entradas de angelaponso <\/a> <\/p>\n<p><!-- .author-bio --> <\/div>\n<p><!-- .entry-auhtor --> <\/footer>\n<p> <!-- \/post-meta-container --> <!-- #respond --> <\/p>\n","protected":false},"excerpt":{"rendered":"<p>Luego de una semana que inici\u00f3 con temperaturas c\u00e1lidas, cuyas m\u00e1ximas han alcanzado los 32\u00b0 el lunes y el martes, desde el mi\u00e9rcoles ingres\u00f3 un frente de aire fr\u00edo a la provincia de C\u00f3rdoba que redujeron la temperatura m\u00e1xima a 15\u00b0 el viernes. Para esta semana que inicia, seg\u00fan inform\u00f3 el Servicio Meteorol\u00f3gico Nacional (SMN), [&hellip;]<\/p>\n","protected":false},"author":1,"featured_media":31283,"comment_status":"closed","ping_status":"closed","sticky":false,"template":"","format":"standard","meta":[],"categories":[14],"tags":[],"_links":{"self":[{"href":"http:\/\/nuevacordoba.net\/index.php\/wp-json\/wp\/v2\/posts\/31282"}],"collection":[{"href":"http:\/\/nuevacordoba.net\/index.php\/wp-json\/wp\/v2\/posts"}],"about":[{"href":"http:\/\/nuevacordoba.net\/index.php\/wp-json\/wp\/v2\/types\/post"}],"author":[{"embeddable":true,"href":"http:\/\/nuevacordoba.net\/index.php\/wp-json\/wp\/v2\/users\/1"}],"replies":[{"embeddable":true,"href":"http:\/\/nuevacordoba.net\/index.php\/wp-json\/wp\/v2\/comments?post=31282"}],"version-history":[{"count":0,"href":"http:\/\/nuevacordoba.net\/index.php\/wp-json\/wp\/v2\/posts\/31282\/revisions"}],"wp:featuredmedia":[{"embeddable":true,"href":"http:\/\/nuevacordoba.net\/index.php\/wp-json\/wp\/v2\/media\/31283"}],"wp:attachment":[{"href":"http:\/\/nuevacordoba.net\/index.php\/wp-json\/wp\/v2\/media?parent=31282"}],"wp:term":[{"taxonomy":"category","embeddable":true,"href":"http:\/\/nuevacordoba.net\/index.php\/wp-json\/wp\/v2\/categories?post=31282"},{"taxonomy":"post_tag","embeddable":true,"href":"http:\/\/nuevacordoba.net\/index.php\/wp-json\/wp\/v2\/tags?post=31282"}],"curies":[{"name":"wp","href":"https:\/\/api.w.org\/{rel}","templated":true}]}}