{"id":31293,"date":"2023-04-17T12:05:40","date_gmt":"2023-04-17T12:05:40","guid":{"rendered":"http:\/\/nuevacordoba.net\/index.php\/2023\/04\/17\/massa-y-tapia-anuncian-que-la-argentina-realizara-el-mundial-sub-20-de-futbol\/"},"modified":"2023-04-17T12:05:40","modified_gmt":"2023-04-17T12:05:40","slug":"massa-y-tapia-anuncian-que-la-argentina-realizara-el-mundial-sub-20-de-futbol","status":"publish","type":"post","link":"http:\/\/nuevacordoba.net\/index.php\/2023\/04\/17\/massa-y-tapia-anuncian-que-la-argentina-realizara-el-mundial-sub-20-de-futbol\/","title":{"rendered":"Massa y Tapia anuncian que la Argentina realizar\u00e1 el Mundial Sub 20 de f\u00fatbol"},"content":{"rendered":"<figure class=\"mb-3\"><img loading=\"lazy\" data-src=\"http:\/\/nuevacordoba.net\/wp-content\/uploads\/2023\/04\/massa-y-tapia-anuncian-que-la-argentina-realizara-el-mundial-sub-20-de-futbol.jpg\" src=\"https:\/\/www.telam.com.ar\/assets\/img\/not_image.png\" class=\" lazy \" width=\"100%\" height=\"100%\" alt=\"Massa y Tapia anunciarn la realizacin del Mundial sub20 \"><figcaption> Massa y Tapia anunciar\u00e1n la realizaci\u00f3n del Mundial sub20. <\/figcaption><\/figure>\n<p>El ministro de Econom\u00eda, Sergio Massa, y el presidente de la AFA, Claudio \u00abChiqui\u00bb Tapia, anunciar\u00e1n este lunes que la Argentina ser\u00e1 la sede del pr\u00f3ximo campeonato Mundial Sub-20, que <strong>se realizar\u00e1 desde el pr\u00f3ximo 20 de mayo al 11 de junio, informaron fuentes del Palacio de Hacienda.<\/strong><\/p>\n<p>Massa y Tapia encabezar\u00e1n el acto desde las 12 en el Ministerio de Econom\u00eda en compa\u00f1\u00eda de la mesa directiva de la Asociaci\u00f3n del F\u00fatbol Argentino y el ministro de Deportes y Turismo, Mat\u00edas Lammens.<\/p>\n<p><strong>El jefe de la cartera econ\u00f3mica pondr\u00e1 de manifiesto que la Argentina cuenta con el financiamiento necesario para poder realizar el torneo ecum\u00e9nico, luego de que la Federaci\u00f3n Internacional del F\u00fatbol Asociado (FIFA)<\/strong> retirara la candidatura de Indonesia, debido a que ese pa\u00eds no reconoce a Israel como estado soberano y se opuso a la participaci\u00f3n de esa naci\u00f3n en el certamen.<\/p>\n<p>De esta manera, las autoridades econ\u00f3micas pondr\u00e1n en relieve que la Argentina estar\u00e1 en condiciones de realizar el campeonato, para lo cual, la FIFA permitir\u00e1 la participaci\u00f3n del seleccionado sub-20 de la AFA, en calidad de pa\u00eds organizador, a pesar de no haber clasificado.<\/p>\n<p>Tapia estar\u00e1 acompa\u00f1ado por los vicepresidentes de la AFA, Rodolfo D&#8217;Onofrio (River Plate), David Garz\u00f3n (Hurac\u00e1n), Marcelo Achile (Defensores de Belgrano), Guillermo Raed (Mitre de Santiago del Estero) y el secretario general, V\u00edctor Blanco Rodr\u00edguez (Racing Club), entre otros.<\/p>\n<p>En tanto, previo al anuncio de este mediod\u00eda, el Gobierno public\u00f3 este lunes un decreto que autoriza herramientas para la postulaci\u00f3n.<\/p>\n<p>\u00abHabida cuenta de la relevancia del evento en ciernes, se considera apropiado autorizar al Ministerio de Econom\u00eda y al Ministerio de Turismo y Deportes a suscribir los documentos que constituyen las garant\u00edas gubernamentales necesarias en el marco de la postulaci\u00f3n para la celebraci\u00f3n del evento denominado `Copa mundial masculina de f\u00fatbol Sub-20\u00b4 de la FIFA 2023\u00bb, se\u00f1ala en los considerandos el decreto 201\/2003, publicado en el Bolet\u00edn Oficial.<\/p>\n<p><strong>La normativa lleva las firmas del presidente Alberto Fern\u00e1ndez, el jefe de Gabinete, Agust\u00edn Rossi; y los ministros Mat\u00edas Lammens (Turismo y Deportes) y Diego Giuliano (Transporte).<\/strong><\/p>\n","protected":false},"excerpt":{"rendered":"<p>Massa y Tapia anunciar\u00e1n la realizaci\u00f3n del Mundial sub20. El ministro de Econom\u00eda, Sergio Massa, y el presidente de la AFA, Claudio \u00abChiqui\u00bb Tapia, anunciar\u00e1n este lunes que la Argentina ser\u00e1 la sede del pr\u00f3ximo campeonato Mundial Sub-20, que se realizar\u00e1 desde el pr\u00f3ximo 20 de mayo al 11 de junio, informaron fuentes del Palacio [&hellip;]<\/p>\n","protected":false},"author":1,"featured_media":31294,"comment_status":"closed","ping_status":"closed","sticky":false,"template":"","format":"standard","meta":[],"categories":[10],"tags":[],"_links":{"self":[{"href":"http:\/\/nuevacordoba.net\/index.php\/wp-json\/wp\/v2\/posts\/31293"}],"collection":[{"href":"http:\/\/nuevacordoba.net\/index.php\/wp-json\/wp\/v2\/posts"}],"about":[{"href":"http:\/\/nuevacordoba.net\/index.php\/wp-json\/wp\/v2\/types\/post"}],"author":[{"embeddable":true,"href":"http:\/\/nuevacordoba.net\/index.php\/wp-json\/wp\/v2\/users\/1"}],"replies":[{"embeddable":true,"href":"http:\/\/nuevacordoba.net\/index.php\/wp-json\/wp\/v2\/comments?post=31293"}],"version-history":[{"count":0,"href":"http:\/\/nuevacordoba.net\/index.php\/wp-json\/wp\/v2\/posts\/31293\/revisions"}],"wp:featuredmedia":[{"embeddable":true,"href":"http:\/\/nuevacordoba.net\/index.php\/wp-json\/wp\/v2\/media\/31294"}],"wp:attachment":[{"href":"http:\/\/nuevacordoba.net\/index.php\/wp-json\/wp\/v2\/media?parent=31293"}],"wp:term":[{"taxonomy":"category","embeddable":true,"href":"http:\/\/nuevacordoba.net\/index.php\/wp-json\/wp\/v2\/categories?post=31293"},{"taxonomy":"post_tag","embeddable":true,"href":"http:\/\/nuevacordoba.net\/index.php\/wp-json\/wp\/v2\/tags?post=31293"}],"curies":[{"name":"wp","href":"https:\/\/api.w.org\/{rel}","templated":true}]}}