{"id":31305,"date":"2023-04-17T14:36:17","date_gmt":"2023-04-17T14:36:17","guid":{"rendered":"https:\/\/cordoba.gob.ar\/?p=43332"},"modified":"2023-04-17T14:36:17","modified_gmt":"2023-04-17T14:36:17","slug":"se-presenta-la-coleccion-nuestra-memoria-verdad-y-justicia","status":"publish","type":"post","link":"http:\/\/nuevacordoba.net\/index.php\/2023\/04\/17\/se-presenta-la-coleccion-nuestra-memoria-verdad-y-justicia\/","title":{"rendered":"Se presenta la colecci\u00f3n \u201cNuestra Memoria, Verdad y Justicia\u201d"},"content":{"rendered":"<div><img src=\"http:\/\/nuevacordoba.net\/wp-content\/uploads\/2023\/04\/se-presenta-la-coleccion-nuestra-memoria-verdad-y-justicia.jpg\" class=\"ff-og-image-inserted\"><\/div>\n<ul>\n<li><strong>El lanzamiento se realizar\u00e1 el martes 18, a las 10, en el Cementerio San Vicente.<\/strong><\/li>\n<\/ul>\n<hr>\n<p>En el marco de las actividades de C\u00f3rdoba en camino a los 40 A\u00f1os de Democracia, la Direcci\u00f3n General de Turismo y Promoci\u00f3n, dependiente de la Secretar\u00eda de Gobierno y Gesti\u00f3n General de Gabinete, estrenar\u00e1 una propuesta vinculada con el turismo de la memoria, de la mano de un nuevo ciclo de contenidos especiales.<\/p>\n<p>Titulado \u201cNuestra Memoria, Verdad y Justicia\u201d y desarrollado por la historiadora Florencia \u201cPupina\u201d Plomer, el nuevo ciclo que ya puede escucharse en la cuenta de Spotify de \u201cCiudad de C\u00f3rdoba\u201d, ser\u00e1 un recorrido por espacios de nuestra ciudad que resguardan la memoria de los a\u00f1os m\u00e1s oscuros de la Argentina.<\/p>\n<p>La presentaci\u00f3n se realizar\u00e1 el martes 18 de abril, a las 10, en el Cementerio San Vicente (Soto 700), donde se encuentra el Memorial de los Desaparecidos. En el evento se presentar\u00e1 Sole Ceballos Tr\u00edo, que se encargar\u00e1 de interpretar en vivo algunas de las canciones prohibidas durante la \u00faltima dictadura militar.<\/p>\n<p>La Casa de la Memoria \u201cImprenta del Pueblo Roberto Matthews\u201d; la ex c\u00e1rcel de El Buen Pastor; la Plaza de la Intendencia con su monumento a los h\u00e9roes de Malvinas; el Archivo Provincial de la Memoria, en el pasaje Santa Catalina; el Paseo de las Artes; el Paseo del Estudiante Secundario, Patio de la Memoria y colegio Manuel Belgrano, en barrio Alberdi; Ciudad Universitaria y su Plaza de la Memoria; el Memorial de los Desaparecidos en el cementerio San Vicente; y los \u00e1rboles de la vida, que recuerdan lugares donde fueron secuestradas personas; son algunos de los lugares que no s\u00f3lo mantienen viva la memoria de los cordobeses, sino tambi\u00e9n el reclamo por verdad y por justicia.<\/p>\n<p>A trav\u00e9s de un desarrollo por acontecimientos hist\u00f3ricos, en algunos casos poco conocidos, Pupina Plomer pone de relevancia aquellos momentos y personas que tuvieron un rol determinante en esos a\u00f1os.<br \/>Este nuevo ciclo de contenidos especiales que promueven el patrimonio tangible e intangible de la ciudad, entre los que se encuentran el turismo religioso de La Noche de los Templos, los Bares y caf\u00e9s notables, los Bodegones de C\u00f3rdoba y C\u00f3rdoba By Night, entre otros.<\/p>\n<p>En la p\u00e1gina web turismo.cordoba.gob.ar est\u00e1n disponibles los contenidos en videos, podcast, textos y fotograf\u00edas especiales de Nuestra Memoria, Verdad y Justicia, al igual que el resto de las colecciones.<\/p>\n","protected":false},"excerpt":{"rendered":"<p>El lanzamiento se realizar\u00e1 el martes 18, a las 10, en el Cementerio San Vicente. En el marco de las actividades de C\u00f3rdoba en camino a los 40 A\u00f1os de Democracia, la Direcci\u00f3n General de Turismo y Promoci\u00f3n, dependiente de la Secretar\u00eda de Gobierno y Gesti\u00f3n General de Gabinete, estrenar\u00e1 una propuesta vinculada con el [&hellip;]<\/p>\n","protected":false},"author":1,"featured_media":31306,"comment_status":"closed","ping_status":"closed","sticky":false,"template":"","format":"standard","meta":[],"categories":[14,11],"tags":[],"_links":{"self":[{"href":"http:\/\/nuevacordoba.net\/index.php\/wp-json\/wp\/v2\/posts\/31305"}],"collection":[{"href":"http:\/\/nuevacordoba.net\/index.php\/wp-json\/wp\/v2\/posts"}],"about":[{"href":"http:\/\/nuevacordoba.net\/index.php\/wp-json\/wp\/v2\/types\/post"}],"author":[{"embeddable":true,"href":"http:\/\/nuevacordoba.net\/index.php\/wp-json\/wp\/v2\/users\/1"}],"replies":[{"embeddable":true,"href":"http:\/\/nuevacordoba.net\/index.php\/wp-json\/wp\/v2\/comments?post=31305"}],"version-history":[{"count":0,"href":"http:\/\/nuevacordoba.net\/index.php\/wp-json\/wp\/v2\/posts\/31305\/revisions"}],"wp:featuredmedia":[{"embeddable":true,"href":"http:\/\/nuevacordoba.net\/index.php\/wp-json\/wp\/v2\/media\/31306"}],"wp:attachment":[{"href":"http:\/\/nuevacordoba.net\/index.php\/wp-json\/wp\/v2\/media?parent=31305"}],"wp:term":[{"taxonomy":"category","embeddable":true,"href":"http:\/\/nuevacordoba.net\/index.php\/wp-json\/wp\/v2\/categories?post=31305"},{"taxonomy":"post_tag","embeddable":true,"href":"http:\/\/nuevacordoba.net\/index.php\/wp-json\/wp\/v2\/tags?post=31305"}],"curies":[{"name":"wp","href":"https:\/\/api.w.org\/{rel}","templated":true}]}}