{"id":3131,"date":"2021-04-12T22:41:20","date_gmt":"2021-04-12T22:41:20","guid":{"rendered":"http:\/\/nuevacordoba.net\/index.php\/2021\/04\/12\/con-un-crecimiento-exponencial-de-casos-la-oms-advierte-sobre-un-momento-critico\/"},"modified":"2021-04-12T22:41:20","modified_gmt":"2021-04-12T22:41:20","slug":"con-un-crecimiento-exponencial-de-casos-la-oms-advierte-sobre-un-momento-critico","status":"publish","type":"post","link":"http:\/\/nuevacordoba.net\/index.php\/2021\/04\/12\/con-un-crecimiento-exponencial-de-casos-la-oms-advierte-sobre-un-momento-critico\/","title":{"rendered":"Con un crecimiento exponencial de casos, la OMS advierte sobre un \u00abmomento cr\u00edtico\u00bb"},"content":{"rendered":"<div class=\"image\" id=\"image\" readability=\"12\"> <img src=\"http:\/\/nuevacordoba.net\/wp-content\/uploads\/2021\/04\/con-un-crecimiento-exponencial-de-casos-la-oms-advierte-sobre-un-momento-critico.jpg\" alt=\"Para Tedros Ghebreyesus, la pandemia est\u00e1 &quot;lejos de haber terminado&quot;, pero hay razones para ser optimistas, como la disminuci\u00f3n del n\u00famero de casos y de muertes durante los dos primeros meses del a\u00f1o.\" title=\"Para Tedros Ghebreyesus, la pandemia est\u00e1 &quot;lejos de haber terminado&quot;, pero hay razones para ser optimistas, como la disminuci\u00f3n del n\u00famero de casos y de muertes durante los dos primeros meses del a\u00f1o.\"><\/p>\n<p>Para Tedros Ghebreyesus, la pandemia est\u00e1 \u00ablejos de haber terminado\u00bb, pero hay razones para ser optimistas, como la disminuci\u00f3n del n\u00famero de casos y de muertes durante los dos primeros meses del a\u00f1o.<\/p>\n<\/div>\n<p>La Organizaci\u00f3n Mundial de la Salud (OMS) <strong>alert\u00f3 hoy que la pandemia de coronavirus est\u00e1 en un \u00abpunto cr\u00edtico\u00bb<\/strong> por el aumento exponencial de los casos, con una situaci\u00f3n cada vez m\u00e1s alarmante en Sudam\u00e9rica, un avance de la enfermedad en Asia y escasez internacional de vacunas.<\/p>\n<p>A nivel global, en las \u00faltimas 24 horas se report\u00f3 un nuevo incremento en las cifras diarias de casos de Covid-19 con 664.505 contagios y 12.407 decesos en las \u00faltimas 24 horas, que totalizaron m\u00e1s de 135 millones y de 2,94 millones, respectivamente, de acuerdo con la base de datos de la Universidad Johns Hopkins.<\/p>\n<p><strong>En Sudam\u00e9rica<\/strong>, la situaci\u00f3n de Chile se agrav\u00f3 pese a las restricciones m\u00e1ximas en vigor y su avanzada campa\u00f1a de vacunaci\u00f3n contra la Covid-19.<\/p>\n<p>El Gobierno anunci\u00f3 hoy que la ocupaci\u00f3n de camas de terapia intensiva alcanz\u00f3 el 97% nacional y solo quedaban disponibles 135, una cifra que coincide con una curva de contagios y muertos a\u00fan en ascenso.<\/p>\n<p><strong>Adem\u00e1s, Brasil<\/strong> registr\u00f3 algo m\u00e1s de 497.000 casos en los \u00faltimos siete d\u00edas, con una tendencia al alza del 10% respecto a la semana anterior.<\/p>\n<p>Con un mundo impotente para revertir la tendencia alcista que presentan los casos y muertes por coronavirus, la responsable t\u00e9cnica de la OMS en la lucha contra el virus, la estadounidense Maria Van Kerkhove, alert\u00f3: \u00abEstamos en un punto cr\u00edtico. La trayectoria de la pandemia est\u00e1 en plena expansi\u00f3n, crece de forma exponencial\u00bb.<\/p>\n<p><strong>Van Kerkhove rese\u00f1\u00f3 que la semana pasada el n\u00famero de casos creci\u00f3 un 9% en el mundo, mientras las muertes aumentaron un 5%.<\/strong><\/p>\n<p>Al lado de la funcionaria, el titular de la OMS, Tedros Adhanom Ghebreyesus, advirti\u00f3 que se alcanz\u00f3 \u00abla s\u00e9ptima semana consecutiva de aumento de los casos, y la cuarta semana consecutiva de aumento de las muertes\u00bb, seg\u00fan la agencia de noticias AFP.<\/p>\n<p>Tambi\u00e9n destac\u00f3 que hasta el momento se aplicaron \u00abm\u00e1s de 780 millones de dosis de vacunas en todo el mundo\u00bb.<\/p>\n<p><strong>Varios pa\u00edses de Asia y del Medio Oriente<\/strong> registraron un fuerte aumento de contagios de coronavirus.<\/p>\n<p>India, por ejemplo, notific\u00f3 hoy una nueva cifra m\u00e1xima, con m\u00e1s de 168.000 casos en las \u00faltimas 24 horas, y super\u00f3 a Brasil como segundo pa\u00eds con mayor n\u00famero de infecciones.<\/p>\n<p>El pa\u00eds de 1.300 millones de habitantes y el principal productor mundial de vacunas contra el coronavirus registr\u00f3 adem\u00e1s su mayor cifra de muertes por el virus desde octubre pasado, con 904 en las \u00faltimas 24 horas, inform\u00f3 el Ministerio de Salud.<\/p>\n<p>India registr\u00f3 m\u00e1s de 873.000 casos en los \u00faltimos siete d\u00edas, un aumento del 70% respecto a la semana anterior.<\/p>\n<p><strong>Por su parte, la capital de Jap\u00f3n, Tokio<\/strong>, adopt\u00f3 hoy medidas m\u00e1s estrictas contra la Covid-19, mientras las autoridades nacionales luchaban por frenar la propagaci\u00f3n de una variante m\u00e1s contagiosa antes de los Juegos Ol\u00edmpicos y con menos del 1% de las personas vacunadas.<\/p>\n<p><strong>La gobernadora de Tokio, Yuriko Koike<\/strong>, podr\u00e1 imponer horarios de apertura m\u00e1s cortos para bares y restaurantes, castigar a los infractores y compensar a quienes cumplan, entre otras medidas que se mantendr\u00e1n hasta el 11 de mayo, seg\u00fan la agencia Kyodo.<\/p>\n<p><strong>Autoridades de Bangladesh<\/strong> ordenaron a trav\u00e9s de un comunicado el cierre a partir del mi\u00e9rcoles y durante ocho d\u00edas de todas las oficinas p\u00fablicas y privadas y del transporte internacional y dom\u00e9stico del pa\u00eds de 160 millones de habitantes, despu\u00e9s de que los contagios alcanzaran un nuevo m\u00e1ximo en el pa\u00eds del sur de Asia.<\/p>\n<p>A contramano del rumbo del mundo y a pesar del aumento continuo de casos y muertes por coronavirus, <strong>Filipinas redujo un toque de queda nocturno en la ciudad capital de Manila <\/strong>y cuatro provincias cercanas, aunque puso bajo confinamiento diurno a la mayor\u00eda de sus 25 millones residentes.<\/p>\n<p>\u00abNuestra estrategia es aumentar nuestra capacidad de camas en lugar de cerrar la econom\u00eda\u00bb, explic\u00f3 el portavoz presidencial Harry Roque, citado por la cadena de noticias CNN, aunque la mayor\u00eda de los residentes, excepto los trabajadores de negocios autorizados y el personal m\u00e9dico y de orden p\u00fablico tendr\u00e1n que permanecer en casa y solo podr\u00e1n salir para recados urgentes.<\/p>\n<p><strong>Las autoridades de los territorios palestinos de la Franja de Gaza<\/strong> informaron hoy 1.764 casos de Covid-19 en un d\u00eda y 17 muertos, su cifra diaria m\u00e1s alta desde el inicio de la pandemia, mientras en Cisjordania se sumaron 998 y nueve, respectivamente, inform\u00f3 hoy la ministra de Salud del Gobierno aut\u00f3nomo palestino en Cisjordania, Mai al-Kaila.<\/p>\n<p>Adem\u00e1s, el lanzamiento de la vacunaci\u00f3n es limitado y el territorio recibi\u00f3 vacunas solo para 40.000 personas, incluido un env\u00edo a trav\u00e9s del programa global Covax.<\/p>\n<p><strong>Tambi\u00e9n en Ir\u00e1n<\/strong>, donde se atraviesa la cuarta ola de contagios, el Ministerio de Salud notific\u00f3 una cifra in\u00e9dita para el pa\u00eds con m\u00e1s de 23.000 casos de coronavirus en la \u00faltima jornada, y 274 muertes.<\/p>\n<p><strong>En tanto en Europa<\/strong>, mientras miles de personas inundaron hoy a las calles de Londres para hacer compras, disfrutar de una cerveza en un pub o ir a la peluquer\u00eda por primera vez en casi cuatro meses, luego de que el Gobierno diera otro paso en su flexibilizaci\u00f3n, Alemania super\u00f3 los tres millones de infecciones en medio de llamados de autoridades a aplicar m\u00e1s restricciones en un pa\u00eds virtualmente confinado desde noviembre pasado. <\/p>\n","protected":false},"excerpt":{"rendered":"<p>Para Tedros Ghebreyesus, la pandemia est\u00e1 \u00ablejos de haber terminado\u00bb, pero hay razones para ser optimistas, como la disminuci\u00f3n del n\u00famero de casos y de muertes durante los dos primeros meses del a\u00f1o. La Organizaci\u00f3n Mundial de la Salud (OMS) alert\u00f3 hoy que la pandemia de coronavirus est\u00e1 en un \u00abpunto cr\u00edtico\u00bb por el aumento [&hellip;]<\/p>\n","protected":false},"author":1,"featured_media":3132,"comment_status":"closed","ping_status":"closed","sticky":false,"template":"","format":"standard","meta":[],"categories":[13],"tags":[],"_links":{"self":[{"href":"http:\/\/nuevacordoba.net\/index.php\/wp-json\/wp\/v2\/posts\/3131"}],"collection":[{"href":"http:\/\/nuevacordoba.net\/index.php\/wp-json\/wp\/v2\/posts"}],"about":[{"href":"http:\/\/nuevacordoba.net\/index.php\/wp-json\/wp\/v2\/types\/post"}],"author":[{"embeddable":true,"href":"http:\/\/nuevacordoba.net\/index.php\/wp-json\/wp\/v2\/users\/1"}],"replies":[{"embeddable":true,"href":"http:\/\/nuevacordoba.net\/index.php\/wp-json\/wp\/v2\/comments?post=3131"}],"version-history":[{"count":0,"href":"http:\/\/nuevacordoba.net\/index.php\/wp-json\/wp\/v2\/posts\/3131\/revisions"}],"wp:featuredmedia":[{"embeddable":true,"href":"http:\/\/nuevacordoba.net\/index.php\/wp-json\/wp\/v2\/media\/3132"}],"wp:attachment":[{"href":"http:\/\/nuevacordoba.net\/index.php\/wp-json\/wp\/v2\/media?parent=3131"}],"wp:term":[{"taxonomy":"category","embeddable":true,"href":"http:\/\/nuevacordoba.net\/index.php\/wp-json\/wp\/v2\/categories?post=3131"},{"taxonomy":"post_tag","embeddable":true,"href":"http:\/\/nuevacordoba.net\/index.php\/wp-json\/wp\/v2\/tags?post=3131"}],"curies":[{"name":"wp","href":"https:\/\/api.w.org\/{rel}","templated":true}]}}