{"id":31342,"date":"2023-04-18T17:07:59","date_gmt":"2023-04-18T17:07:59","guid":{"rendered":"http:\/\/nuevacordoba.net\/index.php\/2023\/04\/18\/mariana-quinteros-trae-desde-estados-unidos-su-tango-de-nuevos-ayres\/"},"modified":"2023-04-18T17:07:59","modified_gmt":"2023-04-18T17:07:59","slug":"mariana-quinteros-trae-desde-estados-unidos-su-tango-de-nuevos-ayres","status":"publish","type":"post","link":"http:\/\/nuevacordoba.net\/index.php\/2023\/04\/18\/mariana-quinteros-trae-desde-estados-unidos-su-tango-de-nuevos-ayres\/","title":{"rendered":"Mariana Quinteros trae desde Estados Unidos su \u00abTango de Nuevos Ayres\u00bb"},"content":{"rendered":"<figure class=\"mb-3\"><img loading=\"lazy\" data-src=\"http:\/\/nuevacordoba.net\/wp-content\/uploads\/2023\/04\/mariana-quinteros-trae-desde-estados-unidos-su-tango-de-nuevos-ayres.jpg\" src=\"https:\/\/www.telam.com.ar\/assets\/img\/not_image.png\" class=\" lazy \" width=\"100%\" height=\"100%\" alt=\"Mariana Quinteros\"><figcaption> Mariana Quinteros. <\/figcaption><\/figure>\n<p>La cantante Mariana Quinteros estrenar\u00e1 en Buenos Aires y Santa Fe el repertorio reunido en \u201cTango de Nuevos Ayres\u201d, un registro que m\u00e1s all\u00e1 de su radicaci\u00f3n desde hace nueve a\u00f1os en Estados Unidos, \u201cprofundiza\u00bb su \u00abintenci\u00f3n\u00bb de que \u00abla m\u00fasica ciudadana, como g\u00e9nero urbano que es, halle un lenguaje que lo acerque a las nuevas generaciones\u201d.<\/p>\n<p>\u201cEl tango, como el jazz, debe adaptarse a los tiempos sin perder su esencia, una puerta que siento que abri\u00f3 Astor Piazzolla y a partir de identificarme con esa propuesta, me dije \u2018la cosa va por ah\u00ed\u2019\u201d, postula Quinteros durante una entrevista con T\u00e9lam.<\/p>\n<p>\u201cTango de Nuevos Ayres\u201d, con direcci\u00f3n musical del pianista Anibal Berraute y las participaciones de Chico Novarro, Gabriel Mores, Daniel Maza y N\u00e9stor Torres, entre otras, incluye piezas tradicionales como \u201cArrabal amargo\u201d, \u201cNada\u201d y \u201cEl d\u00eda que me quieras\u201d y cuatro con m\u00fasica de Piazzolla (\u201cEl gordo triste\u201d y \u201cSer\u00e1 que estoy llorando\u201d, con poes\u00edas de Horacio Ferrer; \u201cSiempre se vuelve a Buenos Aires\u201d con texto de Eladia Bl\u00e1zquez y \u201cEl t\u00edtere\u201d, sobre un escrito de Jorge Luis Borges).<\/p>\n<div class=\"video_repositive\"> <a class=\"video_sticky\" href=\"javascript:void();\" onclick=\"removeStuckVideo(true);\"><i class=\"far fa-window-close\"><\/i><\/a> <\/p>\n<div id=\"QzvyZn03kXs\" class=\"video_telam\">\n<div class=\"feature_article_inner\">\n<p><h2 class=\"text-center\">Mariana Quinteros<\/h2>\n<\/p><\/div>\n<p>VER VIDEO <i class=\"fas fa-play\"><\/i><\/p>\n<\/p><\/div><\/div>\n<p>Adem\u00e1s, Bl\u00e1zquez dice presente con \u201cCandombe de dos orillas\u201d, Chico Novarro aporta \u201cCord\u00f3n\u201d y la dupla Basurto-Szwarcman el m\u00e1s contempor\u00e1neo \u201cMadrigal de ausencia\u201d.<\/p>\n<p>Con ese repertorio, secundada por el piano de Berraute y tambi\u00e9n por Nicol\u00e1s Perrone (bandone\u00f3n), Daniel Falasca (contrabajo), Serdar Geldymuradov (viol\u00edn) y Tony Trapanotto (percusi\u00f3n) y con Leandro \u201cNegro\u201d Fal\u00f3tico como cantante invitado, Quinteros estar\u00e1 ma\u00f1ana en Buenos Aires y el viernes en Ca\u00f1ada de G\u00f3mez.<\/p>\n<p>La presentaci\u00f3n porte\u00f1a ser\u00e1 el mi\u00e9rcoles a las 20 en Bebop Club (Uriarte 1658), mientras que la del viernes a las 21 y con entrada gratuita tendr\u00e1 lugar en el Teatro Verdi (Moreno 277 de Ca\u00f1ada de G\u00f3mez).<\/p>\n<figure class=\"mb-3\"><img loading=\"lazy\" data-src=\"http:\/\/nuevacordoba.net\/wp-content\/uploads\/2023\/04\/mariana-quinteros-trae-desde-estados-unidos-su-tango-de-nuevos-ayres-1.jpg\" src=\"https:\/\/www.telam.com.ar\/assets\/img\/not_image.png\" class=\" lazy \" width=\"100%\" height=\"100%\" alt=\"El espectculo se presentar en Buenos Aires y Santa Fe \"><figcaption> El espect\u00e1culo se presentar\u00e1 en Buenos Aires y Santa Fe. <\/figcaption><\/figure>\n<p><strong>-T\u00e9lam: \u00bfC\u00f3mo es cantar tangos fuera del pa\u00eds?<\/strong><\/p>\n<p>Mariana Quinteros: Es una experiencia apasionante porque en cada presentaci\u00f3n uno se siente embajador de su pa\u00eds. No hay nada mejor que mostrar en otros lugares nuestra cultura, nuestro idioma, nuestra idiosincrasia.<\/p>\n<p><strong>-T: \u00bfEs dif\u00edcil transmitir el peso de una tradici\u00f3n a personas que no se sienten interpeladas por esa historia?<\/strong><\/p>\n<p>-MQ: No, a m\u00ed me pasa a menudo en escenarios de pa\u00edses que no hablan espa\u00f1ol, a la gente les llega la emoci\u00f3n, la intensidad, la pasi\u00f3n que uno ponga en cada interpretaci\u00f3n, porque m\u00e1s all\u00e1 de la profundidad de sus letras el tango lleva impl\u00edcito un sello de fuerza, de nostalgia y de sensualidad que lo hacen trascender en el mundo entero.<\/p>\n<p><strong>-T: Y, al respecto, \u00bfqu\u00e9 significa cantar de nuevo estas m\u00fasicas en escenarios argentinos?<\/strong><\/p>\n<p>-MQ: Volver a subirse a un escenario en mi pa\u00eds es un compromiso muy importante, porque la carga emotiva sumada a la exigencia de un p\u00fablico \u201cque es del palo\u201d hacen que se convierta en un desaf\u00edo y genere nervios, ansiedad y mucha expectativa. <\/p>\n","protected":false},"excerpt":{"rendered":"<p>Mariana Quinteros. La cantante Mariana Quinteros estrenar\u00e1 en Buenos Aires y Santa Fe el repertorio reunido en \u201cTango de Nuevos Ayres\u201d, un registro que m\u00e1s all\u00e1 de su radicaci\u00f3n desde hace nueve a\u00f1os en Estados Unidos, \u201cprofundiza\u00bb su \u00abintenci\u00f3n\u00bb de que \u00abla m\u00fasica ciudadana, como g\u00e9nero urbano que es, halle un lenguaje que lo acerque [&hellip;]<\/p>\n","protected":false},"author":1,"featured_media":31343,"comment_status":"closed","ping_status":"closed","sticky":false,"template":"","format":"standard","meta":[],"categories":[9],"tags":[],"_links":{"self":[{"href":"http:\/\/nuevacordoba.net\/index.php\/wp-json\/wp\/v2\/posts\/31342"}],"collection":[{"href":"http:\/\/nuevacordoba.net\/index.php\/wp-json\/wp\/v2\/posts"}],"about":[{"href":"http:\/\/nuevacordoba.net\/index.php\/wp-json\/wp\/v2\/types\/post"}],"author":[{"embeddable":true,"href":"http:\/\/nuevacordoba.net\/index.php\/wp-json\/wp\/v2\/users\/1"}],"replies":[{"embeddable":true,"href":"http:\/\/nuevacordoba.net\/index.php\/wp-json\/wp\/v2\/comments?post=31342"}],"version-history":[{"count":0,"href":"http:\/\/nuevacordoba.net\/index.php\/wp-json\/wp\/v2\/posts\/31342\/revisions"}],"wp:featuredmedia":[{"embeddable":true,"href":"http:\/\/nuevacordoba.net\/index.php\/wp-json\/wp\/v2\/media\/31343"}],"wp:attachment":[{"href":"http:\/\/nuevacordoba.net\/index.php\/wp-json\/wp\/v2\/media?parent=31342"}],"wp:term":[{"taxonomy":"category","embeddable":true,"href":"http:\/\/nuevacordoba.net\/index.php\/wp-json\/wp\/v2\/categories?post=31342"},{"taxonomy":"post_tag","embeddable":true,"href":"http:\/\/nuevacordoba.net\/index.php\/wp-json\/wp\/v2\/tags?post=31342"}],"curies":[{"name":"wp","href":"https:\/\/api.w.org\/{rel}","templated":true}]}}