{"id":31354,"date":"2023-04-19T10:52:27","date_gmt":"2023-04-19T10:52:27","guid":{"rendered":"http:\/\/nuevacordoba.net\/index.php\/2023\/04\/19\/lavrov-de-visita-en-venezuela-pide-unir-fuerzas-contra-el-chantaje\/"},"modified":"2023-04-19T10:52:27","modified_gmt":"2023-04-19T10:52:27","slug":"lavrov-de-visita-en-venezuela-pide-unir-fuerzas-contra-el-chantaje","status":"publish","type":"post","link":"http:\/\/nuevacordoba.net\/index.php\/2023\/04\/19\/lavrov-de-visita-en-venezuela-pide-unir-fuerzas-contra-el-chantaje\/","title":{"rendered":"Lavrov, de visita en Venezuela, pide \u00abunir fuerzas contra el chantaje\u00bb"},"content":{"rendered":"<figure class=\"mb-3\"><img loading=\"lazy\" data-src=\"http:\/\/nuevacordoba.net\/wp-content\/uploads\/2023\/04\/lavrov-de-visita-en-venezuela-pide-unir-fuerzas-contra-el-chantaje.jpg\" src=\"https:\/\/www.telam.com.ar\/assets\/img\/not_image.png\" class=\" lazy \" width=\"100%\" height=\"100%\" alt=\"Lavrov se encuentra realizando una gira por pases latinoamericanos Foto AFP\"><figcaption> Lavrov se encuentra realizando una gira por pa\u00edses latinoamericanos. Foto: AFP <\/figcaption><\/figure>\n<p>El canciller de Rusia, Sergu\u00e9i Lavrov, inst\u00f3 este mi\u00e9rcoles a \u00abunir fuerzas\u00bb contra el \u00abchantaje\u00bb de las sanciones de Occidente, durante una visita a Caracas, en la que adem\u00e1s ratific\u00f3 con su par local \u201cel derecho de los pueblos a la autodeterminaci\u00f3n\u201d.<\/p>\n<p>\u00abVenezuela, Cuba y Nicaragua son pa\u00edses que eligen su propio camino\u00bb, dijo Lavrov, seg\u00fan la traducci\u00f3n oficial, al cuestionar las sanciones internacionales impuestas a estas naciones por Estados Unidos.<\/p>\n<p><strong>\u00abEs necesario unir fuerzas para contrarrestar los intentos de chantaje y presi\u00f3n unilateral ilegal de Occidente\u00bb<\/strong>, a\u00f1adi\u00f3 el diplom\u00e1tico durante una rueda de prensa junto a su par venezolano Yv\u00e1n Gil.<\/p>\n<p>El paso de Lavrov por Caracas -adonde hab\u00eda estado en febrero de 2020- es la segunda escala en su gira por Am\u00e9rica Latina, que comenz\u00f3 en Brasil, y seguir\u00e1 por Cuba y Nicaragua.<\/p>\n<p>Venezuela es uno de los principales aliados de Rusia en la regi\u00f3n. El presidente Nicol\u00e1s Maduro expres\u00f3 su apoyo a Mosc\u00fa durante la invasi\u00f3n a Ucrania, aunque abog\u00f3 por negociaciones de paz.<\/p>\n<blockquote class=\"twitter-tweet\" readability=\"7.1133144475921\">\n<p lang=\"es\" dir=\"ltr\">\ud83d\udce2 <a href=\"https:\/\/twitter.com\/hashtag\/Ent%C3%A9rate?src=hash&amp;ref_src=twsrc%5Etfw\">#Ent\u00e9rate<\/a> | La llegada del Canciller de Rusia, Sergu\u00e9i Lavrov, a Venezuela \ud83c\uddfb\ud83c\uddea se inscribe en la gira latinoamericana que comenz\u00f3 este lunes <a href=\"https:\/\/twitter.com\/hashtag\/17Abr?src=hash&amp;ref_src=twsrc%5Etfw\">#17Abr<\/a> por Brasil \ud83c\udde7\ud83c\uddf7 y que tambi\u00e9n incluye a Nicaragua \ud83c\uddf3\ud83c\uddee y Cuba \ud83c\udde8\ud83c\uddfa.<a href=\"https:\/\/twitter.com\/hashtag\/Revoluci%C3%B3n%C3%89tica?src=hash&amp;ref_src=twsrc%5Etfw\">#Revoluci\u00f3n\u00c9tica<\/a> <a href=\"https:\/\/t.co\/iDkAFWHXBf\">pic.twitter.com\/iDkAFWHXBf<\/a><\/p>\n<p>\u2014 Canciller\u00eda Venezuela \ud83c\uddfb\ud83c\uddea (@CancilleriaVE) <a href=\"https:\/\/twitter.com\/CancilleriaVE\/status\/1648488911130480640?ref_src=twsrc%5Etfw\">April 19, 2023<\/a><\/p><\/blockquote>\n<p><strong>\u00abDiscutimos los acontecimientos de Ucrania\u00bb, se\u00f1al\u00f3 Lavrov<\/strong> tras el encuentro entre cancilleres y antes de verse con Maduro.<\/p>\n<p><strong>\u00abVamos a resolver la situaci\u00f3n en Ucrania y otros conflictos en el mundo a trav\u00e9s de los principios de la Carta de la ONU sobre la equidad soberana de los Estados, sobre el principio de la indivisibilidad de la seguridad\u00bb<\/strong>, expres\u00f3.<\/p>\n<p>El canciller consider\u00f3 que debe trabajarse para que \u201cla carta de la ONU se aplique en su totalidad, que el derecho a la autodeterminaci\u00f3n no se elimine cuando convenga a Occidente\u00bb.<\/p>\n<p>El anfitri\u00f3n Gil, en tanto, escribi\u00f3 en su cuenta de la red Twitter que<strong> Rusia y Venezuela seguir\u00e1n \u201cinsistiendo en defender el derecho de todos los pa\u00edses a su autodeterminaci\u00f3n y soberan\u00eda sin ning\u00fan tipo de injerencias externas, como son las ilegales medidas coercitivas unilaterales aplicadas por Occidente, y por un mundo multipolar\u201d.<\/strong><\/p>\n<p>Y la Canciller\u00eda rusa, en su cuenta oficial, escribi\u00f3: \u201cRusia y Venezuela pasaron por muchas pruebas debido a la inaceptable pol\u00edtica colonial de EEUU, que busca frustrar el desarrollo de nuestros pa\u00edses e impedir la formaci\u00f3n de un orden mundial multipolar\u201d. <\/p>\n","protected":false},"excerpt":{"rendered":"<p>Lavrov se encuentra realizando una gira por pa\u00edses latinoamericanos. Foto: AFP El canciller de Rusia, Sergu\u00e9i Lavrov, inst\u00f3 este mi\u00e9rcoles a \u00abunir fuerzas\u00bb contra el \u00abchantaje\u00bb de las sanciones de Occidente, durante una visita a Caracas, en la que adem\u00e1s ratific\u00f3 con su par local \u201cel derecho de los pueblos a la autodeterminaci\u00f3n\u201d. \u00abVenezuela, Cuba [&hellip;]<\/p>\n","protected":false},"author":1,"featured_media":31355,"comment_status":"closed","ping_status":"closed","sticky":false,"template":"","format":"standard","meta":[],"categories":[13],"tags":[],"_links":{"self":[{"href":"http:\/\/nuevacordoba.net\/index.php\/wp-json\/wp\/v2\/posts\/31354"}],"collection":[{"href":"http:\/\/nuevacordoba.net\/index.php\/wp-json\/wp\/v2\/posts"}],"about":[{"href":"http:\/\/nuevacordoba.net\/index.php\/wp-json\/wp\/v2\/types\/post"}],"author":[{"embeddable":true,"href":"http:\/\/nuevacordoba.net\/index.php\/wp-json\/wp\/v2\/users\/1"}],"replies":[{"embeddable":true,"href":"http:\/\/nuevacordoba.net\/index.php\/wp-json\/wp\/v2\/comments?post=31354"}],"version-history":[{"count":0,"href":"http:\/\/nuevacordoba.net\/index.php\/wp-json\/wp\/v2\/posts\/31354\/revisions"}],"wp:featuredmedia":[{"embeddable":true,"href":"http:\/\/nuevacordoba.net\/index.php\/wp-json\/wp\/v2\/media\/31355"}],"wp:attachment":[{"href":"http:\/\/nuevacordoba.net\/index.php\/wp-json\/wp\/v2\/media?parent=31354"}],"wp:term":[{"taxonomy":"category","embeddable":true,"href":"http:\/\/nuevacordoba.net\/index.php\/wp-json\/wp\/v2\/categories?post=31354"},{"taxonomy":"post_tag","embeddable":true,"href":"http:\/\/nuevacordoba.net\/index.php\/wp-json\/wp\/v2\/tags?post=31354"}],"curies":[{"name":"wp","href":"https:\/\/api.w.org\/{rel}","templated":true}]}}