{"id":31362,"date":"2023-04-19T12:55:29","date_gmt":"2023-04-19T12:55:29","guid":{"rendered":"https:\/\/www.espinof.com\/reality\/supervivientes-2023-evacuo-urgencia-a-yaiza-salvo-a-dos-concursantes-nominacion"},"modified":"2023-04-19T12:55:29","modified_gmt":"2023-04-19T12:55:29","slug":"supervivientes-2023-evacuo-de-urgencia-a-yaiza-y-salvo-a-dos-concursantes-de-la-nominacion","status":"publish","type":"post","link":"http:\/\/nuevacordoba.net\/index.php\/2023\/04\/19\/supervivientes-2023-evacuo-de-urgencia-a-yaiza-y-salvo-a-dos-concursantes-de-la-nominacion\/","title":{"rendered":"&#8216;Supervivientes 2023&#8217; evacu\u00f3 de urgencia a Yaiza y salv\u00f3 a dos concursantes de la nominaci\u00f3n"},"content":{"rendered":"<p>Nueva gala de &#8216;Supervivientes: Tierra de nadie&#8217; y nueva ceremonia de salvaci\u00f3n. <strong>Adara y Asraf<\/strong> fueron los dos afortunados que <strong>consiguieron librarse de la nominaci\u00f3n<\/strong>, en la misma noche en la que <strong>Yaiza tuvo que ser atendida de urgencia<\/strong> por el servicio m\u00e9dico.<\/p>\n<p><!-- BREAK 1 --><\/p>\n<h2>Dos concursantes salvados<\/h2>\n<p><a href=\"https:\/\/www.espinof.com\/tag\/supervivientes\">&#8216;Supervivientes&#8217;<\/a> dio pie a la ceremonia de salvaci\u00f3n con <em>overbooking <\/em>de nominados: Adara, Manuel Cort\u00e9s, Arelys, Yaiza, Asraf y Raquel Arias se enfrentaron anoche por seguir concursando en el reality.<\/p>\n<p><!-- BREAK 2 --> <\/p>\n<div class=\"article-asset article-asset-normal article-asset-center\">\n<div class=\"desvio-container\">\n<div class=\"desvio\">\n<div class=\"desvio-figure js-desvio-figure\"> <a href=\"https:\/\/www.espinof.com\/fecha-de-estreno\/conquistador-caribe-rtve-concursantes-presentador-fecha-estreno-trailer\"> <img alt=\"'El conquistador del Caribe': todo lo que sabemos sobre la versi\u00f3n para RTVE del reality vasco de supervivencia extrema\" src=\"http:\/\/nuevacordoba.net\/wp-content\/uploads\/2023\/04\/supervivientes-2023-evacuo-de-urgencia-a-yaiza-y-salvo-a-dos-concursantes-de-la-nominacion.jpg\"> <\/a> <\/div><\/div><\/div>\n<\/div>\n<p>Laura Madrue\u00f1o anunci\u00f3 primero los nombres de Yaiza y Arelys, que no se libraron de la nominaci\u00f3n pero al menos se pudieron ahorrar el subirse a la barca. Una vez all\u00ed, todos fueron cayendo al agua hasta llegar a <strong>Adara y Asraf<\/strong>, que fueron los <strong>elegidos por la audiencia para salvarse<\/strong> esta semana.<\/p>\n<p><!-- BREAK 3 --><\/p>\n<p>\u00abNo me quiero poner intensa, pero es que no lo puedo evitar. Gracias, gracias, gracias. <strong>Esto es una experiencia dur\u00edsima pero eso es lo que la hace incre\u00edblemente bonita<\/strong>. Os llevo aqu\u00ed, en mi coraz\u00f3n. \u00a1Gracias!\u00bb lo celebr\u00f3 Adara, despu\u00e9s de abrazar euf\u00f3rica a Asraf. \u00abEstoy flipando, muchas gracias a todo el mundo\u00bb <a href=\"https:\/\/www.telecinco.es\/supervivientes\/20230418\/asraf-emocionado-audiencia-adara-flipando_18_09295464.html\">a\u00f1adi\u00f3<\/a> su compa\u00f1ero.<\/p>\n<p><!-- BREAK 4 --><\/p>\n<h2>Yaiza, evacuada<\/h2>\n<div class=\"article-asset-image article-asset-normal article-asset-center\">\n<div class=\"asset-content\">\n<div class=\"base-wrapper-image\"> <img class=\"sf-lazy centro_sinmarco\" src=\"http:\/\/nuevacordoba.net\/wp-content\/uploads\/2023\/04\/supervivientes-2023-evacuo-de-urgencia-a-yaiza-y-salvo-a-dos-concursantes-de-la-nominacion.gif\" data-sf-srcset=\"http:\/\/nuevacordoba.net\/wp-content\/uploads\/2023\/04\/supervivientes-2023-evacuo-de-urgencia-a-yaiza-y-salvo-a-dos-concursantes-de-la-nominacion-1.jpg 450w, http:\/\/nuevacordoba.net\/wp-content\/uploads\/2023\/04\/supervivientes-2023-evacuo-de-urgencia-a-yaiza-y-salvo-a-dos-concursantes-de-la-nominacion-3.jpg 681w,http:\/\/nuevacordoba.net\/wp-content\/uploads\/2023\/04\/supervivientes-2023-evacuo-de-urgencia-a-yaiza-y-salvo-a-dos-concursantes-de-la-nominacion-4.jpg 1024w, http:\/\/nuevacordoba.net\/wp-content\/uploads\/2023\/04\/supervivientes-2023-evacuo-de-urgencia-a-yaiza-y-salvo-a-dos-concursantes-de-la-nominacion-5.jpg 1366w,\" data-sf-src=\"http:\/\/nuevacordoba.net\/wp-content\/uploads\/2023\/04\/supervivientes-2023-evacuo-de-urgencia-a-yaiza-y-salvo-a-dos-concursantes-de-la-nominacion-1.jpg\" alt=\"Supervivientes Yaiza\"> <noscript><img alt=\"Supervivientes Yaiza\" class=\"centro_sinmarco\" src=\"http:\/\/nuevacordoba.net\/wp-content\/uploads\/2023\/04\/supervivientes-2023-evacuo-de-urgencia-a-yaiza-y-salvo-a-dos-concursantes-de-la-nominacion-1.jpg\"><\/noscript> <\/div><\/div>\n<\/div>\n<p>En la misma gala, Yaiza vivi\u00f3 su peor momento en Honduras. La pareja de Gin\u00e9s volv\u00eda de pescar un pez cuando <strong>comenz\u00f3 a sentirse mal:\u00bbSe me est\u00e1n durmiendo las piernas\u00bb<\/strong>. Sus compa\u00f1eros corrieron a socorrerla y ella se qued\u00f3 tumbada en las rocas mientras temblaba. Cuando finalmente se incorpor\u00f3, llegaron los servicios m\u00e9dicos con una barca y la evacuaron.&nbsp;<\/p>\n<p><!-- BREAK 5 --><\/p>\n<p>Pese a que Yaiza volvi\u00f3 a la playa ya recuperada, volvi\u00f3 a sufrir otro mareo m\u00e1s adelante y los sanitarios tuvieron que intervenir una vez m\u00e1s. Actualmente, la concursante se encuentra mejor y, seg\u00fan Carlos Sobera,<strong> \u00abtuvo bajones de tensi\u00f3n\u00bb debidos al hambre y el calor<\/strong>.<\/p>\n<p><!-- BREAK 6 --><\/p>\n<p>En Espinof | <a href=\"https:\/\/www.espinof.com\/divulgacion\/volvemos-20-minutos-publicidad-television-tradicional-se-ha-vuelto-insoportable-streaming-quiere-imitarla\">Volvemos en 20 minutos: la publicidad de la televisi\u00f3n tradicional se ha vuelto insoportable (y el streaming quiere imitarla)<\/a><\/p>\n<p><!-- BREAK 7 --> <\/p>\n","protected":false},"excerpt":{"rendered":"<p>Nueva gala de &#8216;Supervivientes: Tierra de nadie&#8217; y nueva ceremonia de salvaci\u00f3n. Adara y Asraf fueron los dos afortunados que consiguieron librarse de la nominaci\u00f3n, en la misma noche en la que Yaiza tuvo que ser atendida de urgencia por el servicio m\u00e9dico. Dos concursantes salvados &#8216;Supervivientes&#8217; dio pie a la ceremonia de salvaci\u00f3n con [&hellip;]<\/p>\n","protected":false},"author":1,"featured_media":31363,"comment_status":"closed","ping_status":"closed","sticky":false,"template":"","format":"standard","meta":[],"categories":[6],"tags":[],"_links":{"self":[{"href":"http:\/\/nuevacordoba.net\/index.php\/wp-json\/wp\/v2\/posts\/31362"}],"collection":[{"href":"http:\/\/nuevacordoba.net\/index.php\/wp-json\/wp\/v2\/posts"}],"about":[{"href":"http:\/\/nuevacordoba.net\/index.php\/wp-json\/wp\/v2\/types\/post"}],"author":[{"embeddable":true,"href":"http:\/\/nuevacordoba.net\/index.php\/wp-json\/wp\/v2\/users\/1"}],"replies":[{"embeddable":true,"href":"http:\/\/nuevacordoba.net\/index.php\/wp-json\/wp\/v2\/comments?post=31362"}],"version-history":[{"count":0,"href":"http:\/\/nuevacordoba.net\/index.php\/wp-json\/wp\/v2\/posts\/31362\/revisions"}],"wp:featuredmedia":[{"embeddable":true,"href":"http:\/\/nuevacordoba.net\/index.php\/wp-json\/wp\/v2\/media\/31363"}],"wp:attachment":[{"href":"http:\/\/nuevacordoba.net\/index.php\/wp-json\/wp\/v2\/media?parent=31362"}],"wp:term":[{"taxonomy":"category","embeddable":true,"href":"http:\/\/nuevacordoba.net\/index.php\/wp-json\/wp\/v2\/categories?post=31362"},{"taxonomy":"post_tag","embeddable":true,"href":"http:\/\/nuevacordoba.net\/index.php\/wp-json\/wp\/v2\/tags?post=31362"}],"curies":[{"name":"wp","href":"https:\/\/api.w.org\/{rel}","templated":true}]}}