{"id":31368,"date":"2023-04-19T15:17:27","date_gmt":"2023-04-19T15:17:27","guid":{"rendered":"http:\/\/nuevacordoba.net\/index.php\/2023\/04\/19\/se-busca-y-releyendo-mafalda-seleccionadas-para-canneseries-2023\/"},"modified":"2023-04-19T15:17:27","modified_gmt":"2023-04-19T15:17:27","slug":"se-busca-y-releyendo-mafalda-seleccionadas-para-canneseries-2023","status":"publish","type":"post","link":"http:\/\/nuevacordoba.net\/index.php\/2023\/04\/19\/se-busca-y-releyendo-mafalda-seleccionadas-para-canneseries-2023\/","title":{"rendered":"\u00abSe Busca\u00bb y \u00abReleyendo Mafalda\u00bb, seleccionadas para Canneseries 2023"},"content":{"rendered":"<figure class=\"mb-3\"><img loading=\"lazy\" data-src=\"http:\/\/nuevacordoba.net\/wp-content\/uploads\/2023\/04\/se-busca-y-releyendo-mafalda-seleccionadas-para-canneseries-2023.jpg\" src=\"https:\/\/www.telam.com.ar\/assets\/img\/not_image.png\" class=\" lazy \" width=\"100%\" height=\"100%\" alt=\"Foto Prensa\"><figcaption> Foto: Prensa. <\/figcaption><\/figure>\n<p>La miniserie \u00abSe busca\u00bb, centrada en el robo y apropiaci\u00f3n de beb\u00e9s durante la \u00faltima dictadura c\u00edvico-militar, y la tira documental \u00abReleyendo Mafalda\u00bb, de la cineasta Lorena Mu\u00f1oz, sobre el impacto cultural de la ic\u00f3nica historieta creada por Quino, son las dos producciones de sello nacional que fueron elegidas para formar parte de la selecci\u00f3n oficial del festival Canneseries.<\/p>\n<p>El anuncio fue difundido este martes de manera oficial por la organizaci\u00f3n del certamen, cuya <strong>sexta edici\u00f3n tendr\u00e1 lugar entre el 14 y el 19 de abril pr\u00f3ximos<\/strong>, cuando ambos t\u00edtulos tengan sus premieres mundiales antes de su llegada a las pantallas argentinas.<\/p>\n<p>En \u00abSe busca\u00bb, el director Mariano Pozzi -tambi\u00e9n encargado del guion junto a Agust\u00edn Mu\u00f1iz- lleva a la ficci\u00f3n diferentes casos reales vinculados con la b\u00fasqueda por restituir los cerca de 500 ni\u00f1os y ni\u00f1as nacidos en cautiverio que fueron secuestrados durante el ejercicio del terrorismo de Estado, a trav\u00e9s de la perspectiva de quienes reclamaban y a\u00fan reclaman por el derecho a su identidad y por justicia.<\/p>\n<p>Mara Bestelli, Romina Escobar, Rita Terranova, Tom CL, Lola Chiara Carelli Garc\u00eda, Santiago Kuster, Dana Crosa y Elena Petraglia forman parte del elenco de la miniserie producida por UN3, Posta y el Instituto Multimedia Derechos Humanos en Am\u00e9rica Latina y Caribe, que participar\u00e1 en la secci\u00f3n Series cortas junto a otras nueve seleccionadas provenientes de Australia, Canad\u00e1, Noruega, Irlanda, Suecia, B\u00e9lgica, Francia y Espa\u00f1a.<\/p>\n<p>La producci\u00f3n de \u00abSe busca\u00bb se realiz\u00f3 con el apoyo del&nbsp;Fondo de Fomento Concursable para Medios de Comunicaci\u00f3n Audiovisual (FOMECA), del Ente Nacional de Comunicaciones (ENACOM).<\/p>\n<figure class=\"mb-3\"><img loading=\"lazy\" data-src=\"http:\/\/nuevacordoba.net\/wp-content\/uploads\/2023\/04\/se-busca-y-releyendo-mafalda-seleccionadas-para-canneseries-2023-1.jpg\" src=\"https:\/\/www.telam.com.ar\/assets\/img\/not_image.png\" class=\" lazy \" width=\"100%\" height=\"100%\" alt=\"Foto Prensa\"><figcaption> Foto: Prensa. <\/figcaption><\/figure>\n<p>En tanto, entre los t\u00edtulos de la secci\u00f3n Series documentales se encuentra \u00abReleyendo Mafalda\u00bb, tira documental de Lorena Mu\u00f1oz -reconocida por sus filmes \u00abGilda: No me arrepiento de este amor\u00bb (2016) y \u00abEl Potro, lo mejor del amor\u00bb (2018)- que hace foco en el nacimiento y el desarrollo de las cl\u00e1sicas tiras c\u00f3micas del humorista gr\u00e1fico Joaqu\u00edn Salvador Lavado Tej\u00f3n, mejor recordado como Quino, y en la relevancia que adquiri\u00f3 y que todav\u00eda tiene en la cultura.<\/p>\n<p><strong>\u00abReleyendo Mafalda\u00bb, guionada por Juli\u00e1n Trokberg y producida por Disney+ <\/strong>junto a Non Stop, participar\u00e1 en su categor\u00eda junto a la historia de cr\u00edmenes reales \u00abChevaline\u00bb (Francia), el retrato de distintas ilustradoras mujeres alrededor del mundo de \u00abDraw for Change!\u00bb (B\u00e9lgica) y \u00abJuan Carlos: Downfall of the King\u00bb (Alemania), sobre la corrupta trama de sexo, dinero y poder que llev\u00f3 al exrey espa\u00f1ol a abdicar en favor de su hijo en 2014.<\/p>\n<p>\u00abLac-M\u00e9gantic: Ceci n&#8217;est pas un accident\u00bb (Canad\u00e1), sobre las repercusiones que a\u00fan sufren los ciudadanos de una ciudad en la provincia de Quebec por el descarrilamiento de un tren cargado de petr\u00f3leo en 2013, y \u00abMiracle N\u00b0 71\u00bb (B\u00e9lgica), sobre la aceptaci\u00f3n y la b\u00fasqueda de una cura milagrosa frente a la esclerosis m\u00faltiple por parte de la directora Nathalie Basteyns, completan la secci\u00f3n.<\/p>\n<div class=\"video_repositive\"> <a class=\"video_sticky\" href=\"javascript:void();\" onclick=\"removeStuckVideo(true);\"><i class=\"far fa-window-close\"><\/i><\/a> <\/p>\n<div id=\"t1kMwcUP6kI\" class=\"video_telam\">\n<div class=\"feature_article_inner\">\n<p><h2 class=\"text-center\">\u00abReleyendo Mafalda\u00bb<\/h2>\n<\/p><\/div>\n<p>VER VIDEO <i class=\"fas fa-play\"><\/i><\/p>\n<\/p><\/div><\/div>\n","protected":false},"excerpt":{"rendered":"<p>Foto: Prensa. La miniserie \u00abSe busca\u00bb, centrada en el robo y apropiaci\u00f3n de beb\u00e9s durante la \u00faltima dictadura c\u00edvico-militar, y la tira documental \u00abReleyendo Mafalda\u00bb, de la cineasta Lorena Mu\u00f1oz, sobre el impacto cultural de la ic\u00f3nica historieta creada por Quino, son las dos producciones de sello nacional que fueron elegidas para formar parte de [&hellip;]<\/p>\n","protected":false},"author":1,"featured_media":31369,"comment_status":"closed","ping_status":"closed","sticky":false,"template":"","format":"standard","meta":[],"categories":[9],"tags":[],"_links":{"self":[{"href":"http:\/\/nuevacordoba.net\/index.php\/wp-json\/wp\/v2\/posts\/31368"}],"collection":[{"href":"http:\/\/nuevacordoba.net\/index.php\/wp-json\/wp\/v2\/posts"}],"about":[{"href":"http:\/\/nuevacordoba.net\/index.php\/wp-json\/wp\/v2\/types\/post"}],"author":[{"embeddable":true,"href":"http:\/\/nuevacordoba.net\/index.php\/wp-json\/wp\/v2\/users\/1"}],"replies":[{"embeddable":true,"href":"http:\/\/nuevacordoba.net\/index.php\/wp-json\/wp\/v2\/comments?post=31368"}],"version-history":[{"count":0,"href":"http:\/\/nuevacordoba.net\/index.php\/wp-json\/wp\/v2\/posts\/31368\/revisions"}],"wp:featuredmedia":[{"embeddable":true,"href":"http:\/\/nuevacordoba.net\/index.php\/wp-json\/wp\/v2\/media\/31369"}],"wp:attachment":[{"href":"http:\/\/nuevacordoba.net\/index.php\/wp-json\/wp\/v2\/media?parent=31368"}],"wp:term":[{"taxonomy":"category","embeddable":true,"href":"http:\/\/nuevacordoba.net\/index.php\/wp-json\/wp\/v2\/categories?post=31368"},{"taxonomy":"post_tag","embeddable":true,"href":"http:\/\/nuevacordoba.net\/index.php\/wp-json\/wp\/v2\/tags?post=31368"}],"curies":[{"name":"wp","href":"https:\/\/api.w.org\/{rel}","templated":true}]}}