{"id":3139,"date":"2021-04-12T18:16:15","date_gmt":"2021-04-12T18:16:15","guid":{"rendered":"http:\/\/cordobanewsnet.wordpress.com\/?p=5287"},"modified":"2021-04-12T18:16:15","modified_gmt":"2021-04-12T18:16:15","slug":"una-mujer-de-23-anos-murio-luego-de-un-aborto-legal","status":"publish","type":"post","link":"http:\/\/nuevacordoba.net\/index.php\/2021\/04\/12\/una-mujer-de-23-anos-murio-luego-de-un-aborto-legal\/","title":{"rendered":"Una mujer de 23 a\u00f1os muri\u00f3 luego de un Aborto legal"},"content":{"rendered":"<p><!-- \/featured-media --> <\/p>\n<div class=\"post-content clear\" readability=\"56.214876033058\">\n<p>pasado mi\u00e9rcoles 7 de abril,&nbsp;<strong>Mar\u00eda del Valle Gonz\u00e1lez L\u00f3pez<\/strong>, de 23 a\u00f1os, asisti\u00f3 al hospital Arturo Illia de La Paz,&nbsp;<strong>Mendoza<\/strong>, para pedir la interrupci\u00f3n legal de su embarazo.<\/p>\n<p>Los m\u00e9dicos le recetaron una medicaci\u00f3n -aparentemente, misoprostol- y el viernes empez\u00f3 a sentir un malestar. Fue derivada al hospital Perrupato, en la zona este de Mendoza, adonde detectaron una<strong>&nbsp;infecci\u00f3n generalizada en su cuerpo.<\/strong><\/p>\n<p>Horas m\u00e1s tarde se confirm\u00f3 la muerte y ante las sospechas el fiscal Mariano Carabajal secuestr\u00f3 la historia cl\u00ednica y orden\u00f3 una&nbsp;<strong>necropsia&nbsp;<\/strong>para confirmar la causa de la muerte.&nbsp;\u201cAl principio no quer\u00edan entregarnos la historia cl\u00ednica de la paciente pero luego de muchas insistencia, accedieron\u201d, confirm\u00f3 una fuente judicial al portal&nbsp;<em>Mendoza Post.<\/em><\/p>\n<p>Sobre el medicamento que le suministraron, la fuente aclar\u00f3 que&nbsp;<strong>\u201chay que ver si esa pastilla no tiene alguna contraindicaci\u00f3n o si la chica ten\u00eda alguna otra enfermedad de base que sea incompatible con ese medicamento\u201d.<\/strong><\/p>\n<div id=\"jp-post-flair\" class=\"sharedaddy sd-like-enabled sd-sharing-enabled\">\n<div class=\"sharedaddy sd-sharing-enabled\">\n<div class=\"robots-nocontent sd-block sd-social sd-social-icon-text sd-sharing\">\n<h3 class=\"sd-title\">Share this:<\/h3>\n<\/div>\n<\/div>\n<div class=\"sharedaddy sd-block sd-like jetpack-likes-widget-wrapper jetpack-likes-widget-unloaded\" id=\"like-post-wrapper-143108178-5287-6075195142c9d\" data-src=\"\/\/widgets.wp.com\/likes\/index.html?ver=20210317#blog_id=143108178&amp;post_id=5287&amp;origin=cordobanewsnet.wordpress.com&amp;obj_id=143108178-5287-6075195142c9d\" data-name=\"like-post-frame-143108178-5287-6075195142c9d\">\n<h3 class=\"sd-title\">Me gusta esto:<\/h3>\n<p><span class=\"button\"><span>Me gusta<\/span><\/span> <span class=\"loading\">Cargando&#8230;<\/span><\/p>\n<p><span class=\"sd-text-color\"><\/span><\/div>\n<p><h3 class=\"jp-relatedposts-headline\"><em>Relacionado<\/em><\/h3>\n<\/p>\n<\/div><\/div>\n<p><!--\/.post-content--> <\/p>\n<footer class=\"post-meta-container clear\" readability=\"0.4\">\n<div class=\"entry-author author-avatar-show\" readability=\"13.114754098361\">\n<div class=\"author-avatar\"> <img loading=\"lazy\" alt src=\"http:\/\/nuevacordoba.net\/wp-content\/uploads\/2021\/04\/una-mujer-de-23-anos-murio-luego-de-un-aborto-legal.png\" class=\"avatar avatar-90\" height=\"90\" width=\"90\"> <\/div>\n<p><!-- .author-avatar --> <\/p>\n<p><h2 class=\"author-title\">Publicado por <span class=\"author-name\">Redacci\u00f3n<\/span><\/h2>\n<\/p>\n<p><!-- .author-heading --> <\/p>\n<p class=\"author-bio\"> <a class=\"author-link\" href=\"https:\/\/cordobanewsnet.wordpress.com\/author\/prettomatias\/\" rel=\"author\"> Ver todas las entradas de Redacci\u00f3n <\/a> <\/p>\n<p><!-- .author-bio --> <\/div>\n<p><!-- .entry-auhtor --> <\/footer>\n<p> <!-- \/post-meta-container --> <!-- #respond --> <\/p>\n","protected":false},"excerpt":{"rendered":"<p>pasado mi\u00e9rcoles 7 de abril,&nbsp;Mar\u00eda del Valle Gonz\u00e1lez L\u00f3pez, de 23 a\u00f1os, asisti\u00f3 al hospital Arturo Illia de La Paz,&nbsp;Mendoza, para pedir la interrupci\u00f3n legal de su embarazo. Los m\u00e9dicos le recetaron una medicaci\u00f3n -aparentemente, misoprostol- y el viernes empez\u00f3 a sentir un malestar. Fue derivada al hospital Perrupato, en la zona este de Mendoza, [&hellip;]<\/p>\n","protected":false},"author":1,"featured_media":3140,"comment_status":"closed","ping_status":"closed","sticky":false,"template":"","format":"standard","meta":[],"categories":[14],"tags":[],"_links":{"self":[{"href":"http:\/\/nuevacordoba.net\/index.php\/wp-json\/wp\/v2\/posts\/3139"}],"collection":[{"href":"http:\/\/nuevacordoba.net\/index.php\/wp-json\/wp\/v2\/posts"}],"about":[{"href":"http:\/\/nuevacordoba.net\/index.php\/wp-json\/wp\/v2\/types\/post"}],"author":[{"embeddable":true,"href":"http:\/\/nuevacordoba.net\/index.php\/wp-json\/wp\/v2\/users\/1"}],"replies":[{"embeddable":true,"href":"http:\/\/nuevacordoba.net\/index.php\/wp-json\/wp\/v2\/comments?post=3139"}],"version-history":[{"count":0,"href":"http:\/\/nuevacordoba.net\/index.php\/wp-json\/wp\/v2\/posts\/3139\/revisions"}],"wp:featuredmedia":[{"embeddable":true,"href":"http:\/\/nuevacordoba.net\/index.php\/wp-json\/wp\/v2\/media\/3140"}],"wp:attachment":[{"href":"http:\/\/nuevacordoba.net\/index.php\/wp-json\/wp\/v2\/media?parent=3139"}],"wp:term":[{"taxonomy":"category","embeddable":true,"href":"http:\/\/nuevacordoba.net\/index.php\/wp-json\/wp\/v2\/categories?post=3139"},{"taxonomy":"post_tag","embeddable":true,"href":"http:\/\/nuevacordoba.net\/index.php\/wp-json\/wp\/v2\/tags?post=3139"}],"curies":[{"name":"wp","href":"https:\/\/api.w.org\/{rel}","templated":true}]}}