{"id":31406,"date":"2023-04-20T13:26:02","date_gmt":"2023-04-20T13:26:02","guid":{"rendered":"http:\/\/nuevacordoba.net\/index.php\/2023\/04\/20\/reabre-la-sala-ginastera-del-teatro-argentino-con-un-concierto-sinfonico\/"},"modified":"2023-04-20T13:26:02","modified_gmt":"2023-04-20T13:26:02","slug":"reabre-la-sala-ginastera-del-teatro-argentino-con-un-concierto-sinfonico","status":"publish","type":"post","link":"http:\/\/nuevacordoba.net\/index.php\/2023\/04\/20\/reabre-la-sala-ginastera-del-teatro-argentino-con-un-concierto-sinfonico\/","title":{"rendered":"Reabre la Sala Ginastera del Teatro Argentino con un concierto sinf\u00f3nico"},"content":{"rendered":"<figure class=\"mb-3\"><img loading=\"lazy\" data-src=\"http:\/\/nuevacordoba.net\/wp-content\/uploads\/2023\/04\/reabre-la-sala-ginastera-del-teatro-argentino-con-un-concierto-sinfonico.jpg\" src=\"https:\/\/www.telam.com.ar\/assets\/img\/not_image.png\" class=\" lazy \" width=\"100%\" height=\"100%\" alt=\"Reabrir la sala Alberto Ginastera\"><figcaption> Reabrir\u00e1 la sala \u00abAlberto Ginastera\u00bb. <\/figcaption><\/figure>\n<p>El Gobierno bonaerense reabrir\u00e1 la sala \u00abAlberto Ginastera\u00bb del Teatro Argentino de La Plata, <strong>una de las m\u00e1s destacadas del pa\u00eds<\/strong>, tras haber concluido los trabajos de puesta en valor del edificio con una inversi\u00f3n de m\u00e1s de 350 millones de pesos.<\/p>\n<p>La reapertura se llevar\u00e1 a cabo a las 18 con un concierto sinf\u00f3nico coral de la orquesta y el coro estable y cuatro cantantes solistas, que ofrecer\u00e1n la Sinfon\u00eda N\u00b0 9 de Ludwig van Beethoven.<\/p>\n<p>La direcci\u00f3n musical ser\u00e1 de Carlos Vieu, en tanto que Eduviges Picone se encargar\u00e1 de la preparaci\u00f3n del coro y participar\u00e1n adem\u00e1s la soprano Paula Almerares, la mezzosoprano Cecilia D\u00edaz, el tenor Juan Carlos Vassallo y el bar\u00edtono Hern\u00e1n Iturralde.<\/p>\n<blockquote class><p>El Gobierno bonaerense llev\u00f3 a cabo as\u00ed tareas de acondicionamiento termo-mec\u00e1nico por un monto de 195 millones de pesos<\/p><\/blockquote>\n<p><strong>La ceremonia comenzar\u00e1 con el Himno Nacional Argentino<\/strong>, que ser\u00e1 acompa\u00f1ado por la Camerata Acad\u00e9mica, que dirige Bernardo Teruggi, y el Coro de Ni\u00f1os, que conduce M\u00f3nica Dagorret.<\/p>\n<p>La sala Ginastera, con capacidad para 1.780 espectadores y un escenario de 1.365 metros cuadrados, fue cerrada en noviembre de 2017 por el Gobierno de Mar\u00eda Eugenia Vidal para realizar obras de mantenimiento y refacci\u00f3n.<\/p>\n<p>Lo cierto es que esos trabajos, pautados en cuatro etapas, quedaron inconclusos y ello implic\u00f3 una par\u00e1lisis casi total de la actividad del teatro, hecho que denunciaron reiteradas veces sus trabajadores, los miembros de los cuerpos estables y t\u00e9cnicos.<\/p>\n<p>La actual administraci\u00f3n comenz\u00f3 un plan para lograr la funcionalidad integral del complejo art\u00edstico que <strong>presentaba problemas de climatizaci\u00f3n, filtraciones e inundaciones<\/strong>, falta de calefacci\u00f3n, vandalizaci\u00f3n, iluminaci\u00f3n deficiente, camarines inutilizables y desprendimiento de cielorrasos.<\/p>\n<p>El Gobierno bonaerense llev\u00f3 a cabo as\u00ed tareas de acondicionamiento termo-mec\u00e1nico por un monto de 195 millones de pesos y concret\u00f3 trabajos de electricidad y oleohidr\u00e1ulica por 95 millones, que permitieron tener operativos los montacargas y el foso de orquesta.<\/p>\n<blockquote class><p>La reutilizaci\u00f3n de la Ginastera permitir\u00e1 el regreso de una temporada art\u00edstica con un ciclo de conciertos, \u00f3peras, ballets y una amplia programaci\u00f3n<\/p><\/blockquote>\n<p>Adem\u00e1s, <strong>se mejor\u00f3 el sistema de ventilaci\u00f3n y remoci\u00f3n de aire, se acondicion\u00f3 el escenario<\/strong>, se puso en funcionamiento el sistema de telones, se arreglaron los ba\u00f1os para el p\u00fablico y se removieron los escombros de la obra original, lo que mejor\u00f3 la seguridad de los operarios y permiti\u00f3 trabajos subsiguientes.<\/p>\n<p>\u00abOtra de las dimensiones que debi\u00f3 ser abordada fue la referida a la planta estable del teatro. En ese sentido, desde el Instituto Cultural se inici\u00f3 un di\u00e1logo con los representantes gremiales y delegados para atender inquietudes y necesidades\u00bb, se destac\u00f3 en un comunicado.<\/p>\n<p>As\u00ed, se puso de relieve la firma de una recategorizaci\u00f3n extraordinaria (para todos los trabajadores de la Ley N\u00b0 12.268) y el llamado a concursos para cubrir 13 cargos en la Orquesta, 11 en el Ballet Estable y otros 11 para completar el Coro Estable.<\/p>\n<p>La reutilizaci\u00f3n de la Ginastera permitir\u00e1 el regreso de una temporada art\u00edstica con un ciclo de conciertos, \u00f3peras, ballets y una amplia programaci\u00f3n. <\/p>\n","protected":false},"excerpt":{"rendered":"<p>Reabrir\u00e1 la sala \u00abAlberto Ginastera\u00bb. El Gobierno bonaerense reabrir\u00e1 la sala \u00abAlberto Ginastera\u00bb del Teatro Argentino de La Plata, una de las m\u00e1s destacadas del pa\u00eds, tras haber concluido los trabajos de puesta en valor del edificio con una inversi\u00f3n de m\u00e1s de 350 millones de pesos. La reapertura se llevar\u00e1 a cabo a las [&hellip;]<\/p>\n","protected":false},"author":1,"featured_media":31407,"comment_status":"closed","ping_status":"closed","sticky":false,"template":"","format":"standard","meta":[],"categories":[9],"tags":[],"_links":{"self":[{"href":"http:\/\/nuevacordoba.net\/index.php\/wp-json\/wp\/v2\/posts\/31406"}],"collection":[{"href":"http:\/\/nuevacordoba.net\/index.php\/wp-json\/wp\/v2\/posts"}],"about":[{"href":"http:\/\/nuevacordoba.net\/index.php\/wp-json\/wp\/v2\/types\/post"}],"author":[{"embeddable":true,"href":"http:\/\/nuevacordoba.net\/index.php\/wp-json\/wp\/v2\/users\/1"}],"replies":[{"embeddable":true,"href":"http:\/\/nuevacordoba.net\/index.php\/wp-json\/wp\/v2\/comments?post=31406"}],"version-history":[{"count":0,"href":"http:\/\/nuevacordoba.net\/index.php\/wp-json\/wp\/v2\/posts\/31406\/revisions"}],"wp:featuredmedia":[{"embeddable":true,"href":"http:\/\/nuevacordoba.net\/index.php\/wp-json\/wp\/v2\/media\/31407"}],"wp:attachment":[{"href":"http:\/\/nuevacordoba.net\/index.php\/wp-json\/wp\/v2\/media?parent=31406"}],"wp:term":[{"taxonomy":"category","embeddable":true,"href":"http:\/\/nuevacordoba.net\/index.php\/wp-json\/wp\/v2\/categories?post=31406"},{"taxonomy":"post_tag","embeddable":true,"href":"http:\/\/nuevacordoba.net\/index.php\/wp-json\/wp\/v2\/tags?post=31406"}],"curies":[{"name":"wp","href":"https:\/\/api.w.org\/{rel}","templated":true}]}}